{"id":340214,"date":"2025-08-24T07:52:10","date_gmt":"2025-08-24T07:52:10","guid":{"rendered":"https:\/\/www.europesays.com\/fr\/340214\/"},"modified":"2025-08-24T07:52:10","modified_gmt":"2025-08-24T07:52:10","slug":"wheatley-avance-de-maniere-positive-sans-copier-red-bull-racing","status":"publish","type":"post","link":"https:\/\/www.europesays.com\/fr\/340214\/","title":{"rendered":"Wheatley avance de mani\u00e8re positive, sans copier Red Bull Racing"},"content":{"rendered":"<p class=\"mt-5\">Jonathan Wheatley pr\u00e9pare en coulisses avec Mattia Binotto la transformation de Sauber en Audi F1 pour 2026.<\/p>\n<p class=\"mt-5\">Bien entendu, il y a beaucoup de pression sur l\u2019\u00e9quipe suisse pour concevoir la meilleure monoplace possible l\u2019ann\u00e9e prochaine, tout comme il y en aura sur le constructeur allemand pour son premier V6 turbo hybride de la nouvelle g\u00e9n\u00e9ration.<\/p>\n<p class=\"mt-5\">Le directeur de l\u2019\u00e9quipe veut toutefois utiliser cette pression pour en faire quelque chose de positif. Et lorsqu\u2019on lui demande si le niveau de responsabilit\u00e9s est accru avec Audi qui arrive en F1, il r\u00e9pond\u00a0: \u00ab\u00a0je ne pense pas.\u00a0\u00bb<\/p>\n<p class=\"mt-5\">\u00ab\u00a0Je pense qu\u2019il faut prendre les choses avec philosophie. Je me sens tr\u00e8s \u00e0 l\u2019aise dans mon r\u00f4le actuel, c\u2019est une opportunit\u00e9 incroyable. Je suis vraiment enthousiaste \u00e0 propos de ce projet.\u00a0\u00bb<\/p>\n<p class=\"mt-5\">\u00ab\u00a0Le simple fait de parler du projet Audi en Formule 1 me semble \u00eatre la chose la plus incroyable \u00e0 laquelle participer. La pression fait partie du travail \u2013 elle fait partie de mon travail depuis 30 ans. J\u2019en tire quelque chose de positif.\u00a0\u00bb<\/p>\n<p class=\"mt-5\">\u00ab\u00a0Je ne suis pas vraiment d\u2019accord donc, j\u2019arrive \u00e0 transformer cela en \u00e9nergie positive et c\u2019est ce que j\u2019esp\u00e8re faire l\u2019ann\u00e9e prochaine.\u00a0\u00bb<\/p>\n<p class=\"mt-5\">Sa m\u00e9thode pour r\u00e9ussir\u00a0? Ne pas b\u00eatement copier ce qu\u2019il a connu chez Red Bull Racing mais comprendre chaque rouage possible\u00a0!<\/p>\n<p class=\"mt-5\">\u00ab\u00a0Il faut s\u2019immerger dans l\u2019\u00e9quipe, vraiment. Il faut \u00e9couter chacun, essayer de comprendre les raisons des d\u00e9cisions prises, les processus en place, et il est tr\u00e8s rare de simplement transf\u00e9rer une proc\u00e9dure compl\u00e8te d\u2019une \u00e9quipe \u00e0 une autre\u00a0; cela ne fonctionne tout simplement pas.\u00a0\u00bb<\/p>\n<p class=\"mt-5\">\u00ab\u00a0Mais on peut apporter une philosophie, une philosophie culturelle aussi. Il y a des solutions faciles \u00e0 mettre en \u0153uvre, et il y en a d\u00e9j\u00e0 eu.\u00a0\u00bb<\/p>\n<p class=\"mt-5\">\u00ab\u00a0C\u2019est une \u00e9quipe tr\u00e8s jeune et je pense que les gens l\u2019oublient. Beaucoup de gens ici n\u2019ont commenc\u00e9 qu\u2019en janvier ou f\u00e9vrier, alors nous sommes en train de souder l\u2019\u00e9quipe.\u00a0\u00bb<\/p>\n<p class=\"mt-5\">\u00ab\u00a0Nous sommes en route, nous n\u2019en sommes qu\u2019au d\u00e9but et nous devons comprendre que nous partons de z\u00e9ro. Je suis enthousiaste\u00a0: nous progressons, nous prenons de l\u2019\u00e9lan, et bien s\u00fbr, ce m\u00e9tier est avant tout une question d\u2019\u00e9lan.\u00a0\u00bb<\/p>\n","protected":false},"excerpt":{"rendered":"Jonathan Wheatley pr\u00e9pare en coulisses avec Mattia Binotto la transformation de Sauber en Audi F1 pour 2026. Bien&hellip;\n","protected":false},"author":2,"featured_media":340215,"comment_status":"","ping_status":"","sticky":false,"template":"","format":"standard","meta":{"footnotes":""},"categories":[1412],"tags":[1451,1452,1453,1454,1455,1011,27,60],"class_list":{"0":"post-340214","1":"post","2":"type-post","3":"status-publish","4":"format-standard","5":"has-post-thumbnail","7":"category-f1","8":"tag-f1","9":"tag-formula-1","10":"tag-formula1","11":"tag-formule-1","12":"tag-formule1","13":"tag-fr","14":"tag-france","15":"tag-sports"},"share_on_mastodon":{"url":"https:\/\/pubeurope.com\/@fr\/115082660594739640","error":""},"_links":{"self":[{"href":"https:\/\/www.europesays.com\/fr\/wp-json\/wp\/v2\/posts\/340214","targetHints":{"allow":["GET"]}}],"collection":[{"href":"https:\/\/www.europesays.com\/fr\/wp-json\/wp\/v2\/posts"}],"about":[{"href":"https:\/\/www.europesays.com\/fr\/wp-json\/wp\/v2\/types\/post"}],"author":[{"embeddable":true,"href":"https:\/\/www.europesays.com\/fr\/wp-json\/wp\/v2\/users\/2"}],"replies":[{"embeddable":true,"href":"https:\/\/www.europesays.com\/fr\/wp-json\/wp\/v2\/comments?post=340214"}],"version-history":[{"count":0,"href":"https:\/\/www.europesays.com\/fr\/wp-json\/wp\/v2\/posts\/340214\/revisions"}],"wp:featuredmedia":[{"embeddable":true,"href":"https:\/\/www.europesays.com\/fr\/wp-json\/wp\/v2\/media\/340215"}],"wp:attachment":[{"href":"https:\/\/www.europesays.com\/fr\/wp-json\/wp\/v2\/media?parent=340214"}],"wp:term":[{"taxonomy":"category","embeddable":true,"href":"https:\/\/www.europesays.com\/fr\/wp-json\/wp\/v2\/categories?post=340214"},{"taxonomy":"post_tag","embeddable":true,"href":"https:\/\/www.europesays.com\/fr\/wp-json\/wp\/v2\/tags?post=340214"}],"curies":[{"name":"wp","href":"https:\/\/api.w.org\/{rel}","templated":true}]}}