{"id":340218,"date":"2025-08-24T07:54:13","date_gmt":"2025-08-24T07:54:13","guid":{"rendered":"https:\/\/www.europesays.com\/fr\/340218\/"},"modified":"2025-08-24T07:54:13","modified_gmt":"2025-08-24T07:54:13","slug":"mercato-il-fait-son-grand-retour-mauvaise-nouvelle-pour-lom","status":"publish","type":"post","link":"https:\/\/www.europesays.com\/fr\/340218\/","title":{"rendered":"Mercato : Il fait son grand retour, mauvaise nouvelle pour l\u2019OM !"},"content":{"rendered":"<p class=\"heading\">Avant la fin du mercato, l\u2019OM souhaite encore boucler plusieurs transferts. Le club phoc\u00e9en cherche notamment un renfort en attaque et Edon Zhegrova fait partie des pistes marseillaises. Malheureusement, l\u2019ailier kosovar devrait \u00e9chapper \u00e0 Pablo Longoria, car il fait son retour dans le groupe lillois, ce qui est une mauvaise nouvelle en vue d\u2019un potentiel transfert. <\/p>\n<p>S\u2019il y a bien un club qui va r\u00e9aliser une grosse fin de mercato, c\u2019est l\u2019<a href=\"https:\/\/le10sport.com\/football\/mercato\/retour-de-rabiot-a-lom-je-suis-pret-a-tout-lannonce-totalement-inattendue-de-roberto-de-zerbi-755390\" rel=\"nofollow noopener\" target=\"_blank\">OM<\/a>. <strong>Marseille<\/strong> a besoin de nombreux renforts encore, comme l\u2019a affirm\u00e9 <strong>Roberto De Zerbi<\/strong> ce samedi. <strong>Pablo Longoria<\/strong> va \u00e9galement devoir trouver des rempla\u00e7ants \u00e0 <strong>Jonathan Rowe<\/strong> et <strong>Adrien Rabiot<\/strong>, qui ont \u00e9t\u00e9 plac\u00e9s sur la liste des transferts apr\u00e8s leur bagarre survenue dans le vestiaire marseillais apr\u00e8s la d\u00e9faite contre <strong>Rennes<\/strong> (1-0). <\/p>\n<p>                                            L\u2019OM piste Zhegorva\u2026 qui fait son retour dans le groupe lillois <\/p>\n<p>L\u2019<strong>OM<\/strong> cherche des renforts dans tous les secteurs, \u00e0 commencer par l\u2019attaque avec le d\u00e9part de <strong>Jonathan Rowe<\/strong>. Le club phoc\u00e9en regarde notamment du c\u00f4t\u00e9 de la <strong>Ligue 1<\/strong>, car <strong>Edon Zhegrova <\/strong>pla\u00eet beaucoup \u00e0 <strong>Pablo Longoria<\/strong>. Malheureusement, le Kosovar est plut\u00f4t parti pour rester au <strong>LOSC<\/strong>, car il vient d\u2019\u00eatre convoqu\u00e9 dans le groupe lillois, ce qui ne lui \u00e9tait pas arriv\u00e9 depuis un moment. <\/p>\n<p>                                            L\u00e9tang avait \u00e9t\u00e9 clair pour Zhegrova <\/p>\n<p>Une information qui est \u00e0 mettre en corr\u00e9lation avec le discours d\u2019<strong>Olivier L\u00e9tang<\/strong>. Vendredi, face \u00e0 la presse, le pr\u00e9sident lillois s\u2019\u00e9tait montr\u00e9 tr\u00e8s ferme sur le dossier <strong>Edon Zhegrova<\/strong>, affirmant qu\u2019il y avait de grandes chances pour que l\u2019ailier reste au <strong>LOSC<\/strong> cette saison. \u00ab\u00a0Edon reste avec nous cette saison. Il a repris mardi apr\u00e8s-midi. Il a senti une petite douleur, probablement le fait de reprendre avec le groupe. Il s\u2019est de nouveau entra\u00een\u00e9 normalement ce matin. Il est avec nous, il est l\u00e0. Si on le r\u00e9int\u00e8gre, c\u2019est qu\u2019il y a de fortes chances qu\u2019il soit avec nous cette saison. Aujourd\u2019hui, il est un joueur du LOSC. Il est \u00e0 la disposition du coach.\u00a0\u00bb L\u2019<strong>OM<\/strong> va donc devoir revoir ses plans. <\/p>\n","protected":false},"excerpt":{"rendered":"Avant la fin du mercato, l\u2019OM souhaite encore boucler plusieurs transferts. Le club phoc\u00e9en cherche notamment un renfort&hellip;\n","protected":false},"author":2,"featured_media":340219,"comment_status":"","ping_status":"","sticky":false,"template":"","format":"standard","meta":{"footnotes":""},"categories":[1410],"tags":[63,1011,27,60],"class_list":{"0":"post-340218","1":"post","2":"type-post","3":"status-publish","4":"format-standard","5":"has-post-thumbnail","7":"category-football","8":"tag-football","9":"tag-fr","10":"tag-france","11":"tag-sports"},"share_on_mastodon":{"url":"https:\/\/pubeurope.com\/@fr\/115082668479731675","error":""},"_links":{"self":[{"href":"https:\/\/www.europesays.com\/fr\/wp-json\/wp\/v2\/posts\/340218","targetHints":{"allow":["GET"]}}],"collection":[{"href":"https:\/\/www.europesays.com\/fr\/wp-json\/wp\/v2\/posts"}],"about":[{"href":"https:\/\/www.europesays.com\/fr\/wp-json\/wp\/v2\/types\/post"}],"author":[{"embeddable":true,"href":"https:\/\/www.europesays.com\/fr\/wp-json\/wp\/v2\/users\/2"}],"replies":[{"embeddable":true,"href":"https:\/\/www.europesays.com\/fr\/wp-json\/wp\/v2\/comments?post=340218"}],"version-history":[{"count":0,"href":"https:\/\/www.europesays.com\/fr\/wp-json\/wp\/v2\/posts\/340218\/revisions"}],"wp:featuredmedia":[{"embeddable":true,"href":"https:\/\/www.europesays.com\/fr\/wp-json\/wp\/v2\/media\/340219"}],"wp:attachment":[{"href":"https:\/\/www.europesays.com\/fr\/wp-json\/wp\/v2\/media?parent=340218"}],"wp:term":[{"taxonomy":"category","embeddable":true,"href":"https:\/\/www.europesays.com\/fr\/wp-json\/wp\/v2\/categories?post=340218"},{"taxonomy":"post_tag","embeddable":true,"href":"https:\/\/www.europesays.com\/fr\/wp-json\/wp\/v2\/tags?post=340218"}],"curies":[{"name":"wp","href":"https:\/\/api.w.org\/{rel}","templated":true}]}}