{"id":340220,"date":"2025-08-24T07:55:14","date_gmt":"2025-08-24T07:55:14","guid":{"rendered":"https:\/\/www.europesays.com\/fr\/340220\/"},"modified":"2025-08-24T07:55:14","modified_gmt":"2025-08-24T07:55:14","slug":"spicheren-mariage-oceane-et-loic","status":"publish","type":"post","link":"https:\/\/www.europesays.com\/fr\/340220\/","title":{"rendered":"Spicheren | Mariage. Oc\u00e9ane et Loic"},"content":{"rendered":"<p>Samedi 23\u00a0ao\u00fbt \u00e0 15\u00a0h\u00a030, en mairie de Spicheren, Claudine Klein, premi\u00e8re adjointe au maire, a uni par les liens du mariage, Lo\u00efc Delaveau, ing\u00e9nieur en cybers\u00e9curit\u00e9, et Oc\u00e9ane Hoy, responsable en formation professionnelle continue dont les parents demeurent \u00e0 Spicheren. Les \u00e9poux sont domicili\u00e9s \u00e0 Magny-les-Hameaux (Yvelines). Nos sinc\u00e8res f\u00e9licitations.<\/p>\n","protected":false},"excerpt":{"rendered":"Samedi 23\u00a0ao\u00fbt \u00e0 15\u00a0h\u00a030, en mairie de Spicheren, Claudine Klein, premi\u00e8re adjointe au maire, a uni par les&hellip;\n","protected":false},"author":2,"featured_media":340221,"comment_status":"","ping_status":"","sticky":false,"template":"","format":"standard","meta":{"footnotes":""},"categories":[1359],"tags":[47638,9223,58,4141,59,1011,27,1930,973,104,47637],"class_list":{"0":"post-340220","1":"post","2":"type-post","3":"status-publish","4":"format-standard","5":"has-post-thumbnail","7":"category-people","8":"tag-ca-de-forbach-porte-de-france-57a","9":"tag-carnet-du-jour","10":"tag-divertissement","11":"tag-edition-forbach","12":"tag-entertainment","13":"tag-fr","14":"tag-france","15":"tag-mariage","16":"tag-people","17":"tag-societe","18":"tag-spicheren"},"share_on_mastodon":{"url":"https:\/\/pubeurope.com\/@fr\/115082672476717214","error":""},"_links":{"self":[{"href":"https:\/\/www.europesays.com\/fr\/wp-json\/wp\/v2\/posts\/340220","targetHints":{"allow":["GET"]}}],"collection":[{"href":"https:\/\/www.europesays.com\/fr\/wp-json\/wp\/v2\/posts"}],"about":[{"href":"https:\/\/www.europesays.com\/fr\/wp-json\/wp\/v2\/types\/post"}],"author":[{"embeddable":true,"href":"https:\/\/www.europesays.com\/fr\/wp-json\/wp\/v2\/users\/2"}],"replies":[{"embeddable":true,"href":"https:\/\/www.europesays.com\/fr\/wp-json\/wp\/v2\/comments?post=340220"}],"version-history":[{"count":0,"href":"https:\/\/www.europesays.com\/fr\/wp-json\/wp\/v2\/posts\/340220\/revisions"}],"wp:featuredmedia":[{"embeddable":true,"href":"https:\/\/www.europesays.com\/fr\/wp-json\/wp\/v2\/media\/340221"}],"wp:attachment":[{"href":"https:\/\/www.europesays.com\/fr\/wp-json\/wp\/v2\/media?parent=340220"}],"wp:term":[{"taxonomy":"category","embeddable":true,"href":"https:\/\/www.europesays.com\/fr\/wp-json\/wp\/v2\/categories?post=340220"},{"taxonomy":"post_tag","embeddable":true,"href":"https:\/\/www.europesays.com\/fr\/wp-json\/wp\/v2\/tags?post=340220"}],"curies":[{"name":"wp","href":"https:\/\/api.w.org\/{rel}","templated":true}]}}