{"id":340224,"date":"2025-08-24T07:57:26","date_gmt":"2025-08-24T07:57:26","guid":{"rendered":"https:\/\/www.europesays.com\/fr\/340224\/"},"modified":"2025-08-24T07:57:26","modified_gmt":"2025-08-24T07:57:26","slug":"du-nouveau-dans-ma-bibliotheque-28-25","status":"publish","type":"post","link":"https:\/\/www.europesays.com\/fr\/340224\/","title":{"rendered":"Du nouveau dans ma biblioth\u00e8que ( 28\/25)"},"content":{"rendered":"<p><img loading=\"lazy\" decoding=\"async\" class=\"aligncenter size-medium wp-image-234838\" src=\"https:\/\/www.europesays.com\/fr\/wp-content\/uploads\/2025\/08\/Aout--300x240.jpeg\" alt=\"\" width=\"300\" height=\"240\"  \/><\/p>\n<p>Attention, voici le bilan de la semaine qui fait exploser ma Pile \u00c0 Lire. Tant de livres sont parus ces 20, 21 et 22 ao\u00fbt.<\/p>\n<p>Parmi les romans re\u00e7us pour le jury Fnac, j\u2019ai pu lire<\/p>\n<p><a href=\"https:\/\/editions-observatoire.com\/livre\/L%27ALBATROS\/596\" rel=\"nofollow noopener\" target=\"_blank\"><img loading=\"lazy\" decoding=\"async\" class=\"alignnone size-thumbnail wp-image-234557\" src=\"https:\/\/www.europesays.com\/fr\/wp-content\/uploads\/2025\/08\/Enthoven-105x150.jpeg\" alt=\"\" width=\"105\" height=\"150\"  \/><\/a> <a href=\"https:\/\/www.harpercollins.fr\/products\/comme-loranger-amer\" rel=\"nofollow noopener\" target=\"_blank\"><img loading=\"lazy\" decoding=\"async\" class=\"alignnone size-thumbnail wp-image-234556\" src=\"https:\/\/www.europesays.com\/fr\/wp-content\/uploads\/2025\/08\/Palmingeri-102x150.jpeg\" alt=\"\" width=\"102\" height=\"150\"  \/><\/a> <a href=\"https:\/\/www.payot-rivages.fr\/rivages\/livre\/tout-ira-bien-9782743667931\" rel=\"nofollow noopener\" target=\"_blank\"><img loading=\"lazy\" decoding=\"async\" class=\"alignnone size-thumbnail wp-image-234561\" src=\"https:\/\/www.europesays.com\/fr\/wp-content\/uploads\/2025\/08\/Nunez-103x150.jpeg\" alt=\"\" width=\"103\" height=\"150\"  \/><\/a> <a href=\"https:\/\/www.leslibraires.fr\/livre\/24582295-les-bons-voisins-nina-allan-tristram\" rel=\"nofollow noopener\" target=\"_blank\"><img loading=\"lazy\" decoding=\"async\" class=\"alignnone size-thumbnail wp-image-234558\" src=\"https:\/\/www.europesays.com\/fr\/wp-content\/uploads\/2025\/08\/Allan-98x150.jpeg\" alt=\"\" width=\"98\" height=\"150\"  \/><\/a> <a href=\"https:\/\/www.fnac.com\/a21523371\/Celine-Servais-Picord-Les-particules-etaient-dans-l-air\" rel=\"nofollow noopener\" target=\"_blank\"><img loading=\"lazy\" decoding=\"async\" class=\"alignnone size-thumbnail wp-image-234597\" src=\"https:\/\/www.europesays.com\/fr\/wp-content\/uploads\/2025\/08\/Servais-Picord-101x150.jpeg\" alt=\"\" width=\"101\" height=\"150\"  \/><\/a><\/p>\n<p>Au sein du groupe de lecture Cultura, j\u2019ai fait de tr\u00e8s belles d\u00e9couvertes<\/p>\n<p><a href=\"https:\/\/surlaroutedejostein.fr\/2025\/08\/20\/les-elements-john-boyne\/\" rel=\"nofollow noopener\" target=\"_blank\"><img loading=\"lazy\" decoding=\"async\" class=\"alignnone size-thumbnail wp-image-234598\" src=\"https:\/\/www.europesays.com\/fr\/wp-content\/uploads\/2025\/08\/Boyne-93x150.jpeg\" alt=\"\" width=\"93\" height=\"150\"  \/><\/a> <a href=\"https:\/\/www.editions-jclattes.fr\/livre\/les-certitudes-9782709675680\/\" rel=\"nofollow noopener\" target=\"_blank\"><img loading=\"lazy\" decoding=\"async\" class=\"alignnone size-thumbnail wp-image-234559\" src=\"https:\/\/www.europesays.com\/fr\/wp-content\/uploads\/2025\/08\/Semelin-95x150.jpeg\" alt=\"\" width=\"95\" height=\"150\"  \/><\/a> <img loading=\"lazy\" decoding=\"async\" class=\"alignnone size-thumbnail wp-image-234560\" src=\"https:\/\/www.europesays.com\/fr\/wp-content\/uploads\/2025\/08\/De-Recondo-110x150.jpeg\" alt=\"\" width=\"110\" height=\"150\"  \/> <a href=\"https:\/\/www.leslibraires.fr\/livre\/24563870-l-oreille-absolue-agnes-desarthe-editions-de-l-olivier\" rel=\"nofollow noopener\" target=\"_blank\"><img loading=\"lazy\" decoding=\"async\" class=\"alignnone size-thumbnail wp-image-234365\" src=\"https:\/\/www.europesays.com\/fr\/wp-content\/uploads\/2025\/08\/Desarthe-103x150.jpeg\" alt=\"\" width=\"103\" height=\"150\"  \/><\/a> <a href=\"http:\/\/www.editionsdelolivier.fr\/catalogue\/9782823622546-jouer-le-jeu\" rel=\"nofollow noopener\" target=\"_blank\"><img loading=\"lazy\" decoding=\"async\" class=\"alignnone size-thumbnail wp-image-234830\" src=\"https:\/\/www.europesays.com\/fr\/wp-content\/uploads\/2025\/08\/Dans-102x150.jpeg\" alt=\"\" width=\"102\" height=\"150\"  \/><\/a><br \/>et d\u2019autres lectures m\u2019attendent<\/p>\n<p><a href=\"https:\/\/www.editions-stock.fr\/livre\/toutes-les-vies-9782234097711\/\" rel=\"nofollow noopener\" target=\"_blank\"><img loading=\"lazy\" decoding=\"async\" class=\"alignnone size-thumbnail wp-image-234827\" src=\"https:\/\/www.europesays.com\/fr\/wp-content\/uploads\/2025\/08\/Warrior-94x150.jpeg\" alt=\"\" width=\"94\" height=\"150\"  \/><\/a> <a href=\"https:\/\/actes-sud.fr\/catalogue\/litterature-francophone\/zem\" rel=\"nofollow noopener\" target=\"_blank\"><img loading=\"lazy\" decoding=\"async\" class=\"alignnone size-thumbnail wp-image-234829\" src=\"https:\/\/www.europesays.com\/fr\/wp-content\/uploads\/2025\/08\/Gaude-79x150.jpeg\" alt=\"\" width=\"79\" height=\"150\"  \/><\/a><\/p>\n<p>Voici mes choix parmi les sorties du 20 ao\u00fbt<\/p>\n<p><a href=\"https:\/\/www.albin-michel.fr\/les-etoiles-errantes-9782226492050\" rel=\"nofollow noopener\" target=\"_blank\"><img loading=\"lazy\" decoding=\"async\" class=\"alignnone size-thumbnail wp-image-234628\" src=\"https:\/\/www.europesays.com\/fr\/wp-content\/uploads\/2025\/08\/Orange-103x150.jpeg\" alt=\"\" width=\"103\" height=\"150\"  \/><\/a> <a href=\"https:\/\/www.albin-michel.fr\/un-monde-nouveau-9782226488466\" rel=\"nofollow noopener\" target=\"_blank\"><img loading=\"lazy\" decoding=\"async\" class=\"alignnone size-thumbnail wp-image-234629\" src=\"https:\/\/www.europesays.com\/fr\/wp-content\/uploads\/2025\/08\/Row-102x150.jpeg\" alt=\"\" width=\"102\" height=\"150\"  \/><\/a> <a href=\"https:\/\/www.editions-stock.fr\/livre\/les-vulnerables-9782234097056\/\" rel=\"nofollow noopener\" target=\"_blank\"><img loading=\"lazy\" decoding=\"async\" class=\"alignnone size-thumbnail wp-image-234860\" src=\"https:\/\/www.europesays.com\/fr\/wp-content\/uploads\/2025\/08\/Nunez-94x150.jpeg\" alt=\"\" width=\"94\" height=\"150\"  \/><\/a> <a href=\"https:\/\/editions.flammarion.com\/les-fleuves-du-ciel\/9782080459879\" rel=\"nofollow noopener\" target=\"_blank\"><img loading=\"lazy\" decoding=\"async\" class=\"alignnone size-thumbnail wp-image-234360\" src=\"https:\/\/www.europesays.com\/fr\/wp-content\/uploads\/2025\/08\/Shafak-95x150.jpeg\" alt=\"\" width=\"95\" height=\"150\"  \/><\/a><br \/><a href=\"https:\/\/www.denoel.fr\/catalogue\/des-inconnus-a-qui-parler\/9782207182277\" rel=\"nofollow noopener\" target=\"_blank\"><img loading=\"lazy\" decoding=\"async\" class=\"alignnone size-thumbnail wp-image-234631\" src=\"https:\/\/www.europesays.com\/fr\/wp-content\/uploads\/2025\/08\/Bordas-102x150.jpeg\" alt=\"\" width=\"102\" height=\"150\"  \/><\/a>\u00a0 <a href=\"https:\/\/www.denoel.fr\/catalogue\/l-ami-louis\/9782207178058\" rel=\"nofollow noopener\" target=\"_blank\"><img loading=\"lazy\" decoding=\"async\" class=\"alignnone size-thumbnail wp-image-234692\" src=\"https:\/\/www.europesays.com\/fr\/wp-content\/uploads\/2025\/08\/Le-Bihan-102x150.jpeg\" alt=\"\" width=\"102\" height=\"150\"  \/><\/a> <a href=\"https:\/\/editions.flammarion.com\/mettre-au-monde\/9782080435064\" rel=\"nofollow noopener\" target=\"_blank\"><img loading=\"lazy\" decoding=\"async\" class=\"alignnone size-thumbnail wp-image-234376\" src=\"https:\/\/www.europesays.com\/fr\/wp-content\/uploads\/2025\/08\/Korman-98x150.jpeg\" alt=\"\" width=\"98\" height=\"150\"  \/><\/a><\/p>\n<p>Parus le jeudi 21 ao\u00fbt et d\u00e9j\u00e0 dans ma Pile \u00c0 Lire<\/p>\n<p><a href=\"https:\/\/www.gallimard.fr\/catalogue\/haute-folie\/9782073101556\" rel=\"nofollow noopener\" target=\"_blank\"><img loading=\"lazy\" decoding=\"async\" class=\"alignnone size-thumbnail wp-image-234361\" src=\"https:\/\/www.europesays.com\/fr\/wp-content\/uploads\/2025\/08\/Wauters-103x150.jpeg\" alt=\"\" width=\"103\" height=\"150\"  \/><\/a> <a href=\"https:\/\/www.gallimard.fr\/catalogue\/la-nuit-au-coeur\/9782073080028\" rel=\"nofollow noopener\" target=\"_blank\"><img loading=\"lazy\" decoding=\"async\" class=\"alignnone size-thumbnail wp-image-234770\" src=\"https:\/\/www.europesays.com\/fr\/wp-content\/uploads\/2025\/08\/Appanah-102x150.jpeg\" alt=\"\" width=\"102\" height=\"150\"  \/><\/a> <a href=\"https:\/\/unidivers.fr\/lhomme-qui-lisait-livres-rachid-benzine-avis\/\" rel=\"nofollow noopener\" target=\"_blank\"><img loading=\"lazy\" decoding=\"async\" class=\"alignnone size-thumbnail wp-image-234363\" src=\"https:\/\/www.europesays.com\/fr\/wp-content\/uploads\/2025\/08\/Benzine-103x150.jpeg\" alt=\"\" width=\"103\" height=\"150\"  \/><\/a> <a href=\"https:\/\/www.editionsphebus.fr\/catalogue\/le-grand-horizon\/\" rel=\"nofollow noopener\" target=\"_blank\"><img loading=\"lazy\" decoding=\"async\" class=\"alignnone size-thumbnail wp-image-234693\" src=\"https:\/\/www.europesays.com\/fr\/wp-content\/uploads\/2025\/08\/Nicolle-102x150.jpeg\" alt=\"\" width=\"102\" height=\"150\"  \/><\/a><br \/><a href=\"https:\/\/www.lisez.com\/livres\/nous-serons-tempete\/9782714404190\" rel=\"nofollow noopener\" target=\"_blank\"><img loading=\"lazy\" decoding=\"async\" class=\"alignnone size-thumbnail wp-image-234358\" src=\"https:\/\/www.europesays.com\/fr\/wp-content\/uploads\/2025\/08\/Ward-94x150.jpeg\" alt=\"\" width=\"94\" height=\"150\"  \/><\/a> <a href=\"https:\/\/editions-du-sous-sol.com\/publication\/les-forces\/\" rel=\"nofollow noopener\" target=\"_blank\"><img loading=\"lazy\" decoding=\"async\" class=\"alignnone size-thumbnail wp-image-234768\" src=\"https:\/\/www.europesays.com\/fr\/wp-content\/uploads\/2025\/08\/Vasquez-101x150.jpeg\" alt=\"\" width=\"101\" height=\"150\"  \/><\/a><\/p>\n<p>Et \u00e7a continue en litt\u00e9rature \u00e9trang\u00e8re avec les sorties du vendredi 22 ao\u00fbt<\/p>\n<p><a href=\"https:\/\/www.seuil.com\/ouvrage\/a-la-table-des-loups-adam-rapp\/9782021574524\" rel=\"nofollow noopener\" target=\"_blank\"><img loading=\"lazy\" decoding=\"async\" class=\"alignnone size-thumbnail wp-image-234370\" src=\"https:\/\/www.europesays.com\/fr\/wp-content\/uploads\/2025\/08\/Rapp-99x150.jpeg\" alt=\"\" width=\"99\" height=\"150\"  \/><\/a> <a href=\"https:\/\/www.seuil.com\/ouvrage\/je-ne-te-verrai-pas-mourir-antonio-munoz-molina\/9782021583106\" rel=\"nofollow noopener\" target=\"_blank\"><img loading=\"lazy\" decoding=\"async\" class=\"alignnone size-thumbnail wp-image-234369\" src=\"https:\/\/www.europesays.com\/fr\/wp-content\/uploads\/2025\/08\/Munoz-Molina-103x150.jpeg\" alt=\"\" width=\"103\" height=\"150\"  \/><\/a> <a href=\"https:\/\/www.quebec-amerique.com\/collections\/adulte\/litterature\/litterature-amerique\/memoires-de-mayron-schwartz-10743\" rel=\"nofollow noopener\" target=\"_blank\"><img loading=\"lazy\" decoding=\"async\" class=\"alignnone size-thumbnail wp-image-234633\" src=\"https:\/\/www.europesays.com\/fr\/wp-content\/uploads\/2025\/08\/Beauchemin-88x150.jpeg\" alt=\"\" width=\"88\" height=\"150\"  \/><\/a> <a href=\"https:\/\/auventdesiles.pf\/a_paraitre\/le-pacte-des-baleines\/\" rel=\"nofollow noopener\" target=\"_blank\"><img loading=\"lazy\" decoding=\"async\" class=\"alignnone size-thumbnail wp-image-234828\" src=\"https:\/\/www.europesays.com\/fr\/wp-content\/uploads\/2025\/08\/Ihimaera-93x150.jpeg\" alt=\"\" width=\"93\" height=\"150\"  \/><\/a> <a href=\"https:\/\/editions-metailie.com\/livre\/caledonian-road\/\" rel=\"nofollow noopener\" target=\"_blank\"><img loading=\"lazy\" decoding=\"async\" class=\"alignnone size-thumbnail wp-image-234377\" src=\"https:\/\/www.europesays.com\/fr\/wp-content\/uploads\/2025\/08\/OHagan-98x150.jpeg\" alt=\"\" width=\"98\" height=\"150\"  \/><\/a><\/p>\n<p>Plus de trente nouveaux livres dans ma biblioth\u00e8que mais treize sont d\u00e9j\u00e0 lus gr\u00e2ce aux jurys litt\u00e9raires.<\/p>\n<p>Bonne semaine et bonnes lectures.<\/p>\n<p>J\u2019aime \u00e7a\u00a0:<\/p>\n<p>J\u2019aime chargement\u2026<\/p>\n<p><a class=\"sd-link-color\"\/><\/p>\n<p>\n\tArticles similaires\n<\/p>\n<ul class=\"date-comment\">\n<li> <a href=\"https:\/\/surlaroutedejostein.fr\/2025\/08\/\" rel=\"bookmark nofollow noopener\" target=\"_blank\">24 ao\u00fbt 2025<\/a><\/li>\n<li\/>\n<li\/>\n<\/ul>\n","protected":false},"excerpt":{"rendered":"Attention, voici le bilan de la semaine qui fait exploser ma Pile \u00c0 Lire. Tant de livres sont&hellip;\n","protected":false},"author":2,"featured_media":288565,"comment_status":"","ping_status":"","sticky":false,"template":"","format":"standard","meta":{"footnotes":""},"categories":[1357],"tags":[1379,58,59,1011,27,1380],"class_list":{"0":"post-340224","1":"post","2":"type-post","3":"status-publish","4":"format-standard","5":"has-post-thumbnail","7":"category-livres","8":"tag-books","9":"tag-divertissement","10":"tag-entertainment","11":"tag-fr","12":"tag-france","13":"tag-livres"},"share_on_mastodon":{"url":"https:\/\/pubeurope.com\/@fr\/115082681416041828","error":""},"_links":{"self":[{"href":"https:\/\/www.europesays.com\/fr\/wp-json\/wp\/v2\/posts\/340224","targetHints":{"allow":["GET"]}}],"collection":[{"href":"https:\/\/www.europesays.com\/fr\/wp-json\/wp\/v2\/posts"}],"about":[{"href":"https:\/\/www.europesays.com\/fr\/wp-json\/wp\/v2\/types\/post"}],"author":[{"embeddable":true,"href":"https:\/\/www.europesays.com\/fr\/wp-json\/wp\/v2\/users\/2"}],"replies":[{"embeddable":true,"href":"https:\/\/www.europesays.com\/fr\/wp-json\/wp\/v2\/comments?post=340224"}],"version-history":[{"count":0,"href":"https:\/\/www.europesays.com\/fr\/wp-json\/wp\/v2\/posts\/340224\/revisions"}],"wp:featuredmedia":[{"embeddable":true,"href":"https:\/\/www.europesays.com\/fr\/wp-json\/wp\/v2\/media\/288565"}],"wp:attachment":[{"href":"https:\/\/www.europesays.com\/fr\/wp-json\/wp\/v2\/media?parent=340224"}],"wp:term":[{"taxonomy":"category","embeddable":true,"href":"https:\/\/www.europesays.com\/fr\/wp-json\/wp\/v2\/categories?post=340224"},{"taxonomy":"post_tag","embeddable":true,"href":"https:\/\/www.europesays.com\/fr\/wp-json\/wp\/v2\/tags?post=340224"}],"curies":[{"name":"wp","href":"https:\/\/api.w.org\/{rel}","templated":true}]}}