{"id":340225,"date":"2025-08-24T07:58:08","date_gmt":"2025-08-24T07:58:08","guid":{"rendered":"https:\/\/www.europesays.com\/fr\/340225\/"},"modified":"2025-08-24T07:58:08","modified_gmt":"2025-08-24T07:58:08","slug":"mehdi-fait-ses-adieux-nouveau-depart-teyssier-lui-rend-hommage-ici-tout-commence-27-aout-2025-episode-1250-resume-complet-itc-nouveautes-tele-com","status":"publish","type":"post","link":"https:\/\/www.europesays.com\/fr\/340225\/","title":{"rendered":"Mehdi fait ses adieux, nouveau d\u00e9part : Teyssier lui rend hommage &#8211; Ici tout commence 27 ao\u00fbt 2025 (\u00e9pisode 1250 &#8211; r\u00e9sum\u00e9 complet ITC) &#8211; Nouveaut\u00e9s-T\u00e9l\u00e9.com"},"content":{"rendered":"<ol>\n<li><a href=\"https:\/\/news.google.com\/rss\/articles\/CBMi_gFBVV95cUxQNTUyN3pfdWRZbjVIN1F1dWNaOFIwd3ZNYjF4dzNOZWVQeU5JVFhzRHoySy1FaU90anVuVy1tS1hjNWRTY2czVzNLRUtabmtWQmdfcmtuRHhrckFta0tCM1Y5aXhrQ3BVN2ZlMC10bHV5LWRiNVpwa1kxdjNDczhNUGNnQjFtTHVhVUZBQU9jUk9DNjFnUjJkSTlyUjR0YjF4SnhsaWYwa2lCaHJQTlNnY3dpclNGaE9WajhaeFFPYU5KV0NWNGN6cXk0ZXZuOXplcE5EdmNjWEZ3VVdTcXJMa2pLbHBjY3NxNG9KeXlsWm02TjZSZi00MF80YXRQZw?oc=5\" target=\"_blank\" rel=\"nofollow noopener\">Mehdi fait ses adieux, nouveau d\u00e9part : Teyssier lui rend hommage &#8211; Ici tout commence 27 ao\u00fbt 2025 (\u00e9pisode 1250 &#8211; r\u00e9sum\u00e9 complet ITC)<\/a>&nbsp;&nbsp;Nouveaut\u00e9s-T\u00e9l\u00e9.com<\/li>\n<li><a href=\"https:\/\/news.google.com\/rss\/articles\/CBMifkFVX3lxTE1Ca0VnR18xT1FRT1FtSXlNa29wd1RQNm9jaktENEM4ZzdYVVpQTWlLUURtbUNHZGwtMjdwZG1TaWpaZUxCU194SG5ZNjliaXI4Y09VeDRKN09mQkR5YnhqbGFabzJmeGdOXzRiSERyOUdMUlkxQUVwN1gwYU5fUQ?oc=5\" target=\"_blank\" rel=\"nofollow noopener\">Ici tout commence : ce qui vous attend dans l&rsquo;\u00e9pisode 1248 du lundi 25 ao\u00fbt 2025 [SPOILERS]<\/a>&nbsp;&nbsp;AlloCin\u00e9<\/li>\n<li><a href=\"https:\/\/news.google.com\/rss\/articles\/CBMi6gFBVV95cUxNME5vdlNIQTdtZ3NwRWJzRE5LS09hd29ZX3RfTWg4bDV6M1BJOC1ZRnFiREE1MEFGUnpXaVFVU3BPTlZqRnd1SUx1YVlBMVVCOXFLRGR2LUhwVVNXbDlDaXNHcURFa2NrU1ltQkg2Y3FaaXRjT004MGlzaG9EbGdVbF9uRkk2Y2xFVEE0SDBxSGRCR2RMWFhLMkFpUWYyWXgyMUU3YUxIS2ZoTWtNN3QzWURiQXp2bXJUaDRpZ3VPRlE3cHFjMFRQQkpVdlJnUlVoUkpzUG5MSnJlR0JrWTJKMDJrdEVyaUxpNlE?oc=5\" target=\"_blank\" rel=\"nofollow noopener\">Ici tout commence : \u00ab\u00a0A peine rentr\u00e9 et d\u00e9j\u00e0 accus\u00e9\u2026\u00a0\u00bb Le r\u00e9sum\u00e9 du 25 ao\u00fbt (SPOILERS)<\/a>&nbsp;&nbsp;T\u00e9l\u00e9 7 Jours<\/li>\n<li><a href=\"https:\/\/news.google.com\/rss\/articles\/CBMiigFBVV95cUxNQk00MjVKQnJFQ0cxTXhWN2F5dnd0ZURRRWMzWDREMzN6S0RJbFV3VXdwd05rSksxM0pNTFBNRE1Xb2NJZG5qMFBvb0Q4TmpZaHYzWmtMWXRhd2d6elJHekhOMVBkbmhDakc3emZUblVhSG9tQmRGV2NQcWFrY2NLZ2NxNmtVb2p5c1E?oc=5\" target=\"_blank\" rel=\"nofollow noopener\">Ici tout commence : qui sabote le restaurant de Claire et d&rsquo;Olivia ? On a la r\u00e9ponse !<\/a>&nbsp;&nbsp;Yahoo Actualit\u00e9s<\/li>\n<li><a href=\"https:\/\/news.google.com\/rss\/articles\/CBMirgJBVV95cUxQYTdOUkxTUElIa3p1eDc2TnR1ZVlGQW8tR1VtaE8ydzl3eE9telItVnVSbXZMNl9vR01ISnpYWmMxMjlOcEZuX0JjU3FvTDltVE9FVGkxT3hDNmM2aTd2QlpITmhEMVNWbmFZUHZmaE00OGxSWnJoRzNSNmdJcENfOXBYekRqVkZpVzBkYll0WGRGTVZtVl9oX3hJMF9jVi1EUTdIQ1JqcjB0VnRGUG9GSzlOX0VaTDhhWUM5Q2h5eEFCQkFTeXd6a3kwcjFMZjFKT0JIY3dCNmdpVk5pb3dhNzB3VFBqaHB0QUEwYzFNSmViTzBEYV9wbi1kajJQSGVXUWlFWWN0bU5wQXRDcFJ3MG54bE1PNHdXM2xXMklCMnduU0R1c2stYzFqcml2QQ?oc=5\" target=\"_blank\" rel=\"nofollow noopener\">\u00ab Ici tout commence \u00bb : Louis (Fabian Wolfrom) fait son grand retour dans la s\u00e9rie ce vendredi<\/a>&nbsp;&nbsp;Programme TV Ouest-France<\/li>\n<\/ol>\n","protected":false},"excerpt":{"rendered":"Mehdi fait ses adieux, nouveau d\u00e9part : Teyssier lui rend hommage &#8211; Ici tout commence 27 ao\u00fbt 2025&hellip;\n","protected":false},"author":2,"featured_media":1445,"comment_status":"","ping_status":"","sticky":false,"template":"","format":"standard","meta":{"footnotes":""},"categories":[1356],"tags":[58,59,1011,27,252,1364],"class_list":{"0":"post-340225","1":"post","2":"type-post","3":"status-publish","4":"format-standard","5":"has-post-thumbnail","7":"category-television","8":"tag-divertissement","9":"tag-entertainment","10":"tag-fr","11":"tag-france","12":"tag-television","13":"tag-tv"},"share_on_mastodon":{"url":"","error":""},"_links":{"self":[{"href":"https:\/\/www.europesays.com\/fr\/wp-json\/wp\/v2\/posts\/340225","targetHints":{"allow":["GET"]}}],"collection":[{"href":"https:\/\/www.europesays.com\/fr\/wp-json\/wp\/v2\/posts"}],"about":[{"href":"https:\/\/www.europesays.com\/fr\/wp-json\/wp\/v2\/types\/post"}],"author":[{"embeddable":true,"href":"https:\/\/www.europesays.com\/fr\/wp-json\/wp\/v2\/users\/2"}],"replies":[{"embeddable":true,"href":"https:\/\/www.europesays.com\/fr\/wp-json\/wp\/v2\/comments?post=340225"}],"version-history":[{"count":0,"href":"https:\/\/www.europesays.com\/fr\/wp-json\/wp\/v2\/posts\/340225\/revisions"}],"wp:featuredmedia":[{"embeddable":true,"href":"https:\/\/www.europesays.com\/fr\/wp-json\/wp\/v2\/media\/1445"}],"wp:attachment":[{"href":"https:\/\/www.europesays.com\/fr\/wp-json\/wp\/v2\/media?parent=340225"}],"wp:term":[{"taxonomy":"category","embeddable":true,"href":"https:\/\/www.europesays.com\/fr\/wp-json\/wp\/v2\/categories?post=340225"},{"taxonomy":"post_tag","embeddable":true,"href":"https:\/\/www.europesays.com\/fr\/wp-json\/wp\/v2\/tags?post=340225"}],"curies":[{"name":"wp","href":"https:\/\/api.w.org\/{rel}","templated":true}]}}