{"id":340226,"date":"2025-08-24T07:59:19","date_gmt":"2025-08-24T07:59:19","guid":{"rendered":"https:\/\/www.europesays.com\/fr\/340226\/"},"modified":"2025-08-24T07:59:19","modified_gmt":"2025-08-24T07:59:19","slug":"the-beatles-anthology-un-nouvel-episode-signe-peter-jackson-bientot-visible-sur-disney","status":"publish","type":"post","link":"https:\/\/www.europesays.com\/fr\/340226\/","title":{"rendered":"\u201cThe Beatles Anthology\u201d, un nouvel \u00e9pisode sign\u00e9 Peter Jackson bient\u00f4t visible sur Disney+"},"content":{"rendered":"<p>      Le r\u00e9alisateur du \u201cSeigneur des anneaux\u201d, d\u00e9j\u00e0 auteur en 2021\u00a0d\u2019un documentaire \u00e9pique sur les Fab Four, replonge en signant le neuvi\u00e8me \u00e9pisode de la s\u00e9rie \u201cThe Beatles Anthology\u201d. Visible \u00e0 partir du 26\u00a0novembre sur la plateforme de Mickey.              <a href=\"https:\/\/www.europesays.com\/fr\/wp-content\/uploads\/2025\/08\/75df6b4_upload-1-51owp5stgp6o-beatles-get-back-mini-serie-tv-2021-04.jpg\" data-pswp-width=\"\" data-pswp-height=\"\" class=\"media__hd\" target=\"_blank\">      <img decoding=\"async\" fetchpriority=\"high\" src=\"https:\/\/www.europesays.com\/fr\/wp-content\/uploads\/2025\/08\/75df6b4_upload-1-51owp5stgp6o-beatles-get-back-mini-serie-tv-2021-04.jpg\" class=\"media__picture js-media-zoom-main \" alt=\"Un extrait de \u00ab\u00a0Get Back\u00a0\u00bb, s\u00e9rie documentaire fleuve r\u00e9alis\u00e9e en 2021\u00a0par Peter Jackson. \" title=\"Walt Disney Pictures - Walt Disney Television - Apple Corps - WingNut Films\"\/>      <\/p>\n<p class=\"media__legend\"> Un extrait de \u00ab\u00a0Get Back\u00a0\u00bb, s\u00e9rie documentaire fleuve r\u00e9alis\u00e9e en 2021\u00a0par Peter Jackson.   Walt Disney Pictures &#8211; Walt Disney Television &#8211; Apple Corps &#8211; WingNut Films  <\/p>\n<p>     <\/a>                    <\/p>\n<p class=\"author author--simple\">Par  <a class=\"author author--link\" href=\"https:\/\/www.telerama.fr\/recherche\/articles?q=Thomas+Richet\" rel=\"nofollow noopener\" target=\"_blank\"> Thomas Richet <\/a>    <\/p>\n<p class=\"publication__date\">Publi\u00e9 le 22 ao\u00fbt 2025 \u00e0 14h05<\/p>\n<p>   Partager   <\/p>\n<ul class=\"sharing-popin--results\">\n<li class=\"sharing-popin--item sharing-popin--item-container\"> Partage  <\/li>\n<li data-share=\"linkedin\" class=\"sharing-popin--item\">  LinkedIn <\/li>\n<li data-share=\"facebook\" class=\"sharing-popin--item\">  Facebook <\/li>\n<li data-share=\"mail\" data-social=\"mail\" class=\"sharing-popin--item\">  Envoyer par email <\/li>\n<li data-share=\"copy\" class=\"sharing-popin--item\">  Copier le lien <\/li>\n<\/ul>\n<p>        Favoris       <\/p>\n<p>                <a class=\"openapp__link\" data-event=\"click-open-app\" data-deep-link=\"tlrm:\/\/element?id=\/musique\/the-beatles-anthology-un-nouvel-episode-signe-peter-jackson-bientot-visible-sur-disney-7027017.php&amp;source=deeplink_site\">  Lire dans l&rsquo;application<br \/>\n  <\/a>                               <\/p>\n<p class=\"paragraph\">Les Beatles, un filon in\u00e9puisable pour Disney +\u00a0? Apr\u00e8s <a target=\"_blank\" href=\"https:\/\/www.telerama.fr\/musique\/beatles-64-sur-disney-une-plongee-nostalgique-savoureuse-dans-le-reve-americain-des-fab-four_cri-7035686.php\" rel=\"nofollow noopener\">Beatles \u201964<\/a>, produit par Martin Scorsese, la remast\u00e9risation de Let It Be, et surtout le documentaire monstre de Peter Jackson <a target=\"_blank\" href=\"https:\/\/www.telerama.fr\/ecrans\/get-back-sur-disney-le-chant-du-cygne-des-beatles-comme-si-on-y-etait-7005172.php\" rel=\"nofollow noopener\">The Beatles\u00a0: Get Back<\/a>, ce dernier va de nouveau se pencher sur les Fab Four pour la plateforme de Mickey. Le cin\u00e9aste australien va signer le neuvi\u00e8me \u00e9pisode de la s\u00e9rie documentaire The Beatles Anthology, dont les huit premiers avaient \u00e9t\u00e9 applaudis lors de leur diffusion en\u00a01995 \u2014 ils seront remast\u00e9ris\u00e9s et rendus disponibles sur Disney +\u00a0pour l\u2019occasion. Dans le nouveau volet, visible \u00e0 partir du 26\u00a0novembre, on d\u00e9couvrira, dans des images in\u00e9dites, la r\u00e9union de Paul McCartney, George Harrison, Ringo Starr et de leur producteur George Martin lors de la cr\u00e9ation de la s\u00e9rie.<\/p>\n<p class=\"paragraph\">Vous n\u2019\u00eates pas encore rassasi\u00e9s\u00a0? The Beatles Anthology avait \u00e0 l\u2019\u00e9poque \u00e9t\u00e9 accompagn\u00e9 d\u2019un volet disque en trois volumes, qui contenait notamment deux chansons in\u00e9dites, Free As a Bird et Real Love, les premiers titres du groupe publi\u00e9s depuis leur s\u00e9paration en\u00a01970. Ce sera de nouveau le cas avec un quatri\u00e8me disque, disponible le 21\u00a0novembre, qui comprendra des remix de ces morceaux, ainsi que des d\u00e9mos, des chutes de studio et des morceaux live, tous s\u00e9lectionn\u00e9s par le fils du producteur George Martin, Giles Martin. Ce dernier a \u00e9galement remast\u00e9ris\u00e9 les trois premiers volumes pour l\u2019occasion.<\/p>\n<p class=\"paragraph\">Tout cela ne doit pas faire oublier que Sam Mendes tourne actuellement <a target=\"_blank\" href=\"https:\/\/www.telerama.fr\/cinema\/les-beatles-sont-de-retour-au-cinema-sam-mendes-a-trouve-ses-quatre-garcons-dans-le-vent-7025039.php\" rel=\"nofollow noopener\">un biopic des Beatles<\/a> en quatre \u00e9pisodes, chacun \u00e9pousant le point de vue d\u2019un des membres du groupe. Paul McCartney sera interpr\u00e9t\u00e9 par Paul Mescal, John Lennon par Harris Dickinson, Ringo Starr par Barry Keoghan et George Harrison par Joseph Quinn. Sortie pr\u00e9vue en avril\u00a02028. De quoi voir venir, donc, pour les inconditionnels des quatre gar\u00e7ons dans le vent.<\/p>\n<p class=\"edito__prefixe\">   \u00c0 lire aussi :   <\/p>\n<p class=\"edito__text-container\">     <a alt=\"Lire aussi\" href=\"https:\/\/www.telerama.fr\/musique\/on-a-classe-les-treize-albums-des-beatles-du-moins-assume-au-chef-d-uvre-inoubliable-7019361.php\" class=\"article__title--edito\" rel=\"nofollow noopener\" target=\"_blank\">On a class\u00e9 les treize\u00a0albums des Beatles, du moins assum\u00e9 au chef-d\u2019\u0153uvre inoubliable<\/a>  <\/p>\n","protected":false},"excerpt":{"rendered":"Le r\u00e9alisateur du \u201cSeigneur des anneaux\u201d, d\u00e9j\u00e0 auteur en 2021\u00a0d\u2019un documentaire \u00e9pique sur les Fab Four, replonge en&hellip;\n","protected":false},"author":2,"featured_media":340227,"comment_status":"","ping_status":"","sticky":false,"template":"","format":"standard","meta":{"footnotes":""},"categories":[1355],"tags":[58,59,1011,27,1361,873],"class_list":{"0":"post-340226","1":"post","2":"type-post","3":"status-publish","4":"format-standard","5":"has-post-thumbnail","7":"category-musique","8":"tag-divertissement","9":"tag-entertainment","10":"tag-fr","11":"tag-france","12":"tag-music","13":"tag-musique"},"share_on_mastodon":{"url":"https:\/\/pubeurope.com\/@fr\/115082688230063607","error":""},"_links":{"self":[{"href":"https:\/\/www.europesays.com\/fr\/wp-json\/wp\/v2\/posts\/340226","targetHints":{"allow":["GET"]}}],"collection":[{"href":"https:\/\/www.europesays.com\/fr\/wp-json\/wp\/v2\/posts"}],"about":[{"href":"https:\/\/www.europesays.com\/fr\/wp-json\/wp\/v2\/types\/post"}],"author":[{"embeddable":true,"href":"https:\/\/www.europesays.com\/fr\/wp-json\/wp\/v2\/users\/2"}],"replies":[{"embeddable":true,"href":"https:\/\/www.europesays.com\/fr\/wp-json\/wp\/v2\/comments?post=340226"}],"version-history":[{"count":0,"href":"https:\/\/www.europesays.com\/fr\/wp-json\/wp\/v2\/posts\/340226\/revisions"}],"wp:featuredmedia":[{"embeddable":true,"href":"https:\/\/www.europesays.com\/fr\/wp-json\/wp\/v2\/media\/340227"}],"wp:attachment":[{"href":"https:\/\/www.europesays.com\/fr\/wp-json\/wp\/v2\/media?parent=340226"}],"wp:term":[{"taxonomy":"category","embeddable":true,"href":"https:\/\/www.europesays.com\/fr\/wp-json\/wp\/v2\/categories?post=340226"},{"taxonomy":"post_tag","embeddable":true,"href":"https:\/\/www.europesays.com\/fr\/wp-json\/wp\/v2\/tags?post=340226"}],"curies":[{"name":"wp","href":"https:\/\/api.w.org\/{rel}","templated":true}]}}