{"id":340228,"date":"2025-08-24T08:00:12","date_gmt":"2025-08-24T08:00:12","guid":{"rendered":"https:\/\/www.europesays.com\/fr\/340228\/"},"modified":"2025-08-24T08:00:12","modified_gmt":"2025-08-24T08:00:12","slug":"le-plus-grand-frankenstein-de-tous-les-temps-realise-par-guillaume-del-toro-sortira-finalement-au-cinema","status":"publish","type":"post","link":"https:\/\/www.europesays.com\/fr\/340228\/","title":{"rendered":"\u00abLe plus grand Frankenstein de tous les temps\u00bb, r\u00e9alis\u00e9 par Guillaume Del Toro, sortira finalement au cin\u00e9ma"},"content":{"rendered":"<p>Pr\u00e9vu initialement uniquement sur Netflix le 7 novembre, le film b\u00e9n\u00e9ficie d\u2019une sortie dans les salles de cin\u00e9ma trois semaines plus t\u00f4t.<\/p>\n<p class=\"fig-paragraph\">En juin, la diffusion de la bande-annonce de Frankenstein avait suscit\u00e9 un vif enthousiasme, incitant de nombreuses personnes \u00e0 vouloir d\u00e9couvrir le film dans des conditions optimales au cin\u00e9ma. Cependant, Netflix annonc\u00e9 que le thriller sortirait uniquement sur sa plateforme le 7 novembre. Ce choix semblait s\u2019expliquer par une combinaison de facteurs, notamment le risque de fatigue face aux adaptations de\u00a0<a href=\"https:\/\/www.lefigaro.fr\/livres\/2018\/02\/15\/03005-20180215ARTFIG00049--que-les-etoiles-contemplent-mes-larmes-demary-shelley-le-passionnant-journal-d-affliction-de-mary-shelley.php\" data-fig-type=\"Article\" data-gtm-custom-categorie=\"navigation\" data-gtm-custom-action=\"crossclick\" data-gtm-custom-label=\"Contextuel\" data-gtm-event=\"customEventSPE\" data-fig-domain=\"LEFIGARO\" target=\"_blank\" rel=\"noopener\">Frankenstein<\/a>, qui a d\u00e9j\u00e0 \u00e9t\u00e9 port\u00e9 \u00e0 l\u2019\u00e9cran pr\u00e8s de 200 fois, ainsi qu\u2019un box-office d\u00e9cevant pour le dernier film du r\u00e9alisateur mexicain, Nightmare Alley (2021).<\/p>\n<p class=\"fig-paragraph\">Finalement, le film sera projet\u00e9 en salle, trois semaines plus t\u00f4t, le 17 octobre. La bande-annonce, qui avait \u00e9merveill\u00e9 les fans, accompagn\u00e9e d\u2019un casting impressionnant comprenant\u00a0<a href=\"http:\/\/www.lefigaro.fr\/culture\/kristen-stewart-oscar-isaac-cate-blanchett-signent-un-appel-pour-un-cessez-le-feu-a-gaza-20231021\" data-fig-type=\"Article\" data-gtm-custom-categorie=\"navigation\" data-gtm-custom-action=\"crossclick\" data-gtm-custom-label=\"Contextuel\" data-gtm-event=\"customEventSPE\" data-fig-domain=\"LEFIGARO\" target=\"_blank\" rel=\"noopener\">Oscar Isaac<\/a>\u00a0dans le r\u00f4le du docteur fou, Jacob Elordi et\u00a0<a href=\"http:\/\/www.lefigaro.fr\/cinema\/apres-les-films-d-horreurs-l-actrice-mia-goth-rejoint-la-galaxie-star-wars-20250611\" data-fig-type=\"Article\" data-gtm-custom-categorie=\"navigation\" data-gtm-custom-action=\"crossclick\" data-gtm-custom-label=\"Contextuel\" data-gtm-event=\"customEventSPE\" data-fig-domain=\"LEFIGARO\" target=\"_blank\" rel=\"noopener\">Mia Goth<\/a>\u00a0a \u00e9galement jou\u00e9 un r\u00f4le dans ce changement. De plus, Guillermo Del Toro avait pr\u00e9c\u00e9demment annonc\u00e9 que le film sortirait au moins partiellement en salle, ce qui a pouss\u00e9 Netflix \u00e0 revoir sa strat\u00e9gie. Cette fen\u00eatre de trois semaines est consid\u00e9r\u00e9e comme g\u00e9n\u00e9reuse par rapport aux standards des services de streaming.<\/p>\n<p>                                    <a class=\"fig-a11y-skip a11y-hidden\" href=\"#fig-a11y-skip-main-inarticle\"><br \/>\n        Passer la publicit\u00e9<br \/>\n    <\/a><\/p>\n<p class=\"fig-paragraph\">Dans l\u2019Europe du XIXe si\u00e8cle, un scientifique brillant mais \u00e9go\u00efste se lance \u00e0 la recherche du cr\u00e9ateur de monstres, Frankenstein, pour poursuivre ses exp\u00e9riences. Le docteur Pretorious parviendra finalement \u00e0 donner vie \u00e0 une cr\u00e9ature qui causera sa perte.<\/p>\n<p class=\"fig-paragraph\">Le r\u00e9alisateur oscaris\u00e9 a depuis longtemps exprim\u00e9 son d\u00e9sir d\u2019adapter le livre de Mary Shelley. En 2016, il a d\u00e9clar\u00e9\u00a0: \u00ab \u00c0 ce jour, personne n\u2019a encore r\u00e9alis\u00e9 ce livre, mais il est devenu ma bible, car ce que Mary Shelley a \u00e9crit incarne parfaitement l\u2019isolement de l\u2019enfance. Pour moi, Frankenstein est le summum de tout. Une partie de moi r\u00eave d\u2019en faire une adaptation, tandis qu\u2019une autre, depuis plus de 25 ans, craint de le faire. Je r\u00eave de r\u00e9aliser le plus grand Frankenstein de tous les temps, mais une fois que vous l\u2019avez fait, c\u2019est fait. Qu\u2019il soit g\u00e9nial ou non, c\u2019est accompli. On ne peut plus en r\u00eaver. C\u2019est la trag\u00e9die d\u2019un cin\u00e9aste\u00a0: on peut r\u00eaver de quelque chose, mais une fois que c\u2019est r\u00e9alis\u00e9, c\u2019est termin\u00e9.\u00a0\u00bb Son objectif est de se d\u00e9marquer des pr\u00e9c\u00e9dentes versions. Il a notamment inclus des passages du livre souvent laiss\u00e9s de c\u00f4t\u00e9, comme les sc\u00e8nes se d\u00e9roulant dans le p\u00f4le Nord.<\/p>\n","protected":false},"excerpt":{"rendered":"Pr\u00e9vu initialement uniquement sur Netflix le 7 novembre, le film b\u00e9n\u00e9ficie d\u2019une sortie dans les salles de cin\u00e9ma&hellip;\n","protected":false},"author":2,"featured_media":340229,"comment_status":"","ping_status":"","sticky":false,"template":"","format":"standard","meta":{"footnotes":""},"categories":[1354],"tags":[5331,650,58,59,1346,1011,27,47639,1360,127,47640,5883],"class_list":{"0":"post-340228","1":"post","2":"type-post","3":"status-publish","4":"format-standard","5":"has-post-thumbnail","7":"category-films","8":"tag-adaptation","9":"tag-cinema","10":"tag-divertissement","11":"tag-entertainment","12":"tag-films","13":"tag-fr","14":"tag-france","15":"tag-guillermo-del-toro","16":"tag-movies","17":"tag-netflix","18":"tag-salle-de-cinema","19":"tag-thriller"},"share_on_mastodon":{"url":"https:\/\/pubeurope.com\/@fr\/115082692095589143","error":""},"_links":{"self":[{"href":"https:\/\/www.europesays.com\/fr\/wp-json\/wp\/v2\/posts\/340228","targetHints":{"allow":["GET"]}}],"collection":[{"href":"https:\/\/www.europesays.com\/fr\/wp-json\/wp\/v2\/posts"}],"about":[{"href":"https:\/\/www.europesays.com\/fr\/wp-json\/wp\/v2\/types\/post"}],"author":[{"embeddable":true,"href":"https:\/\/www.europesays.com\/fr\/wp-json\/wp\/v2\/users\/2"}],"replies":[{"embeddable":true,"href":"https:\/\/www.europesays.com\/fr\/wp-json\/wp\/v2\/comments?post=340228"}],"version-history":[{"count":0,"href":"https:\/\/www.europesays.com\/fr\/wp-json\/wp\/v2\/posts\/340228\/revisions"}],"wp:featuredmedia":[{"embeddable":true,"href":"https:\/\/www.europesays.com\/fr\/wp-json\/wp\/v2\/media\/340229"}],"wp:attachment":[{"href":"https:\/\/www.europesays.com\/fr\/wp-json\/wp\/v2\/media?parent=340228"}],"wp:term":[{"taxonomy":"category","embeddable":true,"href":"https:\/\/www.europesays.com\/fr\/wp-json\/wp\/v2\/categories?post=340228"},{"taxonomy":"post_tag","embeddable":true,"href":"https:\/\/www.europesays.com\/fr\/wp-json\/wp\/v2\/tags?post=340228"}],"curies":[{"name":"wp","href":"https:\/\/api.w.org\/{rel}","templated":true}]}}