{"id":340241,"date":"2025-08-24T08:07:10","date_gmt":"2025-08-24T08:07:10","guid":{"rendered":"https:\/\/www.europesays.com\/fr\/340241\/"},"modified":"2025-08-24T08:07:10","modified_gmt":"2025-08-24T08:07:10","slug":"la-mise-en-examen-du-principal-suspect-requise-pour-quatre-meurtres","status":"publish","type":"post","link":"https:\/\/www.europesays.com\/fr\/340241\/","title":{"rendered":"la mise en examen du principal suspect requise pour quatre meurtres"},"content":{"rendered":"<p>Le minist\u00e8re public pr\u00e9cise dans un communiqu\u00e9 que l\u2019homme \u00ab\u00e2g\u00e9 d\u2019une vingtaine d\u2019ann\u00e9es\u00bb est, apr\u00e8s quatre jours de garde \u00e0 vue, d\u00e9f\u00e9r\u00e9 dimanche matin \u00abdans le cadre d\u2019une information judiciaire ouverte du chef de meurtres en concours au pr\u00e9judice des quatre victimes\u00bb.<\/p>\n<p class=\"fig-paragraph\">Le parquet de Cr\u00e9teil a annonc\u00e9 dimanche requ\u00e9rir la mise en examen du principal suspect pour meurtres \u00abau pr\u00e9judice des quatre victimes\u00bb dans l\u2019enqu\u00eate concernant la d\u00e9couverte\u00a0<a href=\"http:\/\/www.lefigaro.fr\/faits-divers\/cadavres-retrouves-dans-la-seine-un-deuxieme-homme-place-en-garde-a-vue-20250821\" data-fig-type=\"NewsFlash\" data-gtm-custom-categorie=\"navigation\" data-gtm-custom-action=\"crossclick\" data-gtm-custom-label=\"Contextuel\" data-gtm-event=\"customEventSPE\" data-fig-domain=\"LEFIGARO\" target=\"_blank\" rel=\"noopener\">de quatre corps dans la Seine<\/a>, le 13 ao\u00fbt, \u00e0\u00a0<a href=\"http:\/\/www.lefigaro.fr\/faits-divers\/val-de-marne-quatre-corps-sans-vie-retrouves-dans-la-seine-20250814\" data-fig-type=\"NewsFlash\" data-gtm-custom-categorie=\"navigation\" data-gtm-custom-action=\"crossclick\" data-gtm-custom-label=\"Contextuel\" data-gtm-event=\"customEventSPE\" data-fig-domain=\"LEFIGARO\" target=\"_blank\" rel=\"noopener\">Choisy-le-Roi<\/a>\u00a0(Val-de-Marne).<\/p>\n<p class=\"fig-paragraph\">Le minist\u00e8re public pr\u00e9cise dans un communiqu\u00e9 que\u00a0<a href=\"http:\/\/www.lefigaro.fr\/faits-divers\/situation-irreguliere-age-de-24-ans-le-profil-du-premier-suspect-de-l-affaire-des-cadavres-retrouves-dans-la-seine-20250821\" data-fig-type=\"NewsFlash\" data-gtm-custom-categorie=\"navigation\" data-gtm-custom-action=\"crossclick\" data-gtm-custom-label=\"Contextuel\" data-gtm-event=\"customEventSPE\" data-fig-domain=\"LEFIGARO\" target=\"_blank\" rel=\"noopener\">l\u2019homme \u00ab\u00e2g\u00e9 d\u2019une vingtaine d\u2019ann\u00e9es\u00bb<\/a>\u00a0est, apr\u00e8s quatre jours de garde \u00e0 vue, d\u00e9f\u00e9r\u00e9 dimanche matin \u00abdans le cadre d\u2019une information judiciaire ouverte du chef de meurtres en concours au pr\u00e9judice des quatre victimes\u00bb. Le parquet indique \u00e9galement avoir requis son placement en d\u00e9tention provisoire.<\/p>\n<p>                                    <a class=\"fig-a11y-skip a11y-hidden\" href=\"#fig-a11y-skip-main-inarticle\"><br \/>\n        Passer la publicit\u00e9<br \/>\n    <\/a><\/p>\n<p class=\"fig-paragraph\">La garde \u00e0 vue d\u2019un deuxi\u00e8me homme \u00aben lien\u00bb avec le suspect et deux des victimes, d\u00e9but\u00e9e jeudi, a \u00e9t\u00e9 lev\u00e9e samedi en d\u00e9but de soir\u00e9e. \u00abAucune charge (n\u2019est) retenue\u00bb contre lui \u00e0 ce stade, d\u00e9taille encore le communiqu\u00e9. Le mis en cause \u00abdont l\u2019identit\u00e9 restait incertaine \u00e0 ce jour, \u00e9tait un homme SDF, \u00e2g\u00e9 d\u2019une vingtaine d\u2019ann\u00e9es, de type nord-africain et de nationalit\u00e9 non \u00e9tablie\u00bb, ajoute le parquet.<\/p>\n<p>Deux corps pr\u00e9sentent des \u00abl\u00e9sions de violence\u00bb, selon le parquet<\/p>\n<p class=\"fig-paragraph\">Il est connu de la justice toujours selon cette source pour un vol avec d\u00e9gradation dans un v\u00e9hicule en janvier pour lequel il devait \u00eatre jug\u00e9 en septembre, ainsi qu\u2019un recel de vol, commis en ao\u00fbt, \u00abpour lequel il se voyait remettre une convocation pour une ordonnance p\u00e9nale\u00bb.<\/p>\n<p class=\"fig-paragraph\">Depuis leur d\u00e9couverte dans la Seine \u00e0 hauteur de la commune de Choisy-le-Roi le 13 ao\u00fbt, apr\u00e8s le signalement d\u2019un passager du RER C qui passe \u00e0 proximit\u00e9 des lieux, les quatre victimes ont \u00e9t\u00e9 identifi\u00e9es \u00abpar comparaison ADN\u00bb pour les deux premi\u00e8res et \u00ab\u00e0 partir du Fichier national automatis\u00e9 des empreintes g\u00e9n\u00e9tiques\u00bb pour les deux autres, selon le communiqu\u00e9.<\/p>\n<p class=\"fig-paragraph\">Les victimes sont un Fran\u00e7ais de 48 ans, domicili\u00e9 \u00e0 Cr\u00e9teil, un Alg\u00e9rien de 21 ans r\u00e9sidant \u00e0 Choisy-le-Roi, et deux hommes SDF\u00a0: un autre Alg\u00e9rien \u00e2g\u00e9 de 21 ans et un Tunisien de 26 ans. Parmi eux, deux corps pr\u00e9sentent des \u00abl\u00e9sions de violence\u00bb, avait pr\u00e9c\u00e9demment indiqu\u00e9 le parquet. \u00abUn examen compl\u00e9mentaire mettait en \u00e9vidence, sur un troisi\u00e8me corps, une trace suspecte dont l\u2019origine ne pouvait \u00eatre d\u00e9termin\u00e9e\u00bb, ajoute le minist\u00e8re public dimanche matin.<\/p>\n","protected":false},"excerpt":{"rendered":"Le minist\u00e8re public pr\u00e9cise dans un communiqu\u00e9 que l\u2019homme \u00ab\u00e2g\u00e9 d\u2019une vingtaine d\u2019ann\u00e9es\u00bb est, apr\u00e8s quatre jours de&hellip;\n","protected":false},"author":2,"featured_media":340242,"comment_status":"","ping_status":"","sticky":false,"template":"","format":"standard","meta":{"footnotes":""},"categories":[4],"tags":[11,1011,27,5117,12,25,13527],"class_list":{"0":"post-340241","1":"post","2":"type-post","3":"status-publish","4":"format-standard","5":"has-post-thumbnail","7":"category-france","8":"tag-actualites","9":"tag-fr","10":"tag-france","11":"tag-mise-en-examen","12":"tag-news","13":"tag-republique-francaise","14":"tag-seine"},"share_on_mastodon":{"url":"https:\/\/pubeurope.com\/@fr\/115082719600943199","error":""},"_links":{"self":[{"href":"https:\/\/www.europesays.com\/fr\/wp-json\/wp\/v2\/posts\/340241","targetHints":{"allow":["GET"]}}],"collection":[{"href":"https:\/\/www.europesays.com\/fr\/wp-json\/wp\/v2\/posts"}],"about":[{"href":"https:\/\/www.europesays.com\/fr\/wp-json\/wp\/v2\/types\/post"}],"author":[{"embeddable":true,"href":"https:\/\/www.europesays.com\/fr\/wp-json\/wp\/v2\/users\/2"}],"replies":[{"embeddable":true,"href":"https:\/\/www.europesays.com\/fr\/wp-json\/wp\/v2\/comments?post=340241"}],"version-history":[{"count":0,"href":"https:\/\/www.europesays.com\/fr\/wp-json\/wp\/v2\/posts\/340241\/revisions"}],"wp:featuredmedia":[{"embeddable":true,"href":"https:\/\/www.europesays.com\/fr\/wp-json\/wp\/v2\/media\/340242"}],"wp:attachment":[{"href":"https:\/\/www.europesays.com\/fr\/wp-json\/wp\/v2\/media?parent=340241"}],"wp:term":[{"taxonomy":"category","embeddable":true,"href":"https:\/\/www.europesays.com\/fr\/wp-json\/wp\/v2\/categories?post=340241"},{"taxonomy":"post_tag","embeddable":true,"href":"https:\/\/www.europesays.com\/fr\/wp-json\/wp\/v2\/tags?post=340241"}],"curies":[{"name":"wp","href":"https:\/\/api.w.org\/{rel}","templated":true}]}}