{"id":340247,"date":"2025-08-24T08:10:10","date_gmt":"2025-08-24T08:10:10","guid":{"rendered":"https:\/\/www.europesays.com\/fr\/340247\/"},"modified":"2025-08-24T08:10:10","modified_gmt":"2025-08-24T08:10:10","slug":"quand-la-prestation-de-sinayoko-eclipse-lenvie-de-stassin","status":"publish","type":"post","link":"https:\/\/www.europesays.com\/fr\/340247\/","title":{"rendered":"Quand la prestation de Sinayoko \u00e9clipse l\u2019envie de Stassin"},"content":{"rendered":"<p>Partagez sur vos r\u00e9seauxHier soir, les supporters lensois, riv\u00e9s \u00e0 leur \u00e9cran, n\u2019avaient d\u2019yeux que pour Lassine Sinayoko. Align\u00e9 \u00e0 Nice en v\u00e9ritable num\u00e9ro 9 avec l\u2019AJ Auxerre, l\u2019international malien a inscrit son deuxi\u00e8me but en deux matchs, confirmant son excellente forme.<\/p>\n<p style=\"text-align: justify;\">Avant cette rencontre, beaucoup de fans du RC Lens r\u00eavaient encore de l\u2019arriv\u00e9e de <strong>Lucas Stassin<\/strong>. Auteur de 12 buts et 4 passes d\u00e9cisives la saison derni\u00e8re avec Saint-\u00c9tienne, l\u2019attaquant belge \u00e9tait cit\u00e9 dans les rumeurs de mercato, parfois plus fantasm\u00e9es que r\u00e9elles. Mais la performance de <strong>Sinayoko<\/strong> hier soir a clairement rel\u00e9gu\u00e9 cette piste au second plan.<br \/><strong>Lucas Stassin<\/strong> a connu une soir\u00e9e bien moins brillante. De retour de blessure, l\u2019attaquant de l\u2019ASSE disputait sa premi\u00e8re titularisation depuis son op\u00e9ration \u00e0 la cheville en fin de saison derni\u00e8re. Malgr\u00e9 la victoire des Verts \u00e0 Boulogne (0-1), il s\u2019est montr\u00e9 peu en vue. Pire, il s\u2019est surtout distingu\u00e9 par un mauvais geste sur <strong>Adrien Pinot<\/strong>, joueur boulonnais. Remplac\u00e9 \u00e0 l\u2019heure de jeu par <strong>Joshua Duffus<\/strong>, plus remuant, <strong>Stassin<\/strong> n\u2019a pas marqu\u00e9 de points.<\/p>\n<p style=\"text-align: justify;\">Son entra\u00eeneur, <strong>Eirik Horneland<\/strong>, a toutefois tent\u00e9 de le d\u00e9fendre : \u00ab Lucas a r\u00e9alis\u00e9 une tr\u00e8s bonne semaine \u00e0 l\u2019entra\u00eenement, mais un match, c\u2019est diff\u00e9rent. Il a eu davantage de temps de jeu, \u00e7a va l\u2019aider \u00e0 retrouver son meilleur niveau. \u00bb<br \/><strong>Stassin<\/strong>, lui, est rest\u00e9 \u00e9vasif sur son avenir :<br \/>\u00ab Je suis \u00e0 Saint-\u00c9tienne pour l\u2019instant et je donne tout pour le club. On verra ce qui se passera. On parle beaucoup de mercato dans le vestiaire, mais tout le monde sait que je suis concentr\u00e9. Et si j\u2019ai la t\u00eate ailleurs, on me le dira. \u00bb<\/p>\n<p style=\"text-align: justify;\">Quoi qu\u2019il en soit, apr\u00e8s les prestations contrast\u00e9es d\u2019hier soir, <strong>Lassine Sinayoko<\/strong> a marqu\u00e9 des points dans le c\u0153ur des supporters lensois\u2026 au d\u00e9triment de <strong>Lucas Stassin<\/strong>. De quoi se poser la bonne question, si l\u2019arriv\u00e9e du malien est confirm\u00e9e, a t-on r\u00e9ellement besoin de recruter un \u00ab\u00a09\u00a0\u00bb ?<\/p>\n<p><strong>Nos derniers articles :<\/strong><\/p>\n","protected":false},"excerpt":{"rendered":"Partagez sur vos r\u00e9seauxHier soir, les supporters lensois, riv\u00e9s \u00e0 leur \u00e9cran, n\u2019avaient d\u2019yeux que pour Lassine Sinayoko.&hellip;\n","protected":false},"author":2,"featured_media":340248,"comment_status":"","ping_status":"","sticky":false,"template":"","format":"standard","meta":{"footnotes":""},"categories":[9653],"tags":[1111,11,2430,1777,674,1011,27,12,25,4001],"class_list":{"0":"post-340247","1":"post","2":"type-post","3":"status-publish","4":"format-standard","5":"has-post-thumbnail","7":"category-saint-etienne","8":"tag-actu","9":"tag-actualites","10":"tag-auvergne-rhone-alpes","11":"tag-eu","12":"tag-europe","13":"tag-fr","14":"tag-france","15":"tag-news","16":"tag-republique-francaise","17":"tag-saint-etienne"},"share_on_mastodon":{"url":"https:\/\/pubeurope.com\/@fr\/115082731388711228","error":""},"_links":{"self":[{"href":"https:\/\/www.europesays.com\/fr\/wp-json\/wp\/v2\/posts\/340247","targetHints":{"allow":["GET"]}}],"collection":[{"href":"https:\/\/www.europesays.com\/fr\/wp-json\/wp\/v2\/posts"}],"about":[{"href":"https:\/\/www.europesays.com\/fr\/wp-json\/wp\/v2\/types\/post"}],"author":[{"embeddable":true,"href":"https:\/\/www.europesays.com\/fr\/wp-json\/wp\/v2\/users\/2"}],"replies":[{"embeddable":true,"href":"https:\/\/www.europesays.com\/fr\/wp-json\/wp\/v2\/comments?post=340247"}],"version-history":[{"count":0,"href":"https:\/\/www.europesays.com\/fr\/wp-json\/wp\/v2\/posts\/340247\/revisions"}],"wp:featuredmedia":[{"embeddable":true,"href":"https:\/\/www.europesays.com\/fr\/wp-json\/wp\/v2\/media\/340248"}],"wp:attachment":[{"href":"https:\/\/www.europesays.com\/fr\/wp-json\/wp\/v2\/media?parent=340247"}],"wp:term":[{"taxonomy":"category","embeddable":true,"href":"https:\/\/www.europesays.com\/fr\/wp-json\/wp\/v2\/categories?post=340247"},{"taxonomy":"post_tag","embeddable":true,"href":"https:\/\/www.europesays.com\/fr\/wp-json\/wp\/v2\/tags?post=340247"}],"curies":[{"name":"wp","href":"https:\/\/api.w.org\/{rel}","templated":true}]}}