{"id":340257,"date":"2025-08-24T08:24:21","date_gmt":"2025-08-24T08:24:21","guid":{"rendered":"https:\/\/www.europesays.com\/fr\/340257\/"},"modified":"2025-08-24T08:24:21","modified_gmt":"2025-08-24T08:24:21","slug":"le-derby-pour-rennes-lille-et-monaco-se-neutralisent","status":"publish","type":"post","link":"https:\/\/www.europesays.com\/fr\/340257\/","title":{"rendered":"le derby pour Rennes, Lille et Monaco se neutralisent"},"content":{"rendered":"<p><strong>Retrouvez les toutes derni\u00e8res infos, les enjeux et les pronostics pour les 5 matchs du jour de la 2\u00e8me journ\u00e9e de Ligue 1<\/strong><\/p>\n<p>Jusqu\u2019\u00e0 maintenant, toutes les \u00e9quipes qui jouaient \u00e0 domicile (le PSG contre Angers, l\u2019OM face au Paris FC, Nice face \u00e0 Auxerre et l\u2019OL contre Metz) se sont impos\u00e9es. En sera-t-il de m\u00eame ce dimanche ?\u00a0<\/p>\n<p><img fetchpriority=\"high\" decoding=\"async\" width=\"1000\" height=\"975\" src=\"data:image\/svg+xml,%3Csvg%20xmlns=\" http:=\"\" alt=\"\" class=\"wp-image-3070631\" data-lazy- data-lazy- data-lazy-src=\"https:\/\/www.europesays.com\/fr\/wp-content\/uploads\/2025\/08\/LOTO-SPORTIF-1.png\"\/><\/p>\n<p><strong><a href=\"https:\/\/www.lequotidiendusport.fr\/infos-enjeux-et-pronos-pour-la-2eme-journee-de-ligue-1-lom-reagit-bien-lol-enchaine\/\" rel=\"nofollow noopener\" target=\"_blank\">LIRE ICI : INFOS, ENJEUX ET PRONOSTICS<\/a><\/strong><\/p>\n<p>Les toutes derni\u00e8res infos : <\/p>\n<p><strong>Lorient \u2013 Rennes (15h) : <\/strong>Faye est bien l\u00e0 c\u00f4t\u00e9 lorientais, alors que Frankowski est incertain \u00e0 Rennes.<\/p>\n<p><strong>Toulouse \u2013 Brest (17h15) :<\/strong> tout juste transf\u00e9r\u00e9 de Montpellier, Chotard est dans le groupe brestois. M\u00eame chose \u00e0 Toulouse : Vignolo est dans groupe.\u00a0<\/p>\n<p><strong>Strasbourg \u2013 Nantes (17h15) : <\/strong>Abline est bien pr\u00e9sent dans le groupe nantais.\u00a0<\/p>\n<p><strong>Le Havre \u2013 Lens (17h15) :<\/strong> tout juste arriv\u00e9, Sangar\u00e9 est dans le groupe lensois, mais pas Satriano, encore trop juste.\u00a0<\/p>\n<p><strong>Lille \u2013 Monaco (20h45) : <\/strong>parmi les incertitudes, Balogun est bien pr\u00e9sent dans le groupe de Monaco qui s\u2019est d\u00e9plac\u00e9 \u00e0 Lille pour le choc de la 2\u00e8me journ\u00e9e (20h45). Mais la grande nouvelle, c\u2019est la pr\u00e9sence, pour la premi\u00e8re fois depuis de longs mois, de Zhegrova dans le groupe lillois !<\/p>\n","protected":false},"excerpt":{"rendered":"Retrouvez les toutes derni\u00e8res infos, les enjeux et les pronostics pour les 5 matchs du jour de la&hellip;\n","protected":false},"author":2,"featured_media":340258,"comment_status":"","ping_status":"","sticky":false,"template":"","format":"standard","meta":{"footnotes":""},"categories":[2821],"tags":[1111,11,829,1777,674,1011,27,12,584,25],"class_list":{"0":"post-340257","1":"post","2":"type-post","3":"status-publish","4":"format-standard","5":"has-post-thumbnail","7":"category-rennes","8":"tag-actu","9":"tag-actualites","10":"tag-bretagne","11":"tag-eu","12":"tag-europe","13":"tag-fr","14":"tag-france","15":"tag-news","16":"tag-rennes","17":"tag-republique-francaise"},"share_on_mastodon":{"url":"https:\/\/pubeurope.com\/@fr\/115082786694555679","error":""},"_links":{"self":[{"href":"https:\/\/www.europesays.com\/fr\/wp-json\/wp\/v2\/posts\/340257","targetHints":{"allow":["GET"]}}],"collection":[{"href":"https:\/\/www.europesays.com\/fr\/wp-json\/wp\/v2\/posts"}],"about":[{"href":"https:\/\/www.europesays.com\/fr\/wp-json\/wp\/v2\/types\/post"}],"author":[{"embeddable":true,"href":"https:\/\/www.europesays.com\/fr\/wp-json\/wp\/v2\/users\/2"}],"replies":[{"embeddable":true,"href":"https:\/\/www.europesays.com\/fr\/wp-json\/wp\/v2\/comments?post=340257"}],"version-history":[{"count":0,"href":"https:\/\/www.europesays.com\/fr\/wp-json\/wp\/v2\/posts\/340257\/revisions"}],"wp:featuredmedia":[{"embeddable":true,"href":"https:\/\/www.europesays.com\/fr\/wp-json\/wp\/v2\/media\/340258"}],"wp:attachment":[{"href":"https:\/\/www.europesays.com\/fr\/wp-json\/wp\/v2\/media?parent=340257"}],"wp:term":[{"taxonomy":"category","embeddable":true,"href":"https:\/\/www.europesays.com\/fr\/wp-json\/wp\/v2\/categories?post=340257"},{"taxonomy":"post_tag","embeddable":true,"href":"https:\/\/www.europesays.com\/fr\/wp-json\/wp\/v2\/tags?post=340257"}],"curies":[{"name":"wp","href":"https:\/\/api.w.org\/{rel}","templated":true}]}}