{"id":340267,"date":"2025-08-24T08:29:14","date_gmt":"2025-08-24T08:29:14","guid":{"rendered":"https:\/\/www.europesays.com\/fr\/340267\/"},"modified":"2025-08-24T08:29:14","modified_gmt":"2025-08-24T08:29:14","slug":"orvault-une-nouvelle-centenaire-a-la-residence-du-gue-florent","status":"publish","type":"post","link":"https:\/\/www.europesays.com\/fr\/340267\/","title":{"rendered":"Orvault. Une nouvelle centenaire \u00e0 la r\u00e9sidence du Gu\u00e9 Florent"},"content":{"rendered":"<p>Depuis quelques jours, la r\u00e9sidence du Gu\u00e9 Florent au Bourg d\u2019Orvault, a une nouvelle centenaire en la personne d\u2019Yvonne Bouvais.<\/p>\n<p>Yvonne Louet est n\u00e9e le 8\u00a0ao\u00fbt 1925 \u00e0 Marsac-sur-Don. Elle a travaill\u00e9 \u00e0 la ferme de ses parents. Elle a rencontr\u00e9 et s\u2019est mari\u00e9e avec Joseph Bouvais, brigadier de police \u00e0 Nantes. Yvonne s\u2019est occup\u00e9e de ses quatre\u00a0enfants\u00a0: Yvette, Daniel, Genevi\u00e8ve, Gabriel (Gaby). R\u00e9sidante \u00e0 Nantes, elle est rentr\u00e9e \u00e0 la r\u00e9sidence du Gu\u00e9 Florent le 22\u00a0mars 2021.<\/p>\n<p>\u00ab\u00a0Yvonne aime encore jouer aux jeux de soci\u00e9t\u00e9 comme le loto et participer aux f\u00eates\u00a0\u00bb, indique Isabelle l\u2019animatrice du Gu\u00e9 Florent.<\/p>\n<p>Une f\u00eate a \u00e9t\u00e9 organis\u00e9e ce mardi \u00e0 la r\u00e9sidence, en pr\u00e9sence de sa famille, anim\u00e9e par la chorale de \u00ab\u00a0L\u2019Ere du Chant\u00a0\u00bb de Sautron. Tous ont lev\u00e9 leur verre pour l\u2019\u00e9v\u00e8nement\u00a0: \u00a0On n\u2019a pas tous les jours 100\u00a0ans\u00a0!\u00a0<\/p>\n<p>\u00a0<\/p>\n","protected":false},"excerpt":{"rendered":"Depuis quelques jours, la r\u00e9sidence du Gu\u00e9 Florent au Bourg d\u2019Orvault, a une nouvelle centenaire en la personne&hellip;\n","protected":false},"author":2,"featured_media":340268,"comment_status":"","ping_status":"","sticky":false,"template":"","format":"standard","meta":{"footnotes":""},"categories":[2818],"tags":[1111,11,12360,1777,674,47642,1011,27,47641,766,12,2043,4151,2636,25,11293],"class_list":{"0":"post-340267","1":"post","2":"type-post","3":"status-publish","4":"format-standard","5":"has-post-thumbnail","7":"category-nantes","8":"tag-actu","9":"tag-actualites","10":"tag-centenaire","11":"tag-eu","12":"tag-europe","13":"tag-florent","14":"tag-fr","15":"tag-france","16":"tag-gue","17":"tag-nantes","18":"tag-news","19":"tag-nouvelle","20":"tag-orvault","21":"tag-pays-de-la-loire","22":"tag-republique-francaise","23":"tag-residence"},"share_on_mastodon":{"url":"https:\/\/pubeurope.com\/@fr\/115082806165750162","error":""},"_links":{"self":[{"href":"https:\/\/www.europesays.com\/fr\/wp-json\/wp\/v2\/posts\/340267","targetHints":{"allow":["GET"]}}],"collection":[{"href":"https:\/\/www.europesays.com\/fr\/wp-json\/wp\/v2\/posts"}],"about":[{"href":"https:\/\/www.europesays.com\/fr\/wp-json\/wp\/v2\/types\/post"}],"author":[{"embeddable":true,"href":"https:\/\/www.europesays.com\/fr\/wp-json\/wp\/v2\/users\/2"}],"replies":[{"embeddable":true,"href":"https:\/\/www.europesays.com\/fr\/wp-json\/wp\/v2\/comments?post=340267"}],"version-history":[{"count":0,"href":"https:\/\/www.europesays.com\/fr\/wp-json\/wp\/v2\/posts\/340267\/revisions"}],"wp:featuredmedia":[{"embeddable":true,"href":"https:\/\/www.europesays.com\/fr\/wp-json\/wp\/v2\/media\/340268"}],"wp:attachment":[{"href":"https:\/\/www.europesays.com\/fr\/wp-json\/wp\/v2\/media?parent=340267"}],"wp:term":[{"taxonomy":"category","embeddable":true,"href":"https:\/\/www.europesays.com\/fr\/wp-json\/wp\/v2\/categories?post=340267"},{"taxonomy":"post_tag","embeddable":true,"href":"https:\/\/www.europesays.com\/fr\/wp-json\/wp\/v2\/tags?post=340267"}],"curies":[{"name":"wp","href":"https:\/\/api.w.org\/{rel}","templated":true}]}}