{"id":340269,"date":"2025-08-24T08:30:16","date_gmt":"2025-08-24T08:30:16","guid":{"rendered":"https:\/\/www.europesays.com\/fr\/340269\/"},"modified":"2025-08-24T08:30:16","modified_gmt":"2025-08-24T08:30:16","slug":"jete-par-le-fc-nantes-il-explose-tout-dans-son-nouveau-club","status":"publish","type":"post","link":"https:\/\/www.europesays.com\/fr\/340269\/","title":{"rendered":"Jet\u00e9 par le FC Nantes, il explose tout dans son nouveau club\u00a0!"},"content":{"rendered":"<p><strong>Le FC Nantes n\u2019a pas souhait\u00e9 conserver Sorba Thomas, reparti en Angleterre. Et pour l\u2019ailier gallois, tout roule\u00a0depuis qu\u2019il a quitt\u00e9 le nid canari\u2026<\/strong><\/p>\n<p>\t<img decoding=\"async\" alt=\"Sorba Thomas\" src=\"https:\/\/www.europesays.com\/fr\/wp-content\/uploads\/2025\/08\/sorba-thomas-Depositphotos_605103426_L.jpg\"\/><\/p>\n<p>Sorba Thomas, Cr\u00e9dit photo : Depositphotos \/ @ operations@newsimages.co.uk<\/p>\n<p>Pr\u00eat\u00e9 au FC Nantes la saison derni\u00e8re, Sorba Thomas n\u2019a pas \u00e9t\u00e9 conserv\u00e9. Waldemar Kita a estim\u00e9 qu\u2019il n\u2019avait pas assez apport\u00e9 pour pouvoir s\u2019ouvrir les portes d\u2019un transfert d\u00e9finitif. Et depuis qu\u2019il a retrouv\u00e9 l\u2019Angleterre et son nouveau club de Stoke City, Sorba Thomas cartonne\u00a0! En Championship, il r\u00e9alise m\u00eame un d\u00e9marrage canon avec 3 buts et 2 passes d\u00e9cisives en seulement 3 rencontres\u00a0!<\/p>\n<p><\/p>\n<p>\t\t\t\t&#13;<br \/>\n\t\t\t\t\t&#13;<\/p>\n","protected":false},"excerpt":{"rendered":"Le FC Nantes n\u2019a pas souhait\u00e9 conserver Sorba Thomas, reparti en Angleterre. Et pour l\u2019ailier gallois, tout roule\u00a0depuis&hellip;\n","protected":false},"author":2,"featured_media":340270,"comment_status":"","ping_status":"","sticky":false,"template":"","format":"standard","meta":{"footnotes":""},"categories":[2818],"tags":[1111,11,1777,674,1011,27,766,12,2636,25],"class_list":{"0":"post-340269","1":"post","2":"type-post","3":"status-publish","4":"format-standard","5":"has-post-thumbnail","7":"category-nantes","8":"tag-actu","9":"tag-actualites","10":"tag-eu","11":"tag-europe","12":"tag-fr","13":"tag-france","14":"tag-nantes","15":"tag-news","16":"tag-pays-de-la-loire","17":"tag-republique-francaise"},"share_on_mastodon":{"url":"https:\/\/pubeurope.com\/@fr\/115082810109394856","error":""},"_links":{"self":[{"href":"https:\/\/www.europesays.com\/fr\/wp-json\/wp\/v2\/posts\/340269","targetHints":{"allow":["GET"]}}],"collection":[{"href":"https:\/\/www.europesays.com\/fr\/wp-json\/wp\/v2\/posts"}],"about":[{"href":"https:\/\/www.europesays.com\/fr\/wp-json\/wp\/v2\/types\/post"}],"author":[{"embeddable":true,"href":"https:\/\/www.europesays.com\/fr\/wp-json\/wp\/v2\/users\/2"}],"replies":[{"embeddable":true,"href":"https:\/\/www.europesays.com\/fr\/wp-json\/wp\/v2\/comments?post=340269"}],"version-history":[{"count":0,"href":"https:\/\/www.europesays.com\/fr\/wp-json\/wp\/v2\/posts\/340269\/revisions"}],"wp:featuredmedia":[{"embeddable":true,"href":"https:\/\/www.europesays.com\/fr\/wp-json\/wp\/v2\/media\/340270"}],"wp:attachment":[{"href":"https:\/\/www.europesays.com\/fr\/wp-json\/wp\/v2\/media?parent=340269"}],"wp:term":[{"taxonomy":"category","embeddable":true,"href":"https:\/\/www.europesays.com\/fr\/wp-json\/wp\/v2\/categories?post=340269"},{"taxonomy":"post_tag","embeddable":true,"href":"https:\/\/www.europesays.com\/fr\/wp-json\/wp\/v2\/tags?post=340269"}],"curies":[{"name":"wp","href":"https:\/\/api.w.org\/{rel}","templated":true}]}}