{"id":340272,"date":"2025-08-24T08:32:10","date_gmt":"2025-08-24T08:32:10","guid":{"rendered":"https:\/\/www.europesays.com\/fr\/340272\/"},"modified":"2025-08-24T08:32:10","modified_gmt":"2025-08-24T08:32:10","slug":"pas-de-victoires-supporters-en-colere-et-tensions-le-debut-de-saison-cata-des-girondins-de-bordeaux-en-n2","status":"publish","type":"post","link":"https:\/\/www.europesays.com\/fr\/340272\/","title":{"rendered":"Pas de victoires, supporters en col\u00e8re et tensions : le d\u00e9but de saison cata des Girondins de Bordeaux en N2"},"content":{"rendered":"<p class=\"paragraph text_align_left lp-f-body-02\">La saison <a href=\"https:\/\/www.leparisien.fr\/sports\/football\/girondins-de-bordeaux-la-justice-valide-le-plan-de-continuation-du-club-24-06-2025-YG2BWIYTWNHCXMZOHBRJNSHCGM.php\" target=\"_blank\" rel=\"noreferrer nofollow noopener\">des Girondins de Bordeaux National 2<\/a> commence comme elle avait fini le printemps dernier : en eau de boudin. Pour leur deuxi\u00e8me saison au quatri\u00e8me \u00e9chelon du football fran\u00e7ais, les Bordelais sont pour l\u2019instant 12e avec un petit point apr\u00e8s leur d\u00e9faite \u00e0 domicile samedi face \u00e0 l\u2019US Granville (0-1).<\/p>\n<p class=\"paragraph text_align_left lp-f-body-02\">Un r\u00e9sultat qui a fortement d\u00e9plu aux 10 000 supporters ayant garni les trav\u00e9es du stade Atlantique. La tension est mont\u00e9e apr\u00e8s la fin de la rencontre, alors que les joueurs sont venus se faire sermonner par des fans d\u00e9non\u00e7ant leur \u00e9tat d\u2019esprit.<\/p>\n<blockquote class=\"twitter-tweet\">\n<p lang=\"fr\" dir=\"ltr\">\u00ab\u00a0Vous avez vu cette tribune ? Vous avez vu l\u2019histoire de ce club ? Comment \u00eatre si peu dignes de l\u2019un des joyaux du football fran\u00e7ais ? Vous devez tout donner ! Vous devez tout donner !\u00a0\u00bb \ud83e\udd79 <a href=\"https:\/\/t.co\/DpIW4Byqgb\" rel=\"nofollow\">pic.twitter.com\/DpIW4Byqgb<\/a><\/p>\n<p>\u2014 Foot Multiple (@footmultiple) <a href=\"https:\/\/twitter.com\/footmultiple\/status\/1959321828574298549?ref_src=twsrc%5Etfw\" rel=\"nofollow noopener\" target=\"_blank\">August 23, 2025<\/a><\/p><\/blockquote>\n<p class=\"paragraph text_align_left lp-f-body-02\">\u00ab On ne veut pas voir \u00e7a en National 2. On ne veut pas voir \u00e7a, on veut de l\u2019envie, de la motivation, de la hargne. Que vous soyez pr\u00eats \u00e0 mourir sur le terrain, a lanc\u00e9 un repr\u00e9sentant des supporters. Vous avez vu la tribune que vous avez, en National 2 ? On a une des meilleures tribunes de Ligue 1. Soyez-en fiers, soyez-en dignes. Au bout de vos pieds, vous tenez un des joyaux du foot fran\u00e7ais. Vous devez tout donner. \u00bb<\/p>\n<p class=\"paragraph text_align_left lp-f-body-02\">La saison pr\u00e9c\u00e9dente, les Girondins avaient \u00e9chou\u00e9 \u00e0 remonter en National, finissant 4e \u00e0 11 points du promu, le Stade Briochin. S\u2019ils ne veulent pas r\u00e9it\u00e9rer cette mauvaise performance, ils devront r\u00e9agir d\u00e8s samedi, avec un d\u00e9placement sur la pelouse de la lanterne rouge Ch\u00e2teaubriant.<\/p>\n<p><script async src=\"https:\/\/platform.twitter.com\/widgets.js\" charset=\"utf-8\"><\/script><\/p>\n","protected":false},"excerpt":{"rendered":"La saison des Girondins de Bordeaux National 2 commence comme elle avait fini le printemps dernier : en&hellip;\n","protected":false},"author":2,"featured_media":340273,"comment_status":"","ping_status":"","sticky":false,"template":"","format":"standard","meta":{"footnotes":""},"categories":[2817],"tags":[1111,11,1997,1777,674,63,1011,27,12,2219,25,60],"class_list":{"0":"post-340272","1":"post","2":"type-post","3":"status-publish","4":"format-standard","5":"has-post-thumbnail","7":"category-bordeaux","8":"tag-actu","9":"tag-actualites","10":"tag-bordeaux","11":"tag-eu","12":"tag-europe","13":"tag-football","14":"tag-fr","15":"tag-france","16":"tag-news","17":"tag-nouvelle-aquitaine","18":"tag-republique-francaise","19":"tag-sports"},"share_on_mastodon":{"url":"https:\/\/pubeurope.com\/@fr\/115082818083167371","error":""},"_links":{"self":[{"href":"https:\/\/www.europesays.com\/fr\/wp-json\/wp\/v2\/posts\/340272","targetHints":{"allow":["GET"]}}],"collection":[{"href":"https:\/\/www.europesays.com\/fr\/wp-json\/wp\/v2\/posts"}],"about":[{"href":"https:\/\/www.europesays.com\/fr\/wp-json\/wp\/v2\/types\/post"}],"author":[{"embeddable":true,"href":"https:\/\/www.europesays.com\/fr\/wp-json\/wp\/v2\/users\/2"}],"replies":[{"embeddable":true,"href":"https:\/\/www.europesays.com\/fr\/wp-json\/wp\/v2\/comments?post=340272"}],"version-history":[{"count":0,"href":"https:\/\/www.europesays.com\/fr\/wp-json\/wp\/v2\/posts\/340272\/revisions"}],"wp:featuredmedia":[{"embeddable":true,"href":"https:\/\/www.europesays.com\/fr\/wp-json\/wp\/v2\/media\/340273"}],"wp:attachment":[{"href":"https:\/\/www.europesays.com\/fr\/wp-json\/wp\/v2\/media?parent=340272"}],"wp:term":[{"taxonomy":"category","embeddable":true,"href":"https:\/\/www.europesays.com\/fr\/wp-json\/wp\/v2\/categories?post=340272"},{"taxonomy":"post_tag","embeddable":true,"href":"https:\/\/www.europesays.com\/fr\/wp-json\/wp\/v2\/tags?post=340272"}],"curies":[{"name":"wp","href":"https:\/\/api.w.org\/{rel}","templated":true}]}}