{"id":340274,"date":"2025-08-24T08:33:20","date_gmt":"2025-08-24T08:33:20","guid":{"rendered":"https:\/\/www.europesays.com\/fr\/340274\/"},"modified":"2025-08-24T08:33:20","modified_gmt":"2025-08-24T08:33:20","slug":"video-cette-eglise-meconnue-de-toulouse-sera-bientot-ouverte-aux-visites-elle-renferme-des-tresors","status":"publish","type":"post","link":"https:\/\/www.europesays.com\/fr\/340274\/","title":{"rendered":"VIDEO. Cette \u00e9glise m\u00e9connue de Toulouse sera bient\u00f4t ouverte aux visites : elle renferme des tr\u00e9sors"},"content":{"rendered":"<p>            Par<br \/>\n        <strong><br \/>\n            <a href=\"https:\/\/actu.fr\/auteur\/marie-lamarque\" title=\"Consulter tous les articles de Marie Lamarque\" rel=\"nofollow noopener\" target=\"_blank\">Marie Lamarque<\/a><br \/>\n        <\/strong><\/p>\n<p>        Publi\u00e9 le<\/p>\n<p>            24 ao\u00fbt 2025 \u00e0 10h10        <\/p>\n<p>\u00ab\u00a0Excusez-moi. Elle se visite cette \u00e9glise ?\u00a0\u00bb En arrivant au bout de la rue des Fleurs, un couple de touristes s\u2019interroge. Engonc\u00e9e dans le tissu urbain du tr\u00e8s c\u00e9l\u00e8bre quartier des Carmes <a href=\"https:\/\/actu.fr\/toulouse\/\" rel=\"nofollow noopener\" target=\"_blank\">\u00e0 Toulouse<\/a>, il faut dire qu\u2019on la remarquerait \u00e0 peine. Mais <strong>l\u2019\u00e9glise du Ges\u00f9<\/strong>\u00a0parvient tout de m\u00eame \u00e0 attirer l\u2019\u0153il des passants, curieux de franchir ses portes. \u00ab\u00a0Cela sera possible tr\u00e8s bient\u00f4t\u00a0\u00bb, r\u00e9pond avec le sourire <strong>Marie Delano\u00eb<\/strong>, responsable des monuments. D\u00e9sacralis\u00e9e, cette \u00e9glise accueille notamment le public \u00e0 l\u2019occasion de concerts ou de festivals. Mais elle fera bient\u00f4t l\u2019objet de <strong>visites guid\u00e9es<\/strong>. En avant-premi\u00e8re, Actu Toulouse vous partage certains de ses secrets.<\/p>\n<p>Rendez-vous les 3e vendredis du mois<\/p>\n<p class=\" wall-content\">Ce nouveau rendez-vous avec l\u2019Histoire \u00e0 Toulouse se fera en premier lors des <strong>Journ\u00e9es europ\u00e9ennes du patrimoine<\/strong>, qui auront lieu le samedi 20 et dimanche 21 septembre 2025. Comme les ann\u00e9es pass\u00e9es, l\u2019\u00e9glise du Ges\u00f9 pourra se <strong>visiter gratuitement<\/strong>.<\/p>\n<p class=\" wall-content\">Pass\u00e9 cet \u00e9v\u00e8nement, les curieux devront rester \u00e0 l\u2019aff\u00fbt. Car le site ouvrira ses portes <strong>tous les 3e vendredis du mois, \u00e0 14h<\/strong>. La premi\u00e8re aura lieu <strong>le 17 octobre<\/strong>. Les r\u00e9servations se feront en ligne <a href=\"https:\/\/billetterie.monuments.toulouse.fr\/content\" rel=\"nofollow noopener\" target=\"_blank\">via le site du p\u00f4le Monuments de Toulouse<\/a>. Tout comme pour une visite guid\u00e9e \u00e0 la Chapelle de la Grave ou encore au Castelet, <strong>le billet sera \u00e0 3\u20ac<\/strong>. Et simplement pour admirer l\u2019int\u00e9rieur, \u00ab\u00a0son acc\u00e8s sera gratuit\u00a0\u00bb, souligne Marie Delano\u00eb.<\/p>\n<p><img decoding=\"async\" src=\"https:\/\/www.europesays.com\/fr\/wp-content\/uploads\/2025\/08\/meteo-toulouse-soleil-canicule-1-640x427.jpeg\" alt=\"\" width=\"640\" height=\"427\" loading=\"lazy\"\/>Les 7 Monuments de Toulouse<\/p>\n<p>L&rsquo;\u00e9glise du Ges\u00f9 est propri\u00e9t\u00e9 de la Ville de Toulouse depuis 2000. Tout r\u00e9cemment, le site a \u00e9t\u00e9 int\u00e9gr\u00e9 au p\u00f4le des Monuments de Toulouse, aux c\u00f4t\u00e9s de six autres lieux incontournables de la Ville rose :<br \/>&#8211; le Couvent des Jacobins ;<br \/>&#8211; la Chapelle de La Grave ;<br \/>&#8211; la Chapelle des Carm\u00e9lites ;<br \/>&#8211; le Castelet ;<br \/>&#8211; le Monument \u00e0 la gloire de la r\u00e9sistance ;<br \/>&#8211; la basilique Saint-Sernin.<\/p>\n<p>Au temps des J\u00e9suites<\/p>\n<p class=\" wall-content\">\u00ab\u00a0On esp\u00e8re que \u00e7a va attirer les Toulousains\u00a0\u00bb, poursuit la responsable qui retrace en quelques mots, l\u2019histoire du lieu.<\/p>\n<p class=\" wall-content\">D\u2019ailleurs, pourquoi ce nom : Ges\u00f9 ? \u00ab\u00a0Parce qu\u2019elle a \u00e9t\u00e9 <strong>\u00e9difi\u00e9e par les J\u00e9suites<\/strong>. Mais elle s\u2019est aussi appel\u00e9e \u2018\u00e9glise du J\u00e9sus\u2019. La congr\u00e9gation revient \u00e0 Toulouse en 1830, ach\u00e8te du foncier ici en 1852. Elle fait d\u00e9truire un h\u00f4tel particulier et construit cette \u00e9glise dans le <strong>style n\u00e9ogothique<\/strong>. La premi\u00e8re pierre est pos\u00e9e en 1853.\u00a0\u00bb<\/p>\n<p class=\" wall-content\">Enferm\u00e9e parmi les b\u00e2timents existants, dont <strong>l\u2019ancienne prison des Hauts-Murats<\/strong>, il faut lever le nez pour admirer ses particularit\u00e9s. \u00ab\u00a0Si vous n\u2019avez pas peur d\u2019avoir un torticolis, vous remarquerez<strong> les deux fl\u00e8ches<\/strong> qui la coiffent. En raison des contraintes impos\u00e9es par son emplacement, l\u2019\u00e9glise n\u2019est pas tourn\u00e9e vers l\u2019est, autrement dit vers J\u00e9rusalem\u00a0\u00bb.<\/p>\n<p>Votre r\u00e9gion, votre actu !<\/p>\n<p>Recevez chaque jour les infos qui comptent pour vous.<\/p>\n<p>\t<a href=\"https:\/\/actu.fr\/newsletter\" class=\"ac-btn ac-btn--corner ac-btn--medium ac-btn--blue800\" rel=\"nofollow noopener\" target=\"_blank\">S&rsquo;incrire<\/a><\/p>\n<p>    <img   decoding=\"async\" loading=\"lazy\" src=\"https:\/\/www.europesays.com\/fr\/wp-content\/uploads\/2025\/08\/toulouse-eglise-gesu-patrimoine-visite-960x640.jpeg\" alt=\"Il faut lever le nez pour admirer l'\u00e9glise du Ges\u00f9.\" width=\"960\" height=\"640\"\/><br \/>\n    Il faut lever le nez pour admirer l\u2019\u00e9glise du Ges\u00f9. (\u00a9Marie Lamarque \/ Actu Toulouse)\u00ab\u00a0Le produit du fantasme m\u00e9di\u00e9val\u00a0\u00bb<\/p>\n<p class=\" wall-content\">\u00c0 l\u2019entr\u00e9e, c\u00f4t\u00e9 rue des Fleurs, une Vierge \u00e0 l\u2019enfant tr\u00e8s bien conserv\u00e9e accueille les visiteurs. Apr\u00e8s quelques pas dans la nef, l\u2019\u00e9glise de Ges\u00f9 d\u00e9voile ses tr\u00e9sors. \u00ab\u00a0On peut vite s\u2019en apercevoir,<strong> elle est tr\u00e8s sombre<\/strong>. Il y avait cette volont\u00e9 de jouer avec la p\u00e9nombre pour faire ressortir certains \u00e9l\u00e9ments, \u00e0 commencer par <strong>les vitraux<\/strong>. La force de ce moment, c\u2019est aussi <strong>sa polychromie<\/strong>\u00ab\u00a0, note Marie Delano\u00eb.<\/p>\n<p>    <img   decoding=\"async\" loading=\"lazy\" src=\"https:\/\/www.europesays.com\/fr\/wp-content\/uploads\/2025\/08\/toulouse-eglise-visite-gesu-960x640.jpg\" alt=\"La p\u00e9nombre permet la mise en valeur de certains \u00e9l\u00e9ments, notamment les vitraux.\" width=\"960\" height=\"640\"\/><br \/>\n    La p\u00e9nombre permet la mise en valeur de certains \u00e9l\u00e9ments, notamment les vitraux. (\u00a9R\u00e9mi B\u00e9nali \u2013 Monuments de Toulouse)<\/p>\n<p class=\" wall-content\">La d\u00e9coration de l\u2019\u00e9glise du Ges\u00f9 est \u00ab\u00a0le <strong>produit du fantasme m\u00e9di\u00e9val<\/strong> du XIXe si\u00e8cle. On joue sur des couleurs or, rouge, vert, en utilisant la technique tr\u00e8s ancienne de <strong>la peinture \u00e0 la cire<\/strong>. On m\u00e9langeait le pigment avec de la cire d\u2019abeille chaude. On a ici une \u0153uvre de 40 ans r\u00e9alis\u00e9e par une seule main, celle d\u2019<strong>Auguste Bach <\/strong>qui \u00e9tait le fr\u00e8re de l\u2019architecte de l\u2019\u00e9glise, <strong>Henry Bach<\/strong>\u00ab\u00a0, compl\u00e8te <strong>Juliette Raoul<\/strong>, m\u00e9diatrice culturelle.<\/p>\n<p>    <img   decoding=\"async\" loading=\"lazy\" src=\"https:\/\/www.europesays.com\/fr\/wp-content\/uploads\/2025\/08\/toulouse-gesu-eglise-visite-patrimoine-960x640.jpg\" alt=\"Une \u00e9glise qui se remarque.\" width=\"960\" height=\"640\"\/><br \/>\n    Une \u00e9glise qui se remarque par sa polychromie. (\u00a9R\u00e9mi B\u00e9nali \u2013 Monuments de Toulouse)Une r\u00e9plique de la grotte de Lourdes<\/p>\n<p class=\" wall-content\">Les visiteurs ne manqueront pas d\u2019admirer les diff\u00e9rentes chapelles. Chacune \u00e0 la gloire d\u2019un Saint. \u00ab\u00a0Il faut s\u2019attarder sur celle de <strong>Saint-Ignace<\/strong>, le fondateur de la Compagnie de J\u00e9sus, dont l\u2019autel extr\u00eamement d\u00e9taill\u00e9 rappelle les missions des J\u00e9suites.\u00a0\u00bb<\/p>\n<p class=\" wall-content\">Autre \u00e9l\u00e9ment \u00e0 ne pas manquer : une <strong>remarquable reconstitution de la grotte de Lourdes<\/strong>. Mais la r\u00e9plique, selon <strong>Juliette Raoul<\/strong>, ne poss\u00e9derait pas de vraie pierre de <strong>la grotte de Massabielle<\/strong>. \u00ab\u00a0J\u2019ai cherch\u00e9, je n\u2019en ai pas trouv\u00e9 pour le moment\u00a0\u00bb, souligne-t-elle.<\/p>\n<p>    <img   decoding=\"async\" loading=\"lazy\" src=\"https:\/\/www.europesays.com\/fr\/wp-content\/uploads\/2025\/08\/grotte-lourdes-toulouse-eglise-gesu-960x640.jpeg\" alt=\"L'\u00e9glise abrite une reconstitution de la grotte de Lourdes.\" width=\"960\" height=\"640\"\/><br \/>\n    L\u2019\u00e9glise abrite une reconstitution de la grotte de Lourdes. (\u00a9Marie Lamarque \/ Actu Toulouse)<\/p>\n<p class=\" wall-content\">Elle vaut n\u00e9anmoins le coup d\u2019\u0153il, tout comme l\u2019autel qui prend la forme d\u2019une chapelle richement d\u00e9cor\u00e9e : \u00ab\u00a0une belle mise en abyme\u00a0\u00bb.<\/p>\n<p>    <img   decoding=\"async\" loading=\"lazy\" src=\"https:\/\/www.europesays.com\/fr\/wp-content\/uploads\/2025\/08\/toulouse-eglise-gesu-patrimoine-visite-960x640.png\" alt=\"L'autel en forme de chapelle.\" width=\"960\" height=\"640\"\/><br \/>\n    L\u2019autel en forme de chapelle. (\u00a9R\u00e9mi B\u00e9nali \u2013 Monuments de Toulouse)Un orgue class\u00e9 Monument Historique<\/p>\n<p class=\" wall-content\">Les \u00e9chos d\u2019un chant lyrique viennent rompre un silence de cath\u00e9drale. \u00ab\u00a0C\u2019est l\u2019association Toulouse Les Orgues, dont les bureaux sont ici, qui r\u00e9p\u00e8te\u00a0\u00bb, explique Marie Delano\u00eb. L\u2019occasion de lever la t\u00eate vers le majestueux instrument,<strong> class\u00e9 Monument Historique<\/strong>, et son pr\u00e9cieux buffet n\u00e9ogothique.<\/p>\n<p>    <img   decoding=\"async\" loading=\"lazy\" src=\"https:\/\/www.europesays.com\/fr\/wp-content\/uploads\/2025\/08\/orgue-toulouse-patrimoine-eglise-gesu-960x640.jpeg\" alt=\"L'orgue, ventre pr\u00e9cieux de l'\u00e9glise de Ges\u00f9.\" width=\"960\" height=\"640\"\/><br \/>\n    L\u2019orgue, ventre pr\u00e9cieux de l\u2019\u00e9glise de Ges\u00f9. (\u00a9Marie Lamarque \/ Actu Toulouse)<\/p>\n<p class=\" wall-content\">Et en se tournant \u00e0 nouveau vers le ch\u0153ur, on peut aussi admirer les <strong>profondes tribunes <\/strong>qui \u00ab\u00a0accueillaient les nombreux fr\u00e8res. Ils \u00e9taient plus de 40 \u00e0 l\u2019\u00e9poque\u00a0\u00bb.<\/p>\n<p>Concerts, th\u00e9\u00e2tre : les candidatures ouvertes<\/p>\n<p class=\" wall-content\">Riche de ses tr\u00e9sors, l\u2019\u00e9glise du Ges\u00f9 aspire \u00e0 devenir un grand site touristique, mais pas que. \u00ab\u00a0Elle rentrera dans la saison musicale des Monuments de la Ville. Les candidatures seront ouvertes afin d\u2019y organiser des concerts, des pi\u00e8ces de th\u00e9\u00e2tre\u2026 Les propositions seront \u00e9tudi\u00e9es en commission\u00a0\u00bb, ajoute Marie Delano\u00eb.<\/p>\n<p class=\" wall-content\">De quoi faire le parall\u00e8le avec <strong>la Chapelle des Carm\u00e9lites<\/strong>, autre lieu de culte aujourd\u2019hui d\u00e9sacralis\u00e9 \u00e0 Toulouse. \u00ab\u00a0Elle devient de plus en plus connue dans la Ville rose\u00a0\u00bb, souligne la responsable, qui souhaite la m\u00eame chose pour l\u2019\u00e9glise du Ges\u00f9.<\/p>\n<p>    <a href=\"https:\/\/www.google.com\/maps\/embed?pb=!1m18!1m12!1m3!1d722.3877227161646!2d1.4461281117135965!3d43.59507013814229!2m3!1f0!2f0!3f0!3m2!1i1024!2i768!4f13.1!3m3!1m2!1s0x12aebc816438a323%3A0xd9ecb05eb9b25187!2s22%20bis%20Rue%20des%20Fleurs%2C%2031000%20Toulouse!5e0!3m2!1sfr!2sfr!4v1755780359810!5m2!1sfr!2sfr\" title=\"Ouvrie le lien\" rel=\"nofollow noopener\" target=\"_blank\">Cliquez ici pour visualiser le contenu<\/a><\/p>\n<p class=\" wall-content\">Personnalisez votre actualit\u00e9 en ajoutant vos villes et m\u00e9dias en favori avec <a href=\"https:\/\/moncompte.actu.fr\" title=\"D\u00e9couvez Mon Actu\" rel=\"nofollow noopener\" data-trk=\"{&quot;cta&quot;:{&quot;action&quot;:&quot;https:\\\/\\\/moncompte.actu.fr&quot;,&quot;category&quot;:&quot;mon compte&quot;,&quot;from&quot;:&quot;article footer&quot;,&quot;name&quot;:&quot;Mon actu&quot;,&quot;type&quot;:&quot;cta&quot;}}\" target=\"_blank\">Mon Actu<\/a>.<\/p>\n","protected":false},"excerpt":{"rendered":"Par Marie Lamarque Publi\u00e9 le 24 ao\u00fbt 2025 \u00e0 10h10 \u00ab\u00a0Excusez-moi. Elle se visite cette \u00e9glise ?\u00a0\u00bb En&hellip;\n","protected":false},"author":2,"featured_media":340275,"comment_status":"","ping_status":"","sticky":false,"template":"","format":"standard","meta":{"footnotes":""},"categories":[2816],"tags":[1111,11,1777,674,1011,27,937,1652,12,2680,2551,25,2312],"class_list":{"0":"post-340274","1":"post","2":"type-post","3":"status-publish","4":"format-standard","5":"has-post-thumbnail","7":"category-toulouse","8":"tag-actu","9":"tag-actualites","10":"tag-eu","11":"tag-europe","12":"tag-fr","13":"tag-france","14":"tag-histoire","15":"tag-loisirs-culture","16":"tag-news","17":"tag-occitanie","18":"tag-patrimoine","19":"tag-republique-francaise","20":"tag-toulouse"},"share_on_mastodon":{"url":"https:\/\/pubeurope.com\/@fr\/115082822124334138","error":""},"_links":{"self":[{"href":"https:\/\/www.europesays.com\/fr\/wp-json\/wp\/v2\/posts\/340274","targetHints":{"allow":["GET"]}}],"collection":[{"href":"https:\/\/www.europesays.com\/fr\/wp-json\/wp\/v2\/posts"}],"about":[{"href":"https:\/\/www.europesays.com\/fr\/wp-json\/wp\/v2\/types\/post"}],"author":[{"embeddable":true,"href":"https:\/\/www.europesays.com\/fr\/wp-json\/wp\/v2\/users\/2"}],"replies":[{"embeddable":true,"href":"https:\/\/www.europesays.com\/fr\/wp-json\/wp\/v2\/comments?post=340274"}],"version-history":[{"count":0,"href":"https:\/\/www.europesays.com\/fr\/wp-json\/wp\/v2\/posts\/340274\/revisions"}],"wp:featuredmedia":[{"embeddable":true,"href":"https:\/\/www.europesays.com\/fr\/wp-json\/wp\/v2\/media\/340275"}],"wp:attachment":[{"href":"https:\/\/www.europesays.com\/fr\/wp-json\/wp\/v2\/media?parent=340274"}],"wp:term":[{"taxonomy":"category","embeddable":true,"href":"https:\/\/www.europesays.com\/fr\/wp-json\/wp\/v2\/categories?post=340274"},{"taxonomy":"post_tag","embeddable":true,"href":"https:\/\/www.europesays.com\/fr\/wp-json\/wp\/v2\/tags?post=340274"}],"curies":[{"name":"wp","href":"https:\/\/api.w.org\/{rel}","templated":true}]}}