{"id":340276,"date":"2025-08-24T08:34:23","date_gmt":"2025-08-24T08:34:23","guid":{"rendered":"https:\/\/www.europesays.com\/fr\/340276\/"},"modified":"2025-08-24T08:34:23","modified_gmt":"2025-08-24T08:34:23","slug":"direct-toulouse-brest-suivez-le-match","status":"publish","type":"post","link":"https:\/\/www.europesays.com\/fr\/340276\/","title":{"rendered":"DIRECT &#8211; Toulouse &#8211; Brest : suivez le match"},"content":{"rendered":"<p>Le 24 ao\u00fbt 2025 \u00e0 09h25, modifi\u00e9 le 24 ao\u00fbt 2025 \u00e0 09h25<\/p>\n<p class=\"tlg-h5\">Pour la deuxi\u00e8me journ\u00e9e de Ligue 1, les Brestois, qui ont arrach\u00e9 le nul face \u00e0 Lille apr\u00e8s un match de folie (3-3) pour leur premi\u00e8re confrontation de la saison, se d\u00e9placent, dimanche  (17 h 15), \u00e0 Toulouse, vainqueur de Nice (1-0). Suivez la rencontre en direct comment\u00e9.<\/p>\n<p><img fetchpriority=\"high\" decoding=\"async\" src=\"https:\/\/www.europesays.com\/fr\/wp-content\/uploads\/2025\/08\/68a2e1b8cce935b602045cf2.1.jpeg\" width=\"960\" height=\"600\" class=\"web_golden_xl\" loading=\"eager\" alt=\"149520250816220831867\"\/>Apr\u00e8s un nul contre Lille (3-3), les Brestois se d\u00e9placent \u00e0 Toulouse. (Photo Jean-Michel Louarn)<\/p>\n","protected":false},"excerpt":{"rendered":"Le 24 ao\u00fbt 2025 \u00e0 09h25, modifi\u00e9 le 24 ao\u00fbt 2025 \u00e0 09h25 Pour la deuxi\u00e8me journ\u00e9e de&hellip;\n","protected":false},"author":2,"featured_media":340277,"comment_status":"","ping_status":"","sticky":false,"template":"","format":"standard","meta":{"footnotes":""},"categories":[2816],"tags":[1111,11,3450,1777,674,63,1011,27,66,12,2680,25,60,4449,2312],"class_list":{"0":"post-340276","1":"post","2":"type-post","3":"status-publish","4":"format-standard","5":"has-post-thumbnail","7":"category-toulouse","8":"tag-actu","9":"tag-actualites","10":"tag-brest","11":"tag-eu","12":"tag-europe","13":"tag-football","14":"tag-fr","15":"tag-france","16":"tag-ligue-1","17":"tag-news","18":"tag-occitanie","19":"tag-republique-francaise","20":"tag-sports","21":"tag-stade-brestois","22":"tag-toulouse"},"share_on_mastodon":{"url":"https:\/\/pubeurope.com\/@fr\/115082825791387046","error":""},"_links":{"self":[{"href":"https:\/\/www.europesays.com\/fr\/wp-json\/wp\/v2\/posts\/340276","targetHints":{"allow":["GET"]}}],"collection":[{"href":"https:\/\/www.europesays.com\/fr\/wp-json\/wp\/v2\/posts"}],"about":[{"href":"https:\/\/www.europesays.com\/fr\/wp-json\/wp\/v2\/types\/post"}],"author":[{"embeddable":true,"href":"https:\/\/www.europesays.com\/fr\/wp-json\/wp\/v2\/users\/2"}],"replies":[{"embeddable":true,"href":"https:\/\/www.europesays.com\/fr\/wp-json\/wp\/v2\/comments?post=340276"}],"version-history":[{"count":0,"href":"https:\/\/www.europesays.com\/fr\/wp-json\/wp\/v2\/posts\/340276\/revisions"}],"wp:featuredmedia":[{"embeddable":true,"href":"https:\/\/www.europesays.com\/fr\/wp-json\/wp\/v2\/media\/340277"}],"wp:attachment":[{"href":"https:\/\/www.europesays.com\/fr\/wp-json\/wp\/v2\/media?parent=340276"}],"wp:term":[{"taxonomy":"category","embeddable":true,"href":"https:\/\/www.europesays.com\/fr\/wp-json\/wp\/v2\/categories?post=340276"},{"taxonomy":"post_tag","embeddable":true,"href":"https:\/\/www.europesays.com\/fr\/wp-json\/wp\/v2\/tags?post=340276"}],"curies":[{"name":"wp","href":"https:\/\/api.w.org\/{rel}","templated":true}]}}