{"id":340284,"date":"2025-08-24T08:39:11","date_gmt":"2025-08-24T08:39:11","guid":{"rendered":"https:\/\/www.europesays.com\/fr\/340284\/"},"modified":"2025-08-24T08:39:11","modified_gmt":"2025-08-24T08:39:11","slug":"pollution-la-qualite-de-lair-reste-moyenne-a-lyon-ce-dimanche","status":"publish","type":"post","link":"https:\/\/www.europesays.com\/fr\/340284\/","title":{"rendered":"Pollution : la qualit\u00e9 de l\u2019air reste moyenne \u00e0 Lyon ce dimanche"},"content":{"rendered":"<p>                            <img loading=\"lazy\" width=\"1074\" height=\"620\" class=\"attachment-article size-article wp-post-image lazyload\" alt=\"\" decoding=\"async\" src=\"https:\/\/www.europesays.com\/fr\/wp-content\/uploads\/2025\/05\/Vue-de-Lyon-sur-les-berges-du-Rhone-@CM-e1743789092937.jpg\" data-eio-rwidth=\"1074\" data-eio-rheight=\"620\"\/><\/p>\n<p>Vue de Lyon sur les berges du Rh\u00f4ne @CM<\/p>\n<p class=\"content\" style=\"font-size:1.2em;font-weight:700\">Peu d\u2019\u00e9volution par rapport \u00e0 hier du c\u00f4t\u00e9 de la qualit\u00e9 de l\u2019air ce dimanche \u00e0 Lyon, indique l\u2019observatoire Atmo Auvergne-Rh\u00f4ne-Alpes.<\/p>\n<p>Les Lyonnais respireront une nouvelle fois plut\u00f4t bien ce dimanche 24 ao\u00fbt. La qualit\u00e9 de l\u2019air reste en effet \u00ab\u00a0moyenne\u00a0\u00bb \u00e0 Lyon tout au long de la journ\u00e9e.<\/p>\n<p>L\u2019observatoire Atmo Auvergne-Rh\u00f4ne-Alpes pr\u00e9cise : \u00ab\u00a0Peu d&rsquo;\u00e9volution \u00e0 pr\u00e9voir. Le vent annonc\u00e9 permettra une bonne dispersion. La qualit\u00e9 de l&rsquo;air devrait ainsi rester qualifi\u00e9e de \u00ab\u00a0moyenne\u00a0\u00bb \u00e0 \u00ab\u00a0d\u00e9grad\u00e9e\u00a0\u00bb compte tenu des concentrations en ozone.\u00a0\u00bb<\/p>\n","protected":false},"excerpt":{"rendered":"Vue de Lyon sur les berges du Rh\u00f4ne @CM Peu d\u2019\u00e9volution par rapport \u00e0 hier du c\u00f4t\u00e9 de&hellip;\n","protected":false},"author":2,"featured_media":96274,"comment_status":"","ping_status":"","sticky":false,"template":"","format":"standard","meta":{"footnotes":""},"categories":[1889],"tags":[1111,11,2430,1777,674,1011,27,2428,12,25],"class_list":{"0":"post-340284","1":"post","2":"type-post","3":"status-publish","4":"format-standard","5":"has-post-thumbnail","7":"category-lyon","8":"tag-actu","9":"tag-actualites","10":"tag-auvergne-rhone-alpes","11":"tag-eu","12":"tag-europe","13":"tag-fr","14":"tag-france","15":"tag-lyon","16":"tag-news","17":"tag-republique-francaise"},"share_on_mastodon":{"url":"https:\/\/pubeurope.com\/@fr\/115082845587856430","error":""},"_links":{"self":[{"href":"https:\/\/www.europesays.com\/fr\/wp-json\/wp\/v2\/posts\/340284","targetHints":{"allow":["GET"]}}],"collection":[{"href":"https:\/\/www.europesays.com\/fr\/wp-json\/wp\/v2\/posts"}],"about":[{"href":"https:\/\/www.europesays.com\/fr\/wp-json\/wp\/v2\/types\/post"}],"author":[{"embeddable":true,"href":"https:\/\/www.europesays.com\/fr\/wp-json\/wp\/v2\/users\/2"}],"replies":[{"embeddable":true,"href":"https:\/\/www.europesays.com\/fr\/wp-json\/wp\/v2\/comments?post=340284"}],"version-history":[{"count":0,"href":"https:\/\/www.europesays.com\/fr\/wp-json\/wp\/v2\/posts\/340284\/revisions"}],"wp:featuredmedia":[{"embeddable":true,"href":"https:\/\/www.europesays.com\/fr\/wp-json\/wp\/v2\/media\/96274"}],"wp:attachment":[{"href":"https:\/\/www.europesays.com\/fr\/wp-json\/wp\/v2\/media?parent=340284"}],"wp:term":[{"taxonomy":"category","embeddable":true,"href":"https:\/\/www.europesays.com\/fr\/wp-json\/wp\/v2\/categories?post=340284"},{"taxonomy":"post_tag","embeddable":true,"href":"https:\/\/www.europesays.com\/fr\/wp-json\/wp\/v2\/tags?post=340284"}],"curies":[{"name":"wp","href":"https:\/\/api.w.org\/{rel}","templated":true}]}}