{"id":340285,"date":"2025-08-24T08:40:09","date_gmt":"2025-08-24T08:40:09","guid":{"rendered":"https:\/\/www.europesays.com\/fr\/340285\/"},"modified":"2025-08-24T08:40:09","modified_gmt":"2025-08-24T08:40:09","slug":"jean-michel-aulas-detaille-sa-vision-de-lyon-a-six-mois-des-municipales","status":"publish","type":"post","link":"https:\/\/www.europesays.com\/fr\/340285\/","title":{"rendered":"Jean-Michel Aulas d\u00e9taille sa \u00ab\u00a0vision de Lyon\u00a0\u00bb \u00e0 six mois des municipales"},"content":{"rendered":"<p>Pas encore officiellement candidat aux Municipales de mars 2026 dans sa ville, le vice-pr\u00e9sident de la F\u00e9d\u00e9ration fran\u00e7aise de football et ex-dirigeant de l&rsquo;OL a fait de la culture \u00ab\u00a0une priorit\u00e9\u00a0\u00bb, dans les colonnes de La Tribune, dimanche 24 ao\u00fbt.<\/p>\n<p>Un pas de plus vers une candidature aux prochaines municipales. Dans les colonnes de <a href=\"https:\/\/www.latribune.fr\/la-tribune-dimanche\/opinions\/opinion-dans-le-football-j-ai-construit-dans-la-vie-publique-je-voudrais-refonder-par-jean-michel-aulas-vice-president-de-la-fff-1031330.html\" target=\"_blank\" class=\"external_link\" rel=\"nofollow noopener\">La Tribune Dimanche<\/a>, <a href=\"https:\/\/www.bfmtv.com\/politique\/elections\/municipales\/il-est-presque-un-synonyme-de-lyon-pas-encore-tout-a-fait-candidat-jean-michel-aulas-bouscule-la-campagne-et-cible-gregory-doucet_AN-202508170010.html\" title=\"&quot;Il est presque un synonyme de Lyon&quot;: pas encore tout \u00e0 fait candidat, Jean-Michel Aulas bouscule la campagne et cible Gr\u00e9gory Doucet\" class=\"internal_link\" rel=\"nofollow noopener\" target=\"_blank\">Jean-Michel Aulas<\/a> a esquiss\u00e9 les grandes lignes d&rsquo;un potentiel mandat \u00e0 la mairie de Lyon, ville dont il est une figure embl\u00e9matique apr\u00e8s avoir dirig\u00e9 l&rsquo;Olympique lyonnais pendant 36 ans.<\/p>\n<p>Un fait d&rsquo;armes que l&rsquo;actuel vice-pr\u00e9sident de la FFF n&rsquo;h\u00e9site pas \u00e0 mettre en avant pour justifier de sa l\u00e9gitimit\u00e9 en politique. Selon lui, il existe des \u00ab\u00a0passerelles\u00a0\u00bb entre le sport, la soci\u00e9t\u00e9 et la politique. \u00ab\u00a0On dit parfois que le football n&rsquo;est qu&rsquo;un jeu. Ce n&rsquo;est pas vrai. Ce que l&rsquo;on vit dans un stade d\u00e9passe le sport. Le football est un miroir grossissant de la soci\u00e9t\u00e9, et parfois m\u00eame son laboratoire\u00a0\u00bb, \u00e9crit \u00ab\u00a0JMA\u00a0\u00bb.<\/p>\n<blockquote class=\"embed embed_quote\"><p>\u00ab\u00a0Dans les tribunes, toutes les sensibilit\u00e9s existent. (&#8230;) Un pr\u00e9sident ne choisit pas les id\u00e9es de ceux qui s&rsquo;assoient dans les tribunes. Il choisit d&rsquo;ouvrir, de poser des r\u00e8gles, de maintenir un \u00e9quilibre. Et mon devoir n&rsquo;a jamais vari\u00e9: faire tenir ensemble, faire club, faire soci\u00e9t\u00e9. Voil\u00e0 pourquoi je n&rsquo;ai jamais consid\u00e9r\u00e9 que le football se limitait \u00e0 un terrain: c&rsquo;est une mani\u00e8re de gouverner, d&rsquo;organiser, de b\u00e2tir\u00a0\u00bb, poursuit-il.<\/p><\/blockquote>\n<p>Accus\u00e9 fin juillet par la gauche de fr\u00f4ler l&rsquo;extr\u00eame droite en ayant fait <a href=\"https:\/\/www.bfmtv.com\/lyon\/une-ligne-rouge-a-ete-franchie-echange-musclee-entre-jean-michel-aulas-et-les-ecologistes-autour-des-vrais-lyonnais_AV-202507290281.html\" title=\"&quot;Une ligne rouge a \u00e9t\u00e9 franchie&quot;: \u00e9change muscl\u00e9 entre Jean-Michel Aulas et les \u00e9cologistes autour des &quot;vrais Lyonnais&quot;\" class=\"internal_link\" rel=\"nofollow noopener\" target=\"_blank\">r\u00e9f\u00e9rence aux \u00ab\u00a0vrais Lyonnais\u00a0\u00bb<\/a> dans un message sur X adress\u00e9 \u00e0 l&rsquo;actuel \u00e9dile \u00e9cologiste Gr\u00e9gory Doucet, Jean-Michel Aulas se d\u00e9fend \u00ab\u00a0d&rsquo;ignorer les r\u00e9alit\u00e9s de la ville\u00a0\u00bb mais surtout \u00ab\u00a0d&rsquo;avoir \u00e9t\u00e9 complaisant envers des id\u00e9es qu'[il] combat\u00a0\u00bb.<\/p>\n<p>Filant la m\u00e9taphore d&rsquo;une cit\u00e9 lyonnaise qui \u00ab\u00a0vibre, d\u00e9bat, accueille\u00a0\u00bb, \u00ab\u00a0comme un grand stade\u00a0\u00bb, il estime que \u00ab\u00a0Lyon f\u00e9d\u00e8re au-del\u00e0 des origines et des opinions, quand elle cultive l&rsquo;attractivit\u00e9 et le dialogue plut\u00f4t que l&rsquo;exclusion\u00a0\u00bb. \u00ab\u00a0\u00c0 l&rsquo;inverse, c\u00e9der aux extr\u00eames, c&rsquo;est r\u00e9tr\u00e9cir la ville\u00a0\u00bb, mart\u00e8le l&rsquo;ancien patron de la Cegid, \u00e2g\u00e9 de 76 ans.<\/p>\n<p>La culture comme \u00ab\u00a0priorit\u00e9\u00a0\u00bb<\/p>\n<p>\u00ab\u00a0Les prochaines semaines seront d\u00e9cisives pour tracer ce chemin\u00a0\u00bb, juge celui qui n&rsquo;a <a href=\"https:\/\/www.bfmtv.com\/lyon\/municipales-a-lyon-jean-michel-aulas-donnera-sa-reponse-sur-sa-candidature-d-ici-fin-aout-debut-septembre_AN-202507030864.html\" title=\"Municipales \u00e0 Lyon: Jean-Michel Aulas donnera sa r\u00e9ponse sur sa candidature d&#039;ici &quot;fin ao\u00fbt, d\u00e9but septembre&quot;\" class=\"internal_link\" rel=\"nofollow noopener\" target=\"_blank\">toujours pas d\u00e9clar\u00e9 officiellement sa candidature<\/a> aux \u00e9lections municipales. \u00ab\u00a0D&rsquo;ici la fin du mois de juin, je vous dirai comment je vais y aller et avec qui\u00a0\u00bb, expliquait-il pourtant le 19 juin dernier.<\/p>\n<p>Et ce, avant de repousser la date de l&rsquo;annonce en<strong> \u00ab\u00a0<\/strong>septembre, au plus t\u00f4t fin ao\u00fbt\u00a0\u00bb car \u00ab\u00a0la vie politique est plus calme pendant les vacances\u00a0\u00bb, selon ses mots le 3 juillet.<\/p>\n<p>Aupr\u00e8s de La Tribune Dimanche, Jean-Michel Aulas n&rsquo;a toujours pas franchi le pas, alors que fleurissent des faux comptes sur les r\u00e9seaux sociaux pour tenter de devancer sa candidature, mais il a l\u00e2ch\u00e9 quelques indices sur les contours de la politique qu&rsquo;il souhaite mener. \u00c0 commencer par mettre l&rsquo;accent sur la culture.<\/p>\n<blockquote class=\"embed embed_quote\"><p>\u00ab\u00a0Une ville n&rsquo;existe pas en reniant sa culture et son histoire: c&rsquo;est son souffle vital, son ciment discret. Je veux que Lyon renoue avec son histoire et fasse de la culture non pas une variable d&rsquo;ajustement, mais une priorit\u00e9, parce qu&rsquo;elle est ce qui relie, inspire et donne sens \u00e0 l&rsquo;action collective\u00a0\u00bb, souligne-t-il.<\/p><\/blockquote>\n<p>\u00ab\u00a0\u00c0 ceux qui opposent culture et \u00e9conomie, lien social et performance, solidarit\u00e9 et exigence, je r\u00e9ponds: regardons ce que nous devons r\u00e9inventer. C&rsquo;est cette vision de Lyon que j&rsquo;aimerais raviver: celle d&rsquo;une ville qui pense loin, agit juste et rassemble large\u00a0\u00bb, confirme-t-il encore.<\/p>\n<p>Vers un soutien du camp pr\u00e9sidentiel et de LR<\/p>\n<p>Par le pass\u00e9, l&rsquo;entrepreneur a d\u00e9j\u00e0 distill\u00e9 <a href=\"https:\/\/www.bfmtv.com\/lyon\/info-bfm-lyon-municipales-2026-a-lyon-jean-michel-aulas-propose-d-etendre-la-gratuite-des-transports-s-il-est-candidat_AN-202506050331.html\" title=\"INFO BFM LYON. Municipales 2026 \u00e0 Lyon: Jean-Michel Aulas propose d&#039;\u00e9tendre la gratuit\u00e9 des transports s&#039;il est candidat\" class=\"internal_link\" rel=\"nofollow noopener\" target=\"_blank\">plusieurs orientations<\/a>, dont la s\u00e9curit\u00e9 \u00ab\u00a0partout et pour tous\u00a0\u00bb, la \u00ab\u00a0propret\u00e9 et dignit\u00e9\u00a0\u00bb rendues \u00e0 la ville de Lyon ou des \u00ab\u00a0\u00e9quipements sportifs \u00e0 la hauteur de la pratique des amateurs, et en priorit\u00e9 des femmes\u00a0\u00bb.<\/p>\n<p>Il a \u00e9galement dit vouloir la gratuit\u00e9 des transports en commun \u00ab\u00a0pour tous les Lyonnais dont les revenus mensuels nets sont inf\u00e9rieurs \u00e0 2.500 euros\u00a0\u00bb. Une comp\u00e9tence qui n&rsquo;incombe toutefois pas au maire de Lyon, mais au pr\u00e9sident de la m\u00e9tropole.<\/p>\n<p>Pour l&rsquo;instant, Jean-Michel Aulas peut compter sur le camp pr\u00e9sidentiel: les trois partis qui le composent, Renaissance, le Modem et Horizons, lui apporteront leur soutien. Quant \u00e0 LR, l\u2019optimisme r\u00e8gne, m\u00eame si la fum\u00e9e blanche se fait encore attendre. D\u00e9j\u00e0 d\u00e9clar\u00e9 candidat, <strong><a href=\"https:\/\/www.bfmtv.com\/lyon\/municipales-2026-a-lyon-pierre-oliver-annonce-sa-candidature-pour-tourner-la-page-ecologiste_AV-202503250431.html\" title=\"Municipales 2026 \u00e0 Lyon: Pierre Oliver annonce sa candidature pour &quot;tourner la page&quot; \u00e9cologiste\" class=\"internal_link\" rel=\"nofollow noopener\" target=\"_blank\">Pierre Oliver<\/a><\/strong>, le maire du 2e arrondissement lyonnais, pourrait finalement s\u2019allier avec lui.<\/p>\n<p>Pour \u00e9viter une dispersion des voix, il a d&rsquo;ailleurs consult\u00e9 de nombreux cadors politiques, certains \u00e0 plusieurs reprises: Gabriel Attal, Laurent Wauquiez, Bruno Retailleau, Fran\u00e7ois Bayrou, \u00c9douard Philippe et m\u00eame Emmanuel Macron.<\/p>\n<p>Une chose est s\u00fbre, Jean-Michel Aulas a en tout cas un adversaire dans le viseur avec la majorit\u00e9 de gauche, qui gouverne pr\u00e9sentement entre Rh\u00f4ne et Sa\u00f4ne et dont il veut s&rsquo;attacher \u00e0 d\u00e9construire l&rsquo;action: \u00ab\u00a0Dans l&rsquo;entreprise comme dans le football, j&rsquo;ai construit. Dans la vie publique, je voudrais d\u00e9sormais refonder.\u00a0\u00bb<\/p>\n","protected":false},"excerpt":{"rendered":"Pas encore officiellement candidat aux Municipales de mars 2026 dans sa ville, le vice-pr\u00e9sident de la F\u00e9d\u00e9ration fran\u00e7aise&hellip;\n","protected":false},"author":2,"featured_media":324193,"comment_status":"","ping_status":"","sticky":false,"template":"","format":"standard","meta":{"footnotes":""},"categories":[1889],"tags":[1111,11,2430,1777,674,1011,27,2428,12,25],"class_list":{"0":"post-340285","1":"post","2":"type-post","3":"status-publish","4":"format-standard","5":"has-post-thumbnail","7":"category-lyon","8":"tag-actu","9":"tag-actualites","10":"tag-auvergne-rhone-alpes","11":"tag-eu","12":"tag-europe","13":"tag-fr","14":"tag-france","15":"tag-lyon","16":"tag-news","17":"tag-republique-francaise"},"share_on_mastodon":{"url":"https:\/\/pubeurope.com\/@fr\/115082849360427966","error":""},"_links":{"self":[{"href":"https:\/\/www.europesays.com\/fr\/wp-json\/wp\/v2\/posts\/340285","targetHints":{"allow":["GET"]}}],"collection":[{"href":"https:\/\/www.europesays.com\/fr\/wp-json\/wp\/v2\/posts"}],"about":[{"href":"https:\/\/www.europesays.com\/fr\/wp-json\/wp\/v2\/types\/post"}],"author":[{"embeddable":true,"href":"https:\/\/www.europesays.com\/fr\/wp-json\/wp\/v2\/users\/2"}],"replies":[{"embeddable":true,"href":"https:\/\/www.europesays.com\/fr\/wp-json\/wp\/v2\/comments?post=340285"}],"version-history":[{"count":0,"href":"https:\/\/www.europesays.com\/fr\/wp-json\/wp\/v2\/posts\/340285\/revisions"}],"wp:featuredmedia":[{"embeddable":true,"href":"https:\/\/www.europesays.com\/fr\/wp-json\/wp\/v2\/media\/324193"}],"wp:attachment":[{"href":"https:\/\/www.europesays.com\/fr\/wp-json\/wp\/v2\/media?parent=340285"}],"wp:term":[{"taxonomy":"category","embeddable":true,"href":"https:\/\/www.europesays.com\/fr\/wp-json\/wp\/v2\/categories?post=340285"},{"taxonomy":"post_tag","embeddable":true,"href":"https:\/\/www.europesays.com\/fr\/wp-json\/wp\/v2\/tags?post=340285"}],"curies":[{"name":"wp","href":"https:\/\/api.w.org\/{rel}","templated":true}]}}