{"id":34030,"date":"2025-04-18T12:18:09","date_gmt":"2025-04-18T12:18:09","guid":{"rendered":"https:\/\/www.europesays.com\/fr\/34030\/"},"modified":"2025-04-18T12:18:09","modified_gmt":"2025-04-18T12:18:09","slug":"pronostic-alexander-zverev-tallon-griekspoor-atp-munich","status":"publish","type":"post","link":"https:\/\/www.europesays.com\/fr\/34030\/","title":{"rendered":"Pronostic Alexander Zverev Tallon Griekspoor &#8211; ATP Munich"},"content":{"rendered":"<p class=\"text-xs leading-5 text-gray-400 mb-2\">\n                        Publi\u00e9 le 17\/04\/2025 12:11<br \/>\n                        \u00a0par<br \/>\n                                                            <a href=\"https:\/\/www.sportytrader.com\/auteur\/jeremy-ernou-10\/\" target=\"_blank\" rel=\"noopener\">J\u00e9r\u00e9my Ernou<\/a><\/p>\n<p>                                                    |<br \/>\n                            Modifi\u00e9 le<br \/>\n                                17\/04\/2025<br \/>\n                                \u00e0 12:12<\/p>\n<p>                                                                                                            dans<br \/>\n                                <a data-trans=\"tips.published.sport %sport%\" href=\"https:\/\/www.sportytrader.com\/pronostics\/tennis\/\" target=\"_blank\" rel=\"noopener\"><br \/>\n                                    Pronostics Tennis<br \/>\n                                <\/a><\/p>\n<p>En qu\u00eate d\u2019un premier titre cette ann\u00e9e, l\u2019Allemand Alexander Zverev affrontera le N\u00e9erlandais Tallon Griekspoor pour une place en demi-finale du tournoi de Munich.<\/p>\n<p>Jouer devant son public sera peut-\u00eatre le rem\u00e8de aux maux d\u2019Alexander Zverev. Depuis son revers en finale de l\u2019Open d\u2019Australie, l\u2019Allemand a enchain\u00e9 les contreperformances, perdant au passage sa seconde place au classement ATP. Mais depuis le d\u00e9but de semaine en Bavi\u00e8re, le num\u00e9ro 3 mondial a repris du poil de la b\u00eate avec deux belles victoires sur le Fran\u00e7ais Alexander Muller puis son compatriote Daniel Altmaier. Signe du renouveau pour Alexander Zverev ? Ce vendredi pour un ticket dans le dernier carr\u00e9, il faudra affronter un joueur en forme depuis plusieurs semaines, Tallon Griekspoor.<\/p>\n<p>Le N\u00e9erlandais \u00e9tait sur la pente descendante ces derniers mois mais depuis la mi-f\u00e9vrier, le Batave a retrouv\u00e9 toutes ses capacit\u00e9s. Demi-finale \u00e0 Duba\u00ef, quart de finale \u00e0 Indian Wells puis une finale \u00e0 Marrakech, preuve de la bonne sant\u00e9 actuelle du 37\u00e8me \u00e0 l\u2019ATP. Cette semaine \u00e0 Munich, Tallon Griekspoor n\u2019a pas connu le moindre souci pour se d\u00e9faire de l\u2019Am\u00e9ricain Learner Tien puis de l\u2019Allemand Yannick Hanfmann, domin\u00e9s en 2 sets. En confiance, le N\u00e9erlandais arrive gonfl\u00e9 \u00e0 bloc avant ce rendez-vous face \u00e0 la t\u00eate de s\u00e9rie n\u00b01 du tournoi, avec des ambitions. <\/p>\n","protected":false},"excerpt":{"rendered":"Publi\u00e9 le 17\/04\/2025 12:11 \u00a0par J\u00e9r\u00e9my Ernou | Modifi\u00e9 le 17\/04\/2025 \u00e0 12:12 dans Pronostics Tennis En qu\u00eate&hellip;\n","protected":false},"author":2,"featured_media":34031,"comment_status":"","ping_status":"","sticky":false,"template":"","format":"standard","meta":{"footnotes":""},"categories":[1415],"tags":[5827,10385,1011,27,1817,1821,60,2583,1467],"class_list":{"0":"post-34030","1":"post","2":"type-post","3":"status-publish","4":"format-standard","5":"has-post-thumbnail","7":"category-tennis","8":"tag-alexander-zverev","9":"tag-atp-munich","10":"tag-fr","11":"tag-france","12":"tag-pronostic","13":"tag-pronostics","14":"tag-sports","15":"tag-tallon-griekspoor","16":"tag-tennis"},"share_on_mastodon":{"url":"https:\/\/pubeurope.com\/@fr\/114358930779538556","error":""},"_links":{"self":[{"href":"https:\/\/www.europesays.com\/fr\/wp-json\/wp\/v2\/posts\/34030","targetHints":{"allow":["GET"]}}],"collection":[{"href":"https:\/\/www.europesays.com\/fr\/wp-json\/wp\/v2\/posts"}],"about":[{"href":"https:\/\/www.europesays.com\/fr\/wp-json\/wp\/v2\/types\/post"}],"author":[{"embeddable":true,"href":"https:\/\/www.europesays.com\/fr\/wp-json\/wp\/v2\/users\/2"}],"replies":[{"embeddable":true,"href":"https:\/\/www.europesays.com\/fr\/wp-json\/wp\/v2\/comments?post=34030"}],"version-history":[{"count":0,"href":"https:\/\/www.europesays.com\/fr\/wp-json\/wp\/v2\/posts\/34030\/revisions"}],"wp:featuredmedia":[{"embeddable":true,"href":"https:\/\/www.europesays.com\/fr\/wp-json\/wp\/v2\/media\/34031"}],"wp:attachment":[{"href":"https:\/\/www.europesays.com\/fr\/wp-json\/wp\/v2\/media?parent=34030"}],"wp:term":[{"taxonomy":"category","embeddable":true,"href":"https:\/\/www.europesays.com\/fr\/wp-json\/wp\/v2\/categories?post=34030"},{"taxonomy":"post_tag","embeddable":true,"href":"https:\/\/www.europesays.com\/fr\/wp-json\/wp\/v2\/tags?post=34030"}],"curies":[{"name":"wp","href":"https:\/\/api.w.org\/{rel}","templated":true}]}}