{"id":340300,"date":"2025-08-24T08:50:39","date_gmt":"2025-08-24T08:50:39","guid":{"rendered":"https:\/\/www.europesays.com\/fr\/340300\/"},"modified":"2025-08-24T08:50:39","modified_gmt":"2025-08-24T08:50:39","slug":"une-femme-transgenre-condamnee-pour-avoir-eu-des-rapports-avec-un-homme-sans-lui-preciser-son-sexe-biologique","status":"publish","type":"post","link":"https:\/\/www.europesays.com\/fr\/340300\/","title":{"rendered":"une femme transgenre condamn\u00e9e pour avoir eu des rapports avec un homme sans lui pr\u00e9ciser son sexe biologique"},"content":{"rendered":"<p>            <img decoding=\"async\" alt=\"Photo d'illustration.\" src=\"https:\/\/www.europesays.com\/fr\/wp-content\/uploads\/2025\/08\/apres-le-deces-de-la-juge-truchet-son-binome-professionnel-raconte-une-justice-en-miettes.jpg\" width=\"375\" height=\"250\" loading=\"lazy\"\/><\/p>\n<p>\n    Sa peine d\u00e9finitive sera rendue le 10 octobre prochain.<\/p>\n<p>                Hans Lucas via AFP<br \/>\n                                        \/<br \/>\n                                                    \u00a9 Arnaud Le Vu<\/p>\n<p>Une d\u00e9cision de justice inhabituelle.  Ciara Watkin, une femme transgenre originaire du nord-est de l\u2019<a href=\"https:\/\/www.lejdd.fr\/Societe\/apres-150-ans-dexil-la-depouille-de-napoleon-iii-reposera-t-elle-un-jour-en-france-161189\" target=\"_blank\" rel=\"nofollow noopener\">Angleterre<\/a>, a \u00e9t\u00e9 reconnue coupable d\u2019agression sexuelle sur l\u2019homme qu\u2019elle fr\u00e9quentait, car elle ne lui avait pas r\u00e9v\u00e9l\u00e9 qu\u2019elle n\u2019\u00e9tait pas biologiquement une femme, rapporte la <a href=\"https:\/\/www.bbc.com\/news\/articles\/c4gmvgn8z7yo\" target=\"_blank\" rel=\"nofollow noopener\">BBC<\/a>.<\/p>\n<blockquote class=\"twitter-tweet\">\n<p dir=\"ltr\" lang=\"fr\">Ciara Watkin, une femme transgenre de 21 ans, \u00e9tait accus\u00e9e d\u2019avoir cach\u00e9 son genre \u00e0 l\u2019homme qu\u2019elle fr\u00e9quentait. Elle a \u00e9t\u00e9 reconnue coupable d\u2019agression sexuelle. <a href=\"https:\/\/t.co\/CbVhWkp9LO\" rel=\"nofollow\">https:\/\/t.co\/CbVhWkp9LO<\/a><\/p>\n<p>\u2014 Paris Match (@ParisMatch) <a href=\"https:\/\/twitter.com\/ParisMatch\/status\/1958930941503549784?ref_src=twsrc%5Etfw\" rel=\"nofollow noopener\" target=\"_blank\">August 22, 2025<\/a><\/p><\/blockquote>\n<p>    La suite apr\u00e8s cette publicit\u00e9<\/p>\n<p>L\u2019affaire remonte \u00e0 juin\u00a02022. Ciara Watkin fait la connaissance d\u2019un homme \u00e9galement \u00e2g\u00e9 de 21\u00a0ans sur le r\u00e9seau social Snapchat. Ils ont par la suite des rapports sexuels, sans qu\u2019elle mentionne \u00eatre transgenre. Selon le Crown Prosecution Service \u2013 l\u2019organe charg\u00e9 des poursuites judiciaires \u2013, elle aurait \u00e9voqu\u00e9 ses r\u00e8gles pour \u00e9viter d\u2019\u00eatre touch\u00e9e sous la taille.<\/p>\n<p>    La suite apr\u00e8s cette publicit\u00e9<\/p>\n<blockquote class=\"exergue\">\n<p>\u00ab Ces \u00e9v\u00e9nements ont eu un impact significatif sur sa sant\u00e9 mentale\u00a0\u00bb<\/p>\n<\/blockquote>\n<p>Ciara Watkin a fini par confier \u00e0 son partenaire \u00eatre transgenre et avoir des organes g\u00e9nitaux masculins. L\u2019homme a alors d\u00e9cid\u00e9 de porter plainte, affirmant qu\u2019il n\u2019aurait jamais consenti s\u2019il avait eu connaissance de cette information. Pourtant, selon les avocats de la d\u00e9fense, il \u00e9tait \u00ab\u00a0\u00e9vident\u00a0\u00bb que leur cliente n\u2019\u00e9tait pas biologiquement une femme.<\/p>\n<p>    La suite apr\u00e8s cette publicit\u00e9<\/p>\n<p>    La suite apr\u00e8s cette publicit\u00e9<\/p>\n<p>Cet argument est repouss\u00e9 par l\u2019accusation. Il \u00ab\u00a0a clairement indiqu\u00e9 lors de l\u2019interrogatoire de police qu\u2019il n\u2019aurait pas eu de rapports sexuels s\u2019il avait su que Ciara Watkin \u00e9tait transgenre et, par cons\u00e9quent, ces \u00e9v\u00e9nements ont eu un impact significatif sur sa sant\u00e9 mentale\u00a0\u00bb, a plaid\u00e9 la procureure Sarah Nelson. <\/p>\n<p>Ciara Watkin a \u00e9t\u00e9 reconnue coupable de trois chefs d\u2019agression sexuelle. Sa peine d\u00e9finitive sera rendue le 10\u00a0octobre prochain.<\/p>\n<p>                                    <script async src=\"https:\/\/platform.twitter.com\/widgets.js\" charset=\"utf-8\"><\/script><\/p>\n","protected":false},"excerpt":{"rendered":"Sa peine d\u00e9finitive sera rendue le 10 octobre prochain. Hans Lucas via AFP \/ \u00a9 Arnaud Le Vu&hellip;\n","protected":false},"author":2,"featured_media":340301,"comment_status":"","ping_status":"","sticky":false,"template":"","format":"standard","meta":{"footnotes":""},"categories":[1588],"tags":[11,1777,674,12,473,1853,1851,1850,1852],"class_list":{"0":"post-340300","1":"post","2":"type-post","3":"status-publish","4":"format-standard","5":"has-post-thumbnail","7":"category-royaume-uni","8":"tag-actualites","9":"tag-eu","10":"tag-europe","11":"tag-news","12":"tag-royaume-uni","13":"tag-royaume-uni-de-grande-bretagne-et-dirlande-du-nord","14":"tag-uk","15":"tag-united-kingdom","16":"tag-united-kingdom-of-great-britain-and-northern-ireland"},"share_on_mastodon":{"url":"https:\/\/pubeurope.com\/@fr\/115082888860310505","error":""},"_links":{"self":[{"href":"https:\/\/www.europesays.com\/fr\/wp-json\/wp\/v2\/posts\/340300","targetHints":{"allow":["GET"]}}],"collection":[{"href":"https:\/\/www.europesays.com\/fr\/wp-json\/wp\/v2\/posts"}],"about":[{"href":"https:\/\/www.europesays.com\/fr\/wp-json\/wp\/v2\/types\/post"}],"author":[{"embeddable":true,"href":"https:\/\/www.europesays.com\/fr\/wp-json\/wp\/v2\/users\/2"}],"replies":[{"embeddable":true,"href":"https:\/\/www.europesays.com\/fr\/wp-json\/wp\/v2\/comments?post=340300"}],"version-history":[{"count":0,"href":"https:\/\/www.europesays.com\/fr\/wp-json\/wp\/v2\/posts\/340300\/revisions"}],"wp:featuredmedia":[{"embeddable":true,"href":"https:\/\/www.europesays.com\/fr\/wp-json\/wp\/v2\/media\/340301"}],"wp:attachment":[{"href":"https:\/\/www.europesays.com\/fr\/wp-json\/wp\/v2\/media?parent=340300"}],"wp:term":[{"taxonomy":"category","embeddable":true,"href":"https:\/\/www.europesays.com\/fr\/wp-json\/wp\/v2\/categories?post=340300"},{"taxonomy":"post_tag","embeddable":true,"href":"https:\/\/www.europesays.com\/fr\/wp-json\/wp\/v2\/tags?post=340300"}],"curies":[{"name":"wp","href":"https:\/\/api.w.org\/{rel}","templated":true}]}}