{"id":340305,"date":"2025-08-24T08:53:09","date_gmt":"2025-08-24T08:53:09","guid":{"rendered":"https:\/\/www.europesays.com\/fr\/340305\/"},"modified":"2025-08-24T08:53:09","modified_gmt":"2025-08-24T08:53:09","slug":"incendie-dans-laude-les-animaux-ont-eu-du-mal-a-senfuir-mais-des-survivants-pointent-leur-nez","status":"publish","type":"post","link":"https:\/\/www.europesays.com\/fr\/340305\/","title":{"rendered":"Incendie dans l&rsquo;Aude. \u00ab\u00a0Les animaux ont eu du mal \u00e0 s\u2019enfuir\u00a0\u00bb, mais des survivants pointent leur nez"},"content":{"rendered":"<p>            Par<br \/>\n        <strong><br \/>\n            <a href=\"https:\/\/actu.fr\/auteur\/margot-fournie\" title=\"Consulter tous les articles de Margot Fournie\" target=\"_blank\" rel=\"noopener\">Margot Fournie<\/a><br \/>\n        <\/strong><\/p>\n<p>        Publi\u00e9 le<\/p>\n<p>            24 ao\u00fbt 2025 \u00e0 10h02        <\/p>\n<p>Un <a href=\"https:\/\/actu.fr\/faits-divers\/aude-hectares-parcourus-morts-blesses-routes-fermees-ce-que-l-on-sait-du-plus-gros-incendie-de-l-annee_63002455.html\" target=\"_blank\" rel=\"noopener\">terrible incendie a ravag\u00e9 l\u2019Aude<\/a> au d\u00e9but du mois d\u2019ao\u00fbt. <strong>Plus de 16\u2009000 hectares<\/strong> sont partis en fum\u00e9e. <a href=\"https:\/\/actu.fr\/occitanie\/saint-laurent-de-la-cabrerisse_11351\/feu-geant-de-l-aude-la-fille-de-la-femme-retrouvee-morte-dans-sa-maison-donne-sa-version-des-faits_63012276.html\" target=\"_blank\" rel=\"noopener\">Une dame est d\u00e9c\u00e9d\u00e9e<\/a> et des particuliers ont perdu leur maison, <a href=\"https:\/\/actu.fr\/societe\/incendie-dans-l-aude-environ-190-entreprises-touchees-par-le-sinistre-une-aide-proposee_63049454.html\" target=\"_blank\" rel=\"noopener\">leurs entreprises<\/a>. Les <a href=\"https:\/\/actu.fr\/societe\/il-a-marche-dans-le-feu-il-n-est-pas-tire-d-affaire-dans-l-aude-l-incendie-touche-aussi-les-animaux_63009732.html\" target=\"_blank\" rel=\"noopener\">animaux ont aussi \u00e9t\u00e9 touch\u00e9s<\/a> par le brasier. L\u2019association Wany the pooh ne les a pas oubli\u00e9s. Elle a lanc\u00e9 un <a href=\"https:\/\/actu.fr\/faits-divers\/incendie-dans-l-aude-cette-association-appelle-aux-dons-pour-sauver-la-faune-sauvage_63015872.html\" target=\"_blank\" rel=\"noopener\">appel aux dons pour aider la faune sauvage<\/a>. Apr\u00e8s <strong>plus d\u2019une semaine d\u2019inventions sur le terrain<\/strong>, men\u00e9es du 10 au 17\u00a0ao\u00fbt, elle commence \u00e0 faire le<strong> bilan des pertes<\/strong> ou des<strong> sauvetages des animaux<\/strong>. Voici ses premiers constats.<\/p>\n<p>Un incendie particuli\u00e8rement meurtrier<\/p>\n<p class=\" wall-content\">Le feu a \u00e9t\u00e9 particuli\u00e8rement meurtrier. \u00ab\u2009Il allait \u00e0 7\u00a0km\/h, ce qui est tr\u00e8s vite. Il n\u2019a pas laiss\u00e9 beaucoup de possibilit\u00e9s aux animaux. <strong>Ils ont eu du mal \u00e0 s\u2019enfuir<\/strong>\u2009\u00bb, confie Laurent Dalard, b\u00e9n\u00e9vole pour l\u2019association.<\/p>\n<p class=\" wall-content\">En explorant les terres br\u00fbl\u00e9es, les membres ont trouv\u00e9 des <strong>b\u00eates<\/strong> \u00ab\u2009en <strong>position f\u0153tale<\/strong>. C\u2019\u00e9tait <strong>une premi\u00e8re<\/strong> pour nous et \u00e7a montre encore une fois la rapidit\u00e9 du feu.\u2009\u00bb<\/p>\n<blockquote class=\"ac-article-quote wall-content\">\n<p>Mais \u00e7a ce n&rsquo;est que la partie immerg\u00e9e de l&rsquo;iceberg. On ne sait pas combien d&rsquo;insectes, d&rsquo;oiseaux ont \u00e9t\u00e9 touch\u00e9s.<\/p>\n<p>    <strong>Laurent Dalard<\/strong><br \/>\n        b\u00e9n\u00e9vole de Wany the pooh    <\/p><\/blockquote>\n<p class=\" wall-content\">Sous les ponts, ils ont relev\u00e9 la pr\u00e9sence de <strong>cadavres d\u2019animaux qui ne cohabitent pas<\/strong>. \u00ab\u2009Un renard, un marcassin, une martre, un li\u00e8vre se sont r\u00e9fugi\u00e9s ensemble\u2009\u00bb, reprend Laurent Dalard qui \u00e9voque encore un \u00ab<strong>\u2009faon trouv\u00e9 dans une vigne \u00e9pargn\u00e9e<\/strong>, mais qui est mort de d\u00e9shydratation. Mais \u00e7a, ce n\u2019est que la partie immerg\u00e9e de l\u2019iceberg. On ne sait pas combien d\u2019insectes, d\u2019oiseaux ont \u00e9t\u00e9 touch\u00e9s.\u2009\u00bb<\/p>\n<p>11 marcassins, des renards, un aigle\u2026<\/p>\n<p class=\" wall-content\">Pour autant,<strong> des b\u00eates<\/strong> ont \u00e9t\u00e9 <strong>\u00e9pargn\u00e9es<\/strong>.<\/p>\n<p>Votre r\u00e9gion, votre actu !<\/p>\n<p>Recevez chaque jour les infos qui comptent pour vous.<\/p>\n<p>\t<a href=\"https:\/\/actu.fr\/newsletter\" class=\"ac-btn ac-btn--corner ac-btn--medium ac-btn--blue800\" target=\"_blank\" rel=\"noopener\">S&rsquo;incrire<\/a><\/p>\n<p>    <a href=\"https:\/\/www.facebook.com\/plugins\/video.php?height=476&amp;href=https%3A%2F%2Fwww.facebook.com%2Freel%2F799357462518732%2F&amp;show_text=true&amp;width=350&amp;t=0\" title=\"Ouvrie le lien\" target=\"_blank\" rel=\"noopener\">Cliquez ici pour visualiser le contenu<\/a><\/p>\n<p class=\" wall-content\">\u00ab\u2009On a vu <strong>un blaireau<\/strong>, 11 marcassins, plusieurs renards gr\u00e2ce \u00e0 une cam\u00e9ra de surveillance thermique. Mais aussi <strong>des sangliers<\/strong>, des chevreuils, des li\u00e8vres, un aigle, des faucons cr\u00e9celles, <strong>deux ch\u00e8vres<\/strong>\u2009\u00bb, \u00e9num\u00e8re le b\u00e9n\u00e9vole qui glisse qu\u2019ils ont aussi \u00ab<strong>\u2009trouv\u00e9 un chat<\/strong>.\u2009\u00bb<\/p>\n<p>Les b\u00e9n\u00e9voles venaient de toute la France<\/p>\n<p class=\" wall-content\">Pour venir en aide \u00e0 ces animaux, <strong>de l\u2019eau<\/strong> et des <strong>fruits<\/strong>, des <strong>l\u00e9gumes<\/strong> ont \u00e9t\u00e9 laiss\u00e9s dans des endroits pr\u00e9serv\u00e9s des flammes. L\u2019id\u00e9e n\u2019est pas de les nourrir, mais de <strong>leur permettre de continuer leur route<\/strong>.<\/p>\n<blockquote class=\"ac-article-quote wall-content\">\n<p>20 \u00e0 30 personnes \u00e9taient pr\u00e9sentes par jour. Ce sont des gens qui venaient de partout en France.<\/p>\n<p>    <strong>Laurent Dalard <\/strong><br \/>\n        b\u00e9n\u00e9vole    <\/p><\/blockquote>\n<p class=\" wall-content\">Ce bilan et ces sauvetages ont pu \u00eatre r\u00e9alis\u00e9s gr\u00e2ce \u00e0 l\u2019action des b\u00e9n\u00e9voles. \u00ab\u200920 \u00e0 30\u00a0personnes \u00e9taient pr\u00e9sentes par jour. Ce sont des gens qui <strong>venaient de partout en France<\/strong>\u2009\u00bb, confie Laurent Dalard.<\/p>\n<p class=\" wall-content\">Aujourd\u2019hui, l\u2019association s\u2019est mise en retrait. Ses membres attendent d\u2019\u00eatre mobilis\u00e9s sur un autre incendie.<\/p>\n<p>L\u2019association est \u00e0 la recherche de nouveaux membres pour 2026. Pour en savoir plus \u00e0 ce sujet vous pouvez vous rendre sur le site <a href=\"https:\/\/wanythepooh.com\/?fbclid=IwY2xjawMVI69leHRuA2FlbQIxMABicmlkETF1S2NvUWRRUHc2clBGV3dXAR48ci3Px3obYK8QRnWJXLqxxjUE4dNLuhI52ILu9rtUYU_rSDLy2LpLjTStHQ_aem_w8nS0P24cjlmuvZqVnyo8Q\" target=\"_blank\" rel=\"noopener\">Wany the pooh<\/a>.<\/p>\n<p class=\" wall-content\">Personnalisez votre actualit\u00e9 en ajoutant vos villes et m\u00e9dias en favori avec <a href=\"https:\/\/moncompte.actu.fr\" title=\"D\u00e9couvez Mon Actu\" rel=\"nofollow noopener\" data-trk=\"{&quot;cta&quot;:{&quot;action&quot;:&quot;https:\\\/\\\/moncompte.actu.fr&quot;,&quot;category&quot;:&quot;mon compte&quot;,&quot;from&quot;:&quot;article footer&quot;,&quot;name&quot;:&quot;Mon actu&quot;,&quot;type&quot;:&quot;cta&quot;}}\" target=\"_blank\">Mon Actu<\/a>.<\/p>\n","protected":false},"excerpt":{"rendered":"Par Margot Fournie Publi\u00e9 le 24 ao\u00fbt 2025 \u00e0 10h02 Un terrible incendie a ravag\u00e9 l\u2019Aude au d\u00e9but&hellip;\n","protected":false},"author":2,"featured_media":340306,"comment_status":"","ping_status":"","sticky":false,"template":"","format":"standard","meta":{"footnotes":""},"categories":[1586],"tags":[11,1867,1777,674,1779,118,1011,27,1310,12,25,1778,364],"class_list":{"0":"post-340305","1":"post","2":"type-post","3":"status-publish","4":"format-standard","5":"has-post-thumbnail","7":"category-europe","8":"tag-actualites","9":"tag-animaux","10":"tag-eu","11":"tag-europe","12":"tag-european-union","13":"tag-faits-divers","14":"tag-fr","15":"tag-france","16":"tag-incendie","17":"tag-news","18":"tag-republique-francaise","19":"tag-ue","20":"tag-union-europeenne"},"share_on_mastodon":{"url":"https:\/\/pubeurope.com\/@fr\/115082900609817778","error":""},"_links":{"self":[{"href":"https:\/\/www.europesays.com\/fr\/wp-json\/wp\/v2\/posts\/340305","targetHints":{"allow":["GET"]}}],"collection":[{"href":"https:\/\/www.europesays.com\/fr\/wp-json\/wp\/v2\/posts"}],"about":[{"href":"https:\/\/www.europesays.com\/fr\/wp-json\/wp\/v2\/types\/post"}],"author":[{"embeddable":true,"href":"https:\/\/www.europesays.com\/fr\/wp-json\/wp\/v2\/users\/2"}],"replies":[{"embeddable":true,"href":"https:\/\/www.europesays.com\/fr\/wp-json\/wp\/v2\/comments?post=340305"}],"version-history":[{"count":0,"href":"https:\/\/www.europesays.com\/fr\/wp-json\/wp\/v2\/posts\/340305\/revisions"}],"wp:featuredmedia":[{"embeddable":true,"href":"https:\/\/www.europesays.com\/fr\/wp-json\/wp\/v2\/media\/340306"}],"wp:attachment":[{"href":"https:\/\/www.europesays.com\/fr\/wp-json\/wp\/v2\/media?parent=340305"}],"wp:term":[{"taxonomy":"category","embeddable":true,"href":"https:\/\/www.europesays.com\/fr\/wp-json\/wp\/v2\/categories?post=340305"},{"taxonomy":"post_tag","embeddable":true,"href":"https:\/\/www.europesays.com\/fr\/wp-json\/wp\/v2\/tags?post=340305"}],"curies":[{"name":"wp","href":"https:\/\/api.w.org\/{rel}","templated":true}]}}