{"id":340307,"date":"2025-08-24T08:54:17","date_gmt":"2025-08-24T08:54:17","guid":{"rendered":"https:\/\/www.europesays.com\/fr\/340307\/"},"modified":"2025-08-24T08:54:17","modified_gmt":"2025-08-24T08:54:17","slug":"en-direct-nous-serons-a-nouveau-une-seule-famille-zelensky-martele-sa-volonte-dunite-de-lukraine-pour-la-fete-de-lindependance","status":"publish","type":"post","link":"https:\/\/www.europesays.com\/fr\/340307\/","title":{"rendered":"EN DIRECT &#8211; \u00ab\u00a0Nous serons \u00e0 nouveau une seule famille\u00a0\u00bb : Zelensky mart\u00e8le sa volont\u00e9 d&rsquo;unit\u00e9 de l&rsquo;Ukraine pour la f\u00eate de l&rsquo;ind\u00e9pendance"},"content":{"rendered":"<ul class=\"jsx-862013697 ArticleChapo__List\">\n<li class=\"jsx-862013697 ArticleChapo__List_Item flex\">Sur X, le pr\u00e9sident ukrainien s&rsquo;est adress\u00e9 \u00e0 la Nation, pour le jour anniversaire de l&rsquo;ind\u00e9pendance de l&rsquo;Ukraine.<\/li>\n<li class=\"jsx-862013697 ArticleChapo__List_Item flex\">Il a rappel\u00e9 sa fermet\u00e9 sur les concessions territoriales.<\/li>\n<li class=\"jsx-862013697 ArticleChapo__List_Item flex\">Suivez les derni\u00e8res informations.<\/li>\n<\/ul>\n<p>Minute par minuteATTAQUES UKRAINIENNES10:35<\/p>\n<p>L&rsquo;Ukraine a lanc\u00e9 une s\u00e9rie d&rsquo;attaques aux drones sur le territoire russe dimanche, jour o\u00f9 elle c\u00e9l\u00e8bre son ind\u00e9pendance, une r\u00e9action selon Kiev \u00e0 l&rsquo;enlisement des efforts diplomatiques pour r\u00e9gler le conflit. \u00ab\u00a0Voici comment l&rsquo;Ukraine r\u00e9agit lorsque ses appels \u00e0 la paix sont ignor\u00e9s\u00a0\u00bb, mart\u00e8le le pr\u00e9sident Volodymyr Zelensky, alors que la perspective d&rsquo;une rencontre avec son homologue russe Vladimir Poutine s&rsquo;\u00e9loigne. Kiev \u00ab\u00a0ne sera plus jamais contraint dans l&rsquo;histoire \u00e0 endurer la honte que les Russes appellent un compromis\u00a0\u00bb, ajoute le dirigeant.\u00a0<\/p>\n<p>Les drones ukrainiens ont notamment provoqu\u00e9 des incendies dans une centrale nucl\u00e9aire russe de la r\u00e9gion de Koursk et un terminal p\u00e9trolier sur le port d&rsquo;Oust-Louga, pr\u00e8s de Saint-P\u00e9tersbourg.\u00a0<\/p>\n<p>\u00ab\u00a0NOTRE DONETSK, NOTRE CRIM\u00c9E\u00a0\u00bb10:23<\/p>\n<p>\u00ab\u00a0Notre Donetsk, notre Louhansk, notre Crim\u00e9e. (&#8230;) Tout cela, c&rsquo;est l&rsquo;Ukraine. Nos compatriotes s&rsquo;y trouvent et aucune distance ou occupation temporaire ne pourront changer \u00e7a\u00a0\u00bb, a martel\u00e9 Volodymyr Zelensky ce dimanche 24 ao\u00fbt, synonyme de f\u00eate de l&rsquo;ind\u00e9pendance de l&rsquo;Ukraine.\u00a0<\/p>\n<p>\u00ab\u00a0Notre Donbass, notre Crim\u00e9e\u00a0\u00bb, d\u00e9clare ZelenskySource : TF1 Info<\/p>\n<p><img decoding=\"async\" src=\"https:\/\/www.europesays.com\/fr\/wp-content\/uploads\/2025\/08\/notre-donbass-notre-crimee-declare-zelensky-ad5fcf-0@1x.jpeg\" alt=\"&quot;Notre Donbass, notre Crim\u00e9e&quot;, d\u00e9clare Zelensky\" loading=\"lazy\" importance=\"low\" fetchpriority=\"low\" class=\"\"\/><img decoding=\"async\" src=\"https:\/\/www.tf1info.fr\/images\/icons\/player-logo-play.svg\" alt=\"Logo lecture\" class=\"jsx-d0de44c05fe3042c PlayerLazyload__Play\"\/>L&rsquo;UKRAINE CIBLE UNE CENTRALE RUSSE09:52<\/p>\n<p>L&rsquo;Ukraine a lanc\u00e9 une s\u00e9rie d&rsquo;attaques aux drones sur le territoire russe dimanche, jour o\u00f9 elle c\u00e9l\u00e8bre son ind\u00e9pendance, provoquant des incendies dans une centrale nucl\u00e9aire et un terminal p\u00e9trolier. Abattu peu apr\u00e8s minuit (21H00 GMT) par la d\u00e9fense anti-a\u00e9rienne russe, l&rsquo;un de ces engins \u00ab\u00a0a explos\u00e9 et endommag\u00e9 un transformateur auxiliaire\u00a0\u00bb sur le terrain de la centrale nucl\u00e9aire situ\u00e9e dans la r\u00e9gion russe frontali\u00e8re de Koursk, a annonc\u00e9 son op\u00e9rateur sur son compte Telegram.<\/p>\n<p>\u00ab\u00a0L&rsquo;incendie a \u00e9t\u00e9 \u00e9teint\u00a0\u00bb, a-t-elle ajout\u00e9, pr\u00e9cisant qu&rsquo;il n&rsquo;y avait aucune victime mais que le fonctionnement d&rsquo;un r\u00e9acteur avait \u00e9t\u00e9 r\u00e9duit. \u00ab\u00a0Le niveau de radiation sur le site industriel de la centrale nucl\u00e9aire de Koursk et dans les environs n&rsquo;a pas chang\u00e9 et correspond aux niveaux normaux\u00a0\u00bb, selon la m\u00eame source.<\/p>\n<p>\u00ab\u00a0UNE UKRAINE FORTE ET PUISSANTE\u00a0\u00bb09:43<\/p>\n<p>\u00ab\u00a0Nous construisons une Ukraine suffisamment forte et puissante pour vivre en s\u00e9curit\u00e9 et en paix. Afin qu&rsquo;ici, sur cette place, sur notre place de l&rsquo;Ind\u00e9pendance, sous nos drapeaux, sur notre terre, nos enfants et petits-enfants puissent c\u00e9l\u00e9brer le jour de l&rsquo;ind\u00e9pendance. En paix. Dans le calme. Avec confiance en l&rsquo;avenir. Avec respect. Et avec gratitude envers tous ceux qui ont d\u00e9fendu l&rsquo;Ukraine dans cette guerre pour l&rsquo;ind\u00e9pendance. Vers ceux qui ont endur\u00e9, qui ont triomph\u00e9, qui ont remport\u00e9 la victoire\u00a0\u00bb, affirme Volodymyr Zelensky, en ce jour de comm\u00e9moration de l&rsquo;ind\u00e9pendance de l&rsquo;Ukraine. \u00ab\u00a0Un tel objectif vaut la peine d&rsquo;\u00eatre v\u00e9cu. Et c&rsquo;est ce que nous d\u00e9fendons\u00a0\u00bb, mart\u00e8le le pr\u00e9sident ukrainien.\u00a0<\/p>\n<blockquote data-testid=\"EmbedTwitter\" id=\"tweet-1959496175498723817-:R3j49lkmcmj9n79m:\" class=\"jsx-aeff1a1c40f54d7a twitter-tweet flex justify-center items-center\"><p>We are building a Ukraine strong and powerful enough to live in security and peace. So that here, on this square, on our Independence Square, beneath our flags, on our land, our children and grandchildren will celebrate Independence Day. In peace. In calm. With confidence in the\u2026  pic.twitter.com\/wuGW5t7mbC \u2014 Volodymyr Zelenskyy \/ \u0412\u043e\u043b\u043e\u0434\u0438\u043c\u0438\u0440 \u0417\u0435\u043b\u0435\u043d\u0441\u044c\u043a\u0438\u0439 (@ZelenskyyUa)  August 24, 2025<\/p><\/blockquote>\n<p>D\u00c9PLACEMENT DU PREMIER MINISTRE CANADIEN08:54<\/p>\n<p>Le Premier ministre canadien Mark Carney se trouve en visite \u00e0 Kiev ce dimanche 24 ao\u00fbt, \u00e0 l&rsquo;occasion de la f\u00eate de l&rsquo;ind\u00e9pendance de l&rsquo;Ukraine (l&rsquo;ind\u00e9pendance du pays a \u00e9t\u00e9 vot\u00e9e le 24 ao\u00fbt 1991). \u00ab\u00a0En ce jour de f\u00eate de l&rsquo;ind\u00e9pendance ukrainienne, et \u00e0 ce moment critique de l&rsquo;histoire de cette nation, le Canada renforce son soutien et ses efforts en faveur d&rsquo;une paix juste et durable pour l&rsquo;Ukraine\u00a0\u00bb, d\u00e9clare le dirigeant sur X.\u00a0<\/p>\n<blockquote data-testid=\"EmbedTwitter\" id=\"tweet-1959495661226787270-:R3j59lkmcmj9n79m:\" class=\"jsx-aeff1a1c40f54d7a twitter-tweet flex justify-center items-center\"><p>Il y a 34 ans aujourd\u2019hui, l\u2019Ukraine d\u00e9clarait son ind\u00e9pendance.  pic.twitter.com\/XUrmLRGbtQ \u2014 Mark Carney (@MarkJCarney)  August 24, 2025<\/p><\/blockquote>\n<p>DES RESTRICTIONS AM\u00c9RICAINES ? 08:51<\/p>\n<p>Selon les informations du Wall Street Journal, relay\u00e9es par The Guardian, que le Pentagone a emp\u00each\u00e9 l&rsquo;Ukraine de mener des frappes en profondeur sur le territoire russe. Plus pr\u00e9cis\u00e9ment, Washington aurait mis son v\u00e9to \u00e0 l&rsquo;utilisation, dans cette optique, de missiles am\u00e9ricains Atacms. Ce m\u00eame processus de contr\u00f4le s&rsquo;applique \u00e9galement aux missiles de croisi\u00e8re britannique Storm Shadow, car ils d\u00e9pendent des donn\u00e9es de ciblage am\u00e9ricaines, pr\u00e9cisent deux responsables am\u00e9ricains et un responsable britannique au WSJ.\u00a0<\/p>\n<p>NOUVELLES SANCTIONS07:02<\/p>\n<p>\u00ab\u00a0Nous poursuivons notre travail en mati\u00e8re de sanctions\u00a0\u00bb, affirme Volodymyr Zelensky, disant avoir \u00ab\u00a0sign\u00e9 deux d\u00e9crets\u00a0\u00bb. Tout d&rsquo;abord, \u00ab\u00a0il s&rsquo;agit d&rsquo;un alignement \u00e0 100 % sur les sanctions canadiennes de cette ann\u00e9e visant 139 personnes physiques et morales travaillant pour la guerre de la Russie\u00a0\u00bb, indique-t-il, appelant \u00e0 exercer une \u00ab\u00a0r\u00e9elle pression mondiale\u00a0\u00bb sur \u00ab\u00a0tous ceux qui aident la Russie\u00a0\u00bb.\u00a0<\/p>\n<p>Par ailleurs, des sanctions \u00ab\u00a0\u00e0 l&rsquo;encontre de 28 citoyens de diff\u00e9rents pays qui aident \u00e9galement les Russes \u00e0 maintenir le r\u00e9gime d&rsquo;occupation sur notre territoire et \u00e0 financer efficacement l&rsquo;\u00c9tat russe\u00a0\u00bb ont \u00e9t\u00e9 introduites.\u00a0<\/p>\n<blockquote data-testid=\"EmbedTwitter\" id=\"tweet-1959267626837774759-:R3j79lkmcmj9n79m:\" class=\"jsx-aeff1a1c40f54d7a twitter-tweet flex justify-center items-center\"><p>We continue our sanctions work. Today, I signed two decrees.  The first concerns the synchronization of our partners\u2019 sanctions in Ukraine, in particular Canada\u2019s sanctions. This is 100% alignment with this year\u2019s Canadian sanctions targeting 139 individuals and legal entities\u2026 \u2014 Volodymyr Zelenskyy \/ \u0412\u043e\u043b\u043e\u0434\u0438\u043c\u0438\u0440 \u0417\u0435\u043b\u0435\u043d\u0441\u044c\u043a\u0438\u0439 (@ZelenskyyUa)  August 23, 2025<\/p><\/blockquote>\n<p>hiersamedi 23 ao\u00fbt 2025<\/p>\n<p>APPEL ZELENSKY \/ RAMAPHOSA22:52<\/p>\n<p>Le pr\u00e9sident sud-africain Cyril Ramaphosa a \u00ab\u00a0soulign\u00e9 l&rsquo;urgence\u00a0\u00bb samedi d&rsquo;organiser des rencontres entre Kiev et Moscou lors d&rsquo;un appel avec son homologue ukrainien Volodymyr Zelensky, puis avec les chefs d&rsquo;Etat fran\u00e7ais et finlandais, selon un communiqu\u00e9 de Pretoria.<\/p>\n<p>Lors de son appel avec Cyril Ramaphosa, le pr\u00e9sident ukrainien a r\u00e9affirm\u00e9, selon un message sur les r\u00e9seaux sociaux, sa \u00ab\u00a0disponibilit\u00e9 pour toute forme de rencontre avec le chef de l&rsquo;\u00c9tat russe\u00a0\u00bb.<\/p>\n<p>Il a aussi accus\u00e9 Moscou de \u00ab\u00a0faire encore tra\u00eener les choses\u00a0\u00bb et appel\u00e9 le Sud Global \u00e0 \u00ab\u00a0envoyer les signaux appropri\u00e9s et pousser la Russie vers la paix\u00a0\u00bb.<\/p>\n<p>\u00ab\u00a0MOSCOU FAIT TRAINER LES CHOSES\u00a0\u00bb17:13<\/p>\n<p>Volodymyr Zelensky indique sur X avoir parl\u00e9 avec le pr\u00e9sident de la R\u00e9publique d&rsquo;Afrique du Sud, Cyril Ramaphosa, comme cela avait \u00e9t\u00e9 le cas au d\u00e9but du mois d&rsquo;ao\u00fbt. \u00ab\u00a0Il faut mettre fin \u00e0 cette guerre \u2013 une guerre dont personne n&rsquo;a jamais eu besoin, sauf la Russie. Les massacres et les destructions doivent cesser\u00a0\u00bb, a \u00e9crit le pr\u00e9sident ukrainien. \u00ab\u00a0J&rsquo;ai r\u00e9affirm\u00e9 que j&rsquo;\u00e9tais pr\u00eat \u00e0 rencontrer le chef de la Russie sous quelque forme que ce soit. Cependant, nous constatons que Moscou tente une fois de plus de faire tra\u00eener les choses. Il est important que les pays du Sud envoient des signaux pertinents et poussent la Russie vers la paix\u00a0\u00bb, a ajout\u00e9 M. Zelensky. Le gouvernement sud-africain a \u00e9t\u00e9 critiqu\u00e9 sur le plan national et international pour avoir refus\u00e9 de condamner l&rsquo;invasion de l&rsquo;Ukraine par la Russie, mais il a toujours assur\u00e9 qu&rsquo;il restait non align\u00e9.\u00a0<\/p>\n<blockquote data-testid=\"EmbedTwitter\" id=\"tweet-1959216634721083615-:R3j99lkmcmj9n79m:\" class=\"jsx-aeff1a1c40f54d7a twitter-tweet flex justify-center items-center\"><p>I spoke with President of the Republic of South Africa,  @CyrilRamaphosa , at his request. I informed about the joint diplomatic efforts with our partners and the productive meetings with President Trump in Washington. This war must be brought to an end \u2013 a war that nobody ever\u2026  pic.twitter.com\/J9nGnkbB5i \u2014 Volodymyr Zelenskyy \/ \u0412\u043e\u043b\u043e\u0434\u0438\u043c\u0438\u0440 \u0417\u0435\u043b\u0435\u043d\u0441\u044c\u043a\u0438\u0439 (@ZelenskyyUa)  August 23, 2025<\/p><\/blockquote>\n<p>ANALYSE16:17<\/p>\n<p>L&rsquo;\u00e9conomiste Alexandre Kateb revient sur LCI sur les cons\u00e9quences des frappes ukrainiennes sur les sites \u00e9nerg\u00e9tiques en Russie.\u00a0<\/p>\n<p>Guerre en Ukraine : \u00ab\u00a0L&rsquo;impact des sanctions est r\u00e9duit\u00a0\u00bb sur le p\u00e9trole russe, estime l&rsquo;\u00e9conomiste Alexandre Kateb sur LCISource : LCI Direct<\/p>\n<p>DEUX VILLAGES CONQUIS PAR LA RUSSIE 11:50<\/p>\n<p>La Russie revendique samedi la prise de deux villages dans la r\u00e9gion de Donetsk, Sredne\u00efe et de Kleban-Byk. La prise de cette derni\u00e8re localit\u00e9 est particuli\u00e8rement notable et marque un pas de plus vers la ville de Kostyantynivka, bastion important sur la route de Kramatorsk qui abrite une importante base logistique de l&rsquo;arm\u00e9e ukrainienne.<\/p>\n<p>ACCUSATIONS07:16<\/p>\n<p>La perspective d&rsquo;une rencontre entre Vladimir Poutine et Volodymyr Zelensky s&rsquo;\u00e9loigne, \u00e0 entendre les d\u00e9clarations venues de Moscou, Washington ou Kiev. Le chef de la diplomatie russe, Sergue\u00ef Lavrov, a accus\u00e9 hier le pr\u00e9sident ukrainien de bloquer l&rsquo;organisation d&rsquo;une \u00e9ventuelle r\u00e9union avec son homologue russe, au lendemain de critiques similaires du dirigeant ukrainien envers Moscou. \u00ab\u00a0Poutine est pr\u00eat \u00e0 rencontrer Zelensky lorsque l&rsquo;ordre du jour de ce sommet sera pr\u00eat. Et cet ordre du jour n&rsquo;est absolument pas pr\u00eat\u00a0\u00bb, a-t-il d\u00e9clar\u00e9 dans une interview \u00e0 la cha\u00eene am\u00e9ricaine NBC.<\/p>\n<p>REPORTAGE07:15<\/p>\n<p>Alors que les tractations en vue d&rsquo;une rencontre entre Volodymyr Zelensky et Vladimir Poutine se poursuivent, sur le terrain, les combats font rage. Dans le Donbass, les soldats ukrainiens continuent de d\u00e9fendre leur territoire, malgr\u00e9 les attaques de drones russes qui s&rsquo;intensifient. Une \u00e9quipe de TF1 s&rsquo;est rendue sur la ligne de front, au sein d&rsquo;une unit\u00e9 ukrainienne charg\u00e9e de ravitailler les combattants.<\/p>\n<p>International<\/p>\n<p>EXCLUSIF<\/p>\n<p><img decoding=\"async\" src=\"https:\/\/www.europesays.com\/fr\/wp-content\/uploads\/2025\/08\/soldats-ukrainiens-illustration-934475-0@1x.jpeg\" alt=\"DOCUMENT TF1 -  Au c\u0153ur de la guerre des drones : notre \u00e9quipe sur la ligne de front en Ukraine\" loading=\"lazy\" importance=\"low\" fetchpriority=\"low\" class=\"\" aria-hidden=\"true\"\/>Publi\u00e9 le 22 ao\u00fbt 2025 \u00e0 20h1706:47<\/p>\n<p>Bonjour et bienvenue dans ce direct consacr\u00e9 \u00e0 l&rsquo;Ukraine. Retrouvez ici les derni\u00e8res informations sur le conflit.<\/p>\n<p data-module=\"article-paragraph\" class=\"jsx-3046738180 Paragraph Paragraph__End\">Sergue\u00ef Lavrov, a accus\u00e9 Volodymyr Zelensky d&rsquo;\u00eatre \u00e0 l&rsquo;origine du blocage dans l&rsquo;organisation d&rsquo;une <a href=\"https:\/\/www.tf1info.fr\/international\/video-guerre-en-ukraine-potentielle-rencontre-poutine-zelensky-ca-ne-changera-pas-grand-chose-reagissent-des-habitants-de-moscou-en-russie-2389789.html\" target=\"_blank\" rel=\"noopener\">\u00e9ventuelle rencontre avec Vladimir Poutine<\/a>. Selon le chef de la diplomatie russe, Washington aimerait que les bellig\u00e9rants acceptent \u00ab\u00a0plusieurs principes\u00a0\u00bb en vue du futur r\u00e8glement du conflit, notamment la non-adh\u00e9sion de l&rsquo;Ukraine \u00e0 l&rsquo;Otan et la discussion d&rsquo;\u00e9changes territoriaux. Or, \u00ab\u00a0Zelensky a dit &lsquo;non&rsquo; \u00e0 tout cela\u00a0\u00bb, a fustig\u00e9 Lavrov.<\/p>\n<p data-module=\"article-paragraph\" class=\"jsx-3046738180 Paragraph Paragraph__End\">Les garanties de s\u00e9curit\u00e9 donn\u00e9es \u00e0 l&rsquo;Ukraine et la pr\u00e9paration d&rsquo;un sommet entre Vladimir Poutine et Volodymyr Zelensky sont au centre des efforts diplomatiques de Donald Trump, qui a une nouvelle fois admis que la t\u00e2che \u00e9tait plus difficile qu&rsquo;il ne s&rsquo;y attendait.\u00a0\u00ab\u00a0Nous allons voir si Poutine et Zelensky vont travailler ensemble. Vous savez, c&rsquo;est un peu comme l&rsquo;huile et le vinaigre. Ils ne s&rsquo;entendent pas tr\u00e8s bien, pour des raisons \u00e9videntes\u00a0\u00bb, a dit le pr\u00e9sident am\u00e9ricain \u00e0 des journalistes \u00e0 Washington.\u00a0<\/p>\n<p><a href=\"https:\/\/www.tf1info.fr\/international\/video-document-tf1-reportage-au-coeur-de-la-guerre-des-drones-notre-equipe-sur-la-ligne-de-front-en-ukraine-2390228.html\" rel=\"noopener\" class=\"jsx-3308031228 Link flex\" target=\"_blank\"><img decoding=\"async\" src=\"https:\/\/www.europesays.com\/fr\/wp-content\/uploads\/2025\/08\/soldats-ukrainiens-illustration-0b321f-0@1x.jpeg\" alt=\"Wojtek Radwanski \/ AFP\" loading=\"lazy\" importance=\"low\" fetchpriority=\"low\" class=\"\" aria-hidden=\"true\"\/><\/p>\n<p class=\"jsx-3657663356 ReadMoreArticle__Title\">Lire aussi<\/p>\n<p class=\"jsx-3657663356\">DOCUMENT TF1 &#8211;  Au c\u0153ur de la guerre des drones : notre \u00e9quipe sur la ligne de front en Ukraine<\/p>\n<p><\/a><\/p>\n<p data-module=\"article-paragraph\" class=\"jsx-3046738180 Paragraph\">Donald Trump a rencontr\u00e9 Vladimir Poutine, <a href=\"https:\/\/www.tf1info.fr\/international\/video-sommet-en-alaska-la-poignee-de-main-historique-entre-trump-et-poutine-2388974.html\" target=\"_blank\" rel=\"noopener\">vendredi sur une base militaire en Alaska<\/a>, puis Volodymyr Zelensky <a href=\"https:\/\/www.tf1info.fr\/international\/sommet-a-washington-le-face-a-face-de-zelensky-et-trump-devant-une-carte-de-l-ukraine-2389425.html\" target=\"_blank\" rel=\"noopener\">lundi \u00e0 la Maison Blanche<\/a>. \u00c0 l&rsquo;issue de cette r\u00e9union, le pr\u00e9sident am\u00e9ricain a dit pr\u00e9parer une rencontre bilat\u00e9rale entre les chefs d&rsquo;\u00c9tat russe et ukrainien mais la participation des deux int\u00e9ress\u00e9s semble difficile \u00e0 mettre en \u0153uvre.<\/p>\n<p data-module=\"article-paragraph\" class=\"jsx-3046738180 Paragraph Paragraph__End\"><strong>Retrouvez les derni\u00e8res informations dans le fil ci-dessus.<\/strong><\/p>\n<p>La r\u00e9daction de TF1info<\/p>\n<p><script async src=\"https:\/\/platform.twitter.com\/widgets.js\" charset=\"utf-8\"><\/script><\/p>\n","protected":false},"excerpt":{"rendered":"Sur X, le pr\u00e9sident ukrainien s&rsquo;est adress\u00e9 \u00e0 la Nation, pour le jour anniversaire de l&rsquo;ind\u00e9pendance de l&rsquo;Ukraine.&hellip;\n","protected":false},"author":2,"featured_media":340308,"comment_status":"","ping_status":"","sticky":false,"template":"","format":"standard","meta":{"footnotes":""},"categories":[2],"tags":[1111,11,1921,1011,27,46982,28083,1922,12,25,220,1917,133,1920,135,134],"class_list":{"0":"post-340307","1":"post","2":"type-post","3":"status-publish","4":"format-standard","5":"has-post-thumbnail","7":"category-actualites","8":"tag-actu","9":"tag-actualites","10":"tag-article-video","11":"tag-fr","12":"tag-france","13":"tag-guerre-en-ukraine-tractations-pour-une-rencontre-poutine-zelensky","14":"tag-guerre-en-ukraine-une-treve-sera-t-elle-possible","15":"tag-info","16":"tag-news","17":"tag-republique-francaise","18":"tag-ukraine","19":"tag-ukraine-4-annee-de-guerre","20":"tag-video","21":"tag-video-international","22":"tag-vladimir-poutine","23":"tag-volodymyr-zelensky"},"share_on_mastodon":{"url":"https:\/\/pubeurope.com\/@fr\/115082904642807161","error":""},"_links":{"self":[{"href":"https:\/\/www.europesays.com\/fr\/wp-json\/wp\/v2\/posts\/340307","targetHints":{"allow":["GET"]}}],"collection":[{"href":"https:\/\/www.europesays.com\/fr\/wp-json\/wp\/v2\/posts"}],"about":[{"href":"https:\/\/www.europesays.com\/fr\/wp-json\/wp\/v2\/types\/post"}],"author":[{"embeddable":true,"href":"https:\/\/www.europesays.com\/fr\/wp-json\/wp\/v2\/users\/2"}],"replies":[{"embeddable":true,"href":"https:\/\/www.europesays.com\/fr\/wp-json\/wp\/v2\/comments?post=340307"}],"version-history":[{"count":0,"href":"https:\/\/www.europesays.com\/fr\/wp-json\/wp\/v2\/posts\/340307\/revisions"}],"wp:featuredmedia":[{"embeddable":true,"href":"https:\/\/www.europesays.com\/fr\/wp-json\/wp\/v2\/media\/340308"}],"wp:attachment":[{"href":"https:\/\/www.europesays.com\/fr\/wp-json\/wp\/v2\/media?parent=340307"}],"wp:term":[{"taxonomy":"category","embeddable":true,"href":"https:\/\/www.europesays.com\/fr\/wp-json\/wp\/v2\/categories?post=340307"},{"taxonomy":"post_tag","embeddable":true,"href":"https:\/\/www.europesays.com\/fr\/wp-json\/wp\/v2\/tags?post=340307"}],"curies":[{"name":"wp","href":"https:\/\/api.w.org\/{rel}","templated":true}]}}