{"id":340315,"date":"2025-08-24T08:59:13","date_gmt":"2025-08-24T08:59:13","guid":{"rendered":"https:\/\/www.europesays.com\/fr\/340315\/"},"modified":"2025-08-24T08:59:13","modified_gmt":"2025-08-24T08:59:13","slug":"le-club-devoile-son-groupe-pour-le-sevens-la-jeunesse-au-pouvoir-avec-le-fils-dugo-mola","status":"publish","type":"post","link":"https:\/\/www.europesays.com\/fr\/340315\/","title":{"rendered":"le club d\u00e9voile son groupe pour le Sevens, la jeunesse au pouvoir avec le fils d\u2019Ugo Mola"},"content":{"rendered":"<p>Le Stade Toulousain esp\u00e8re faire mieux. Si le club rouge et noir ne semble pas accord\u00e9 une grande importance au Supersevens In Extenso, la deuxi\u00e8me \u00e9tape se d\u00e9roule ce samedi \u00e0 Dax. La semaine pass\u00e9e \u00e0 Mont-de-Marsan, les Haut-Garonnais avaient termin\u00e9 \u00e0 une cinglante derni\u00e8re place apr\u00e8s deux d\u00e9faites face au Racing et Montauban.<\/p>\n<p>Ep\u00e9e et Mola encore l\u00e0<\/p>\n<p>Alors que les co\u00e9quipiers d\u2019Antoine Dupont sont en pleine pr\u00e9paration en Bretagne, de jeunes joueurs encadr\u00e9s par le champion olympique Nelson Ep\u00e9e sont une nouvelle fois s\u00e9lectionn\u00e9s. Parmi ces talents, on retrouve encore un certain Rom\u00e9o Mola, fils de l\u2019entra\u00eeneur toulousain. On peut \u00e9galement noter la pr\u00e9sence de Poulzegues, apparu avec les pros l\u2019an pass\u00e9.<\/p>\n<p>\u00a0<\/p>\n<p>Partagez cette info avec vos amis et vos proches en cliquant ici<br \/>Pour r\u00e9sumer<\/p>\n<p>Le Stade Toulousain a d\u00e9voil\u00e9 les joueurs retenus pour la deuxi\u00e8me \u00e9tape du Supersevens In Extenso, pr\u00e9vue ce samedi \u00e0 Dax. Le club fait encore une fois confiance aux jeunes avec notamment la pr\u00e9sence de Rom\u00e9o Mola, fils d&rsquo;Ugo.<\/p>\n<p> <img decoding=\"async\" width=\"76\" height=\"76\" loading=\"lazy\" src=\"https:\/\/www.europesays.com\/fr\/wp-content\/uploads\/2025\/04\/avatar-quinze.png\" alt=\"La r\u00e9daction\"\/><\/p>\n","protected":false},"excerpt":{"rendered":"Le Stade Toulousain esp\u00e8re faire mieux. Si le club rouge et noir ne semble pas accord\u00e9 une grande&hellip;\n","protected":false},"author":2,"featured_media":340316,"comment_status":"","ping_status":"","sticky":false,"template":"","format":"standard","meta":{"footnotes":""},"categories":[1416],"tags":[1011,27,479,1468,60],"class_list":{"0":"post-340315","1":"post","2":"type-post","3":"status-publish","4":"format-standard","5":"has-post-thumbnail","7":"category-rugby","8":"tag-fr","9":"tag-france","10":"tag-rugby","11":"tag-rugby-football","12":"tag-sports"},"share_on_mastodon":{"url":"https:\/\/pubeurope.com\/@fr\/115082924453448709","error":""},"_links":{"self":[{"href":"https:\/\/www.europesays.com\/fr\/wp-json\/wp\/v2\/posts\/340315","targetHints":{"allow":["GET"]}}],"collection":[{"href":"https:\/\/www.europesays.com\/fr\/wp-json\/wp\/v2\/posts"}],"about":[{"href":"https:\/\/www.europesays.com\/fr\/wp-json\/wp\/v2\/types\/post"}],"author":[{"embeddable":true,"href":"https:\/\/www.europesays.com\/fr\/wp-json\/wp\/v2\/users\/2"}],"replies":[{"embeddable":true,"href":"https:\/\/www.europesays.com\/fr\/wp-json\/wp\/v2\/comments?post=340315"}],"version-history":[{"count":0,"href":"https:\/\/www.europesays.com\/fr\/wp-json\/wp\/v2\/posts\/340315\/revisions"}],"wp:featuredmedia":[{"embeddable":true,"href":"https:\/\/www.europesays.com\/fr\/wp-json\/wp\/v2\/media\/340316"}],"wp:attachment":[{"href":"https:\/\/www.europesays.com\/fr\/wp-json\/wp\/v2\/media?parent=340315"}],"wp:term":[{"taxonomy":"category","embeddable":true,"href":"https:\/\/www.europesays.com\/fr\/wp-json\/wp\/v2\/categories?post=340315"},{"taxonomy":"post_tag","embeddable":true,"href":"https:\/\/www.europesays.com\/fr\/wp-json\/wp\/v2\/tags?post=340315"}],"curies":[{"name":"wp","href":"https:\/\/api.w.org\/{rel}","templated":true}]}}