{"id":340319,"date":"2025-08-24T09:02:25","date_gmt":"2025-08-24T09:02:25","guid":{"rendered":"https:\/\/www.europesays.com\/fr\/340319\/"},"modified":"2025-08-24T09:02:25","modified_gmt":"2025-08-24T09:02:25","slug":"di-giannantonio-et-morbidelli-ont-profite-du-chaos-au-premier-virage","status":"publish","type":"post","link":"https:\/\/www.europesays.com\/fr\/340319\/","title":{"rendered":"Di Giannantonio et Morbidelli ont profit\u00e9 du \u00ab\u00a0chaos\u00a0\u00bb au premier virage"},"content":{"rendered":"<p>VR46 a vu ses deux pilotes d\u00e9crocher une m\u00e9daille lors du sprint au Balaton Park. <a href=\"https:\/\/fr.motorsport.com\/driver\/fabio-di-giannantonio\/289538\/\" target=\"_blank\" rel=\"noopener\">Fabio Di Giannantonio<\/a> et <a href=\"https:\/\/fr.motorsport.com\/driver\/franco-morbidelli\/109417\/\" target=\"_blank\" rel=\"noopener\">Franco Morbidelli<\/a>\u00a0\u00e9taient aux premi\u00e8res loges pour voir le freinage trop tardif de <a href=\"https:\/\/fr.motorsport.com\/driver\/fabio-quartararo\/109400\/\" target=\"_blank\" rel=\"noopener\">Fabio Quartararo<\/a> et ils ont finalement profit\u00e9 de la man\u0153uvre.<\/p>\n<p>Parti troisi\u00e8me, Di Giannantonio n&rsquo;a pas pris le meilleur des envols et Quartararo l&rsquo;a fr\u00f4l\u00e9 avant de venir percuter <a href=\"https:\/\/fr.motorsport.com\/driver\/enea-bastianini\/109398\/\" target=\"_blank\" rel=\"noopener\">Enea Bastianini<\/a>. \u00ab\u00a0C&rsquo;\u00e9tait le chaos, c&rsquo;\u00e9tait chaotique\u00a0\u00bb, a-t-il estim\u00e9. \u00ab\u00a0Heureusement, tout s&rsquo;est plus ou moins bien pass\u00e9 pour moi. C&rsquo;\u00e9tait effrayant. On sait que \u00e7a peut arriver sur ce genre de piste, quand le premier virage est assez proche et assez lent. Il faut qu&rsquo;on soit encore plus prudents mais heureusement pour moi, tout s&rsquo;est bien pass\u00e9.\u00a0\u00bb<\/p>\n<p>\u00ab\u00a0C&rsquo;\u00e9tait \u00e0 1,2 cm, peut-\u00eatre 1,3 cm\u00a0\u00bb, a estim\u00e9 Di Giannantonio sur le ton de l&rsquo;humour. \u00ab\u00a0Je ne sais pas, c&rsquo;\u00e9tait proche !\u00a0\u00bb<\/p>\n<p>Morbidelli \u00e9tait cinqui\u00e8me sur la grille et l&rsquo;incident s&rsquo;est d\u00e9roul\u00e9 juste devant lui. Le temps perdu par <a href=\"https:\/\/fr.motorsport.com\/driver\/marco-bezzecchi\/441839\/\" target=\"_blank\" rel=\"noopener\">Marco Bezzecchi<\/a> et <a href=\"https:\/\/fr.motorsport.com\/driver\/pedro-acosta\/840236\/\" target=\"_blank\" rel=\"noopener\">Pedro Acosta<\/a> dans l&rsquo;incident lui a permis de remonter en troisi\u00e8me position. \u00ab\u00a0En fait, \u00e7a s&rsquo;est tr\u00e8s bien pass\u00e9 parce que sa vitesse \u00e9tait incroyablement plus \u00e9lev\u00e9e que celle de tous les autres\u00a0\u00bb, a-t-il soulign\u00e9. \u00ab\u00a0Je pensais que l&rsquo;accident avait \u00e9t\u00e9 bien pire, en fait.\u00a0\u00bb<\/p>\n<p><img decoding=\"async\" class=\"sizer\" draggable=\"false\" src=\"data:image\/png;base64,iVBORw0KGgoAAAANSUhEUgAAABAAAAAJCAYAAAA7KqwyAAAAGXRFWHRTb2Z0d2FyZQBBZG9iZSBJbWFnZVJlYWR5ccllPAAAABpJREFUeNpi\/P\/\/PwMlgImBQjBqwLAwACDAAOVfAw9\/ZDvcAAAAAElFTkSuQmCC\" alt=\"\" loading=\"lazy\"\/><\/p>\n<p class=\"title\">VID\u00c9O &#8211; R\u00c9SUM\u00c9 : La course sprint au GP de Hongrie<\/p>\n<p>\u00ab\u00a0Je peux totalement comprendre [la man\u0153uvre de Quartararo]\u00a0\u00bb, a relativis\u00e9 Morbidelli. \u00ab\u00a0On peut incroyablement facilement rater son point de freinage au premier virage ici. Le virage est super serr\u00e9 et on a entre deux et cinq m\u00e8tres, maximum, de bonne zone pour s&rsquo;arr\u00eater dans le virage. Je comprends totalement l&rsquo;erreur de Fabio.\u00a0\u00bb<\/p>\n<p>Apr\u00e8s cet accrochage, Di Giannantonio et Morbidelli ont conserv\u00e9 la deuxi\u00e8me et la troisi\u00e8me place sans grande difficult\u00e9, sur un circuit aux d\u00e9passements tr\u00e8s difficiles. Di Giannantonio n&rsquo;\u00e9tait pourtant pas parmi les favoris pour une m\u00e9daille vendredi puisqu&rsquo;il devait passer par la Q1. Gr\u00e2ce \u00e0 un bon travail, il a pu trouver de bonnes sensations, entrer en Q2 et se qualifier en premi\u00e8re ligne.<\/p>\n<p>\u00ab\u00a0On a fait un \u00e9norme travail [vendredi] soir, parce que cette ann\u00e9e, \u00e0 chaque fois qu&rsquo;on a des niveaux d&rsquo;adh\u00e9rence diff\u00e9rents, comme cette piste par rapport aux autres, je n&rsquo;ai pas les m\u00eames sensations avec la moto, je ne peux pas faire les m\u00eames choses. Il faut toujours que je demande des choses diff\u00e9rentes \u00e0 l&rsquo;\u00e9quipe. On arrive \u00e0 renverser la situation quand je ne me sens pas bien sur la moto et [samedi], \u00e7a a fonctionn\u00e9 donc \u00e7a a pas mal chang\u00e9.\u00a0\u00bb<\/p>\n<p>   <img decoding=\"async\" draggable=\"false\" src=\"https:\/\/www.europesays.com\/fr\/wp-content\/uploads\/2025\/08\/1756026145_646_fabio-di-giannantonio-vr46-rac.jpg\" alt=\"Fabio Di Giannantonio, VR46 Racing Team\" width=\"1200\" height=\"800\" loading=\"lazy\"\/> <\/p>\n<p class=\"title\">Fabio Di Giannantonio et Franco Morbidelli.<\/p>\n<p class=\"photographer\">Photo de: MotoGP<\/p>\n<p>Morbidelli a aussi connu un bon samedi matin, essentiel pour pouvoir briller pendant le sprint\u00a0: \u00ab\u00a0C&rsquo;est une belle journ\u00e9e. On a eu un tr\u00e8s bon samedi, en commen\u00e7ant \u00e0 tr\u00e8s bien travailler en pneus us\u00e9s. Quand on est pass\u00e9s sur des pneus neufs pour le time attack, j&rsquo;ai fait de bons time attacks, suffisants pour partir cinqui\u00e8me, ce qui est acceptable.\u00a0\u00bb<\/p>\n<p>\u00ab\u00a0Le sprint a \u00e9t\u00e9 solide. J&rsquo;ai pris un bon d\u00e9part, j&rsquo;ai \u00e9t\u00e9 chanceux de ne pas \u00eatre emport\u00e9 dans le chaos du premier tour. Apr\u00e8s, c&rsquo;\u00e9tait une course assez solide. Je pouvais voir Diggia, je pouvais voir Marc, mais je ne pouvais pas vraiment les attaquer et je suis rest\u00e9 l\u00e0. C&rsquo;est une belle journ\u00e9e pour nous et pour toute l&rsquo;\u00e9quipe. Cela refl\u00e8te le travail que fait toute l&rsquo;\u00e9quipe avec Ducati.\u00a0\u00bb<\/p>\n<p>Apr\u00e8s ce samedi parfaitement ex\u00e9cut\u00e9, les pilotes VR46 ont-ils une chance d&rsquo;inqui\u00e9ter <a href=\"https:\/\/fr.motorsport.com\/driver\/marc-marquez\/92646\/\" target=\"_blank\" rel=\"noopener\">Marc M\u00e1rquez<\/a> en course principale\u00a0? Di Giannantonio n&rsquo;en est pas v\u00e9ritablement convaincu\u00a0: \u00ab\u00a0Il a encore un rythme deux ou trois dixi\u00e8mes plus rapide que le mien, donc on est un peu loin pour le moment. Je vois qu&rsquo;il est assez calme et en contr\u00f4le au freinage. Je suis un peu plus \u00e0 la limite. Quand c&rsquo;est le cas, on a une carte en plus dans son jeu.\u00a0\u00bb<\/p>\n<p>\u00ab\u00a0Il ne faut pas qu&rsquo;on se concentre sur Marc, il faut qu&rsquo;on se concentre sur nous pour progresser, pour essayer d&rsquo;arriver \u00e0 ce genre de sensations. Quand on aura ces sensations, on pourra voir si on peut jouer ou pas.\u00a0\u00bb<\/p>\n<p>Lire aussi :<\/p>\n<p>Dans cet article<\/p>\n<p>Soyez le premier inform\u00e9 et souscrivez aux alertes mails pour recevoir les infos en temps r\u00e9el<\/p>\n<p>    S&rsquo;abonner aux alertes de news<\/p>\n","protected":false},"excerpt":{"rendered":"VR46 a vu ses deux pilotes d\u00e9crocher une m\u00e9daille lors du sprint au Balaton Park. Fabio Di Giannantonio&hellip;\n","protected":false},"author":2,"featured_media":340320,"comment_status":"","ping_status":"","sticky":false,"template":"","format":"standard","meta":{"footnotes":""},"categories":[1413],"tags":[21747,47645,7277,1011,27,7985,21746,1457,1456,1458,60,7276],"class_list":{"0":"post-340319","1":"post","2":"type-post","3":"status-publish","4":"format-standard","5":"has-post-thumbnail","7":"category-moto","8":"tag-balaton-park","9":"tag-di-giannantonio-et-morbidelli-ont-profitu00e9-du-chaos-au-premier-virage","10":"tag-fabio-di-giannantonio","11":"tag-fr","12":"tag-france","13":"tag-franco-morbidelli","14":"tag-gp-de-hongrie","15":"tag-moto","16":"tag-motocycle","17":"tag-motogp","18":"tag-sports","19":"tag-team-vr46"},"share_on_mastodon":{"url":"https:\/\/pubeurope.com\/@fr\/115082936044284133","error":""},"_links":{"self":[{"href":"https:\/\/www.europesays.com\/fr\/wp-json\/wp\/v2\/posts\/340319","targetHints":{"allow":["GET"]}}],"collection":[{"href":"https:\/\/www.europesays.com\/fr\/wp-json\/wp\/v2\/posts"}],"about":[{"href":"https:\/\/www.europesays.com\/fr\/wp-json\/wp\/v2\/types\/post"}],"author":[{"embeddable":true,"href":"https:\/\/www.europesays.com\/fr\/wp-json\/wp\/v2\/users\/2"}],"replies":[{"embeddable":true,"href":"https:\/\/www.europesays.com\/fr\/wp-json\/wp\/v2\/comments?post=340319"}],"version-history":[{"count":0,"href":"https:\/\/www.europesays.com\/fr\/wp-json\/wp\/v2\/posts\/340319\/revisions"}],"wp:featuredmedia":[{"embeddable":true,"href":"https:\/\/www.europesays.com\/fr\/wp-json\/wp\/v2\/media\/340320"}],"wp:attachment":[{"href":"https:\/\/www.europesays.com\/fr\/wp-json\/wp\/v2\/media?parent=340319"}],"wp:term":[{"taxonomy":"category","embeddable":true,"href":"https:\/\/www.europesays.com\/fr\/wp-json\/wp\/v2\/categories?post=340319"},{"taxonomy":"post_tag","embeddable":true,"href":"https:\/\/www.europesays.com\/fr\/wp-json\/wp\/v2\/tags?post=340319"}],"curies":[{"name":"wp","href":"https:\/\/api.w.org\/{rel}","templated":true}]}}