{"id":340325,"date":"2025-08-24T09:07:23","date_gmt":"2025-08-24T09:07:23","guid":{"rendered":"https:\/\/www.europesays.com\/fr\/340325\/"},"modified":"2025-08-24T09:07:23","modified_gmt":"2025-08-24T09:07:23","slug":"une-nouvelle-trouvaille-de-de-zerbi-en-vue","status":"publish","type":"post","link":"https:\/\/www.europesays.com\/fr\/340325\/","title":{"rendered":"Une nouvelle trouvaille de De Zerbi en vue\u00a0?"},"content":{"rendered":"<p><strong>Face au Paris FC, Roberto De Zerbi a install\u00e9 Amine Gouiri dans un r\u00f4le diff\u00e9rent de sa position habituelle \u00e0 l\u2019OM. Une exp\u00e9rience prometteuse pour la suite\u2026<\/strong><\/p>\n<p>\t<img decoding=\"async\" alt=\"Amine GOUIRI\" src=\"https:\/\/www.europesays.com\/fr\/wp-content\/uploads\/2025\/08\/ICONSPORT_260406_0623.jpg\"\/><\/p>\n<p>Amine GOUIRI, Cr\u00e9dit photo : Icon Sport<\/p>\n<p>Roberto De Zerbi avait besoin de joueurs adaptables pour recevoir le Paris FC. Dans un contexte particulier, avec de nombreux absents et des recrues pas encore l\u00e0, l\u2019OM a d\u00fb s\u2019organiser \u00ab\u00a0autrement\u00a0\u00bb. Cela a notamment \u00e9t\u00e9 le cas pour Amine Gouiri, positionn\u00e9 en retrait de Pierre-Emerick Aubameyang. Entre le poste de num\u00e9ro 10 et 9 et demi, l\u2019Alg\u00e9rien a \u00e9t\u00e9 tr\u00e8s int\u00e9ressant. D\u00e8s qu\u2019il a \u00e9t\u00e9 trouv\u00e9, l\u2019OM a pu se montrer dangereux. Un poste hybride qui pourrait devenir une belle trouvaille de Roberto De Zerbi et qui apporterait une nouvelle corde \u00e0 l\u2019arc du buteur marseillais\u2026<\/p>\n<p><\/p>\n<p>\t\t\t\t&#13;<br \/>\n\t\t\t\t\t&#13;<\/p>\n","protected":false},"excerpt":{"rendered":"Face au Paris FC, Roberto De Zerbi a install\u00e9 Amine Gouiri dans un r\u00f4le diff\u00e9rent de sa position&hellip;\n","protected":false},"author":2,"featured_media":340326,"comment_status":"","ping_status":"","sticky":false,"template":"","format":"standard","meta":{"footnotes":""},"categories":[1410],"tags":[63,1011,27,60],"class_list":{"0":"post-340325","1":"post","2":"type-post","3":"status-publish","4":"format-standard","5":"has-post-thumbnail","7":"category-football","8":"tag-football","9":"tag-fr","10":"tag-france","11":"tag-sports"},"share_on_mastodon":{"url":"https:\/\/pubeurope.com\/@fr\/115082955916147869","error":""},"_links":{"self":[{"href":"https:\/\/www.europesays.com\/fr\/wp-json\/wp\/v2\/posts\/340325","targetHints":{"allow":["GET"]}}],"collection":[{"href":"https:\/\/www.europesays.com\/fr\/wp-json\/wp\/v2\/posts"}],"about":[{"href":"https:\/\/www.europesays.com\/fr\/wp-json\/wp\/v2\/types\/post"}],"author":[{"embeddable":true,"href":"https:\/\/www.europesays.com\/fr\/wp-json\/wp\/v2\/users\/2"}],"replies":[{"embeddable":true,"href":"https:\/\/www.europesays.com\/fr\/wp-json\/wp\/v2\/comments?post=340325"}],"version-history":[{"count":0,"href":"https:\/\/www.europesays.com\/fr\/wp-json\/wp\/v2\/posts\/340325\/revisions"}],"wp:featuredmedia":[{"embeddable":true,"href":"https:\/\/www.europesays.com\/fr\/wp-json\/wp\/v2\/media\/340326"}],"wp:attachment":[{"href":"https:\/\/www.europesays.com\/fr\/wp-json\/wp\/v2\/media?parent=340325"}],"wp:term":[{"taxonomy":"category","embeddable":true,"href":"https:\/\/www.europesays.com\/fr\/wp-json\/wp\/v2\/categories?post=340325"},{"taxonomy":"post_tag","embeddable":true,"href":"https:\/\/www.europesays.com\/fr\/wp-json\/wp\/v2\/tags?post=340325"}],"curies":[{"name":"wp","href":"https:\/\/api.w.org\/{rel}","templated":true}]}}