{"id":340327,"date":"2025-08-24T09:08:16","date_gmt":"2025-08-24T09:08:16","guid":{"rendered":"https:\/\/www.europesays.com\/fr\/340327\/"},"modified":"2025-08-24T09:08:16","modified_gmt":"2025-08-24T09:08:16","slug":"fort-boyard-elle-est-capricieuse-une-calamite-elle-est-vraiment-nulle-aucune-motivation-aucune-envie-de-se-battre-pour-lequipe-elle-est-mieux-en-prison-quitte-a-servir-a-rien","status":"publish","type":"post","link":"https:\/\/www.europesays.com\/fr\/340327\/","title":{"rendered":"Fort Boyard &#8211; \u00ab\u00a0Elle est capricieuse, une calamit\u00e9\u00a0\u00bb, \u00ab\u00a0Elle est vraiment nulle, aucune motivation, aucune envie de se battre pour l\u2019\u00e9quipe\u00a0\u00bb, \u00ab\u00a0Elle est mieux en prison, quitte \u00e0 servir \u00e0 rien\u00a0\u00bb : Le comportement de Diane Leyre exasp\u00e8re les internautes"},"content":{"rendered":"<p><img decoding=\"async\" class=\"caas-img has-preview\" alt=\"Le comportement de Diane Leyre dans \" bad-src=\"https:\/\/www.europesays.com\/fr\/wp-content\/uploads\/2025\/08\/5841f2c0-8063-11f0-b9fc-32b9210f0eaf.png\" src=\"https:\/\/www.europesays.com\/fr\/wp-content\/uploads\/2025\/08\/5841f2c0-8063-11f0-b9fc-32b9210f0eaf.png\"\/><\/p>\n<p>Le comportement de Diane Leyre dans \u00ab\u00a0Fort Boyard\u00a0\u00bb exasp\u00e8re les internautes. Capture \u00e9cran France 2<\/p>\n<p>La fin de l\u2019\u00e9t\u00e9 a point\u00e9 le bout de son nez, mais \u00ab\u00a0<a data-i13n=\"cpos:1;pos:1\" href=\"https:\/\/fr.news.yahoo.com\/fort-boyard-le-pere-fouras-est-un-peu-coquin-quelle-horreur-jose-esperer-que-leurs-dents-ont-ete-lavees-une-epreuve-avec-elodie-gossuin-et-julia-martin-degoute-les-internautes-200626596.html\" data-ylk=\"slk:Fort Boyard;cpos:1;pos:1;elm:context_link;itc:0;sec:content-canvas;outcm:mb_qualified_link;_E:mb_qualified_link;ct:story;\" class=\"link  yahoo-link\" target=\"_blank\" rel=\"noopener\">Fort Boyard<\/a>\u00a0\u00bb continue de rythmer les samedis soir des t\u00e9l\u00e9spectateurs. Ce 23 ao\u00fbt 2025, <a data-i13n=\"cpos:2;pos:1\" href=\"https:\/\/fr.news.yahoo.com\/fort-boyard---un-des-plus-grands-moments-je-suis-en-larmes--il-nous-offre-un-moment-danthologie--stephane-bern-coince-dans-un-tonneau-cree-lhilarite-sur-la-toile-211844891.html\" data-ylk=\"slk:France 2;cpos:2;pos:1;elm:context_link;itc:0;sec:content-canvas;outcm:mb_qualified_link;_E:mb_qualified_link;ct:story;\" class=\"link  yahoo-link\" target=\"_blank\" rel=\"noopener\">France 2<\/a> a propos\u00e9 l\u2019avant-dernier \u00e9pisode de la saison, toujours orchestr\u00e9 par <a data-i13n=\"cpos:3;pos:1\" href=\"https:\/\/fr.news.yahoo.com\/fort-boyard-ca-va-etre-tres-dur-de-lui-succeder-merci-pour-tout-jai-deja-les-yeux-embues-olivier-minne-inaugure-sa-derniere-saison-dans-lemission-et-bouleverse-les-internautes-194945824.html\" data-ylk=\"slk:Olivier Minne;cpos:3;pos:1;elm:context_link;itc:0;sec:content-canvas;outcm:mb_qualified_link;_E:mb_qualified_link;ct:story;\" class=\"link  yahoo-link\" target=\"_blank\" rel=\"noopener\">Olivier Minne<\/a>. Un num\u00e9ro particulier, marqu\u00e9 \u00e0 la fois par le th\u00e8me \u00ab\u00a0Les Origines\u00a0\u00bb qui c\u00e9l\u00e8bre les 23 ans de pr\u00e9sence <a data-i13n=\"cpos:4;pos:1\" href=\"https:\/\/fr.style.yahoo.com\/fort-boyard-va-remplacer-olivier-094052566.html\" data-ylk=\"slk:de l\u2019animateur;cpos:4;pos:1;elm:context_link;itc:0;sec:content-canvas;outcm:mb_qualified_link;_E:mb_qualified_link;ct:story;\" class=\"link  yahoo-link\" target=\"_blank\" rel=\"noopener\">de l\u2019animateur<\/a> sur le Fort, mais aussi par l\u2019\u00e9motion de ses adieux \u00e0 l\u2019\u00e9mission avant son arriv\u00e9e prochaine sur M6.<\/p>\n<p>Pour ce huiti\u00e8me rendez-vous, le P\u00e8re Fouras et ses acolytes ont accueilli une \u00e9quipe \u00e9clectique pr\u00eate \u00e0 en d\u00e9coudre avec les \u00e9preuves cultes et les nouveaut\u00e9s revisit\u00e9es. Camille Cerf, Diane Leyre, Christophe Licata, Azzedine Ahmed-Chaouch, Mayane et L\u00e9a Fran\u00e7ois se sont unis dans l\u2019espoir de d\u00e9crocher un maximum de boyards pour l\u2019association Les Bonnes F\u00e9es. Cr\u00e9\u00e9e en 2015 par d\u2019anciennes Miss France, cette organisation, pr\u00e9sid\u00e9e par Sylvie Tellier, agit aupr\u00e8s des femmes en situation de pr\u00e9carit\u00e9 ou touch\u00e9es par le cancer, notamment gr\u00e2ce \u00e0 ses Maisons des Bonnes F\u00e9es implant\u00e9es dans plusieurs h\u00f4pitaux en France.<\/p>\n<p>Mayane, la r\u00e9v\u00e9lation de l\u2019\u00e9pisode<\/p>\n<p>Si l\u2019\u00e9quipe a connu des fortunes diverses, une candidate a particuli\u00e8rement marqu\u00e9 les t\u00e9l\u00e9spectateurs : Mayane. La jeune actrice atteinte de trisomie 21, d\u00e9j\u00e0 r\u00e9v\u00e9l\u00e9e dans \u00ab\u00a0Danse avec les stars\u00a0\u00bb, a impressionn\u00e9 par son mental et sa d\u00e9termination. Concentr\u00e9e, appliqu\u00e9e et volontaire, elle a encha\u00een\u00e9 les r\u00e9ussites, se surpassant dans chacune de ses \u00e9preuves. Une attitude salu\u00e9e par de nombreux internautes, certains la qualifiant m\u00eame de \u00ab\u00a0r\u00e9v\u00e9lation\u00a0\u00bb de ce huiti\u00e8me \u00e9pisode.<\/p>\n<blockquote placeholder=\"\" data-theme=\"light\" class=\"twitter-tweet\">\n<p>Mayane a brill\u00e9 dans l\u2019\u00e9preuve du flipper, d\u00e9crochant la cl\u00e9 avec brio en 40 secondes. L\u00e9a Fran\u00e7ois, \u00e0 ses c\u00f4t\u00e9s, l\u2019a soutenue et encourag\u00e9e \u00e0 chaque instant, transformant ce moment en v\u00e9ritable r\u00e9ussite pleine de complicit\u00e9 et de bonne humeur. \ud83e\udef6<a href=\"https:\/\/twitter.com\/hashtag\/FortBoyard?src=hash&amp;ref_src=twsrc%5Etfw\" rel=\"nofollow noopener\" target=\"_blank\" data-ylk=\"slk:#FortBoyard;elm:context_link;itc:0;sec:content-canvas\" class=\"link \">#FortBoyard<\/a> <a href=\"https:\/\/t.co\/Nv41Ssk8On\" rel=\"nofollow noopener\" target=\"_blank\" data-ylk=\"slk:pic.twitter.com\/Nv41Ssk8On;elm:context_link;itc:0;sec:content-canvas\" class=\"link \">pic.twitter.com\/Nv41Ssk8On<\/a><\/p>\n<p>\u2014 YOUNG PEOPLE (@youngpeople_off) <a href=\"https:\/\/twitter.com\/youngpeople_off\/status\/1959345448574955682?ref_src=twsrc%5Etfw\" rel=\"nofollow noopener\" target=\"_blank\" data-ylk=\"slk:August 23, 2025;elm:context_link;itc:0;sec:content-canvas\" class=\"link \">August 23, 2025<\/a><\/p>\n<\/blockquote>\n<blockquote placeholder=\"\" data-theme=\"light\" class=\"twitter-tweet\">\n<p><a href=\"https:\/\/twitter.com\/hashtag\/FortBoyard?src=hash&amp;ref_src=twsrc%5Etfw\" rel=\"nofollow noopener\" target=\"_blank\" data-ylk=\"slk:#FortBoyard;elm:context_link;itc:0;sec:content-canvas\" class=\"link \">#FortBoyard<\/a> Mayane qui encourage Christophe\ud83e\udd17\ud83e\udd70\u263a\ufe0f<br \/>Quel courage, quelle volont\u00e9 cette petite Mayane, j&rsquo;adore\u2764\ufe0f<br \/>Un grand bravo pour ce saut de l&rsquo;ange, j&rsquo;en ai des frissons\u263a\ufe0f\ud83d\udc4f\ud83d\udc4f<br \/>Un duo incroyable, tellement fusionnel\u2764\ufe0f<\/p>\n<p>\u2014 ~* Is@belle ~* \u2728 (@Is_Zabelle) <a href=\"https:\/\/twitter.com\/Is_Zabelle\/status\/1959355102227042805?ref_src=twsrc%5Etfw\" rel=\"nofollow noopener\" target=\"_blank\" data-ylk=\"slk:August 23, 2025;elm:context_link;itc:0;sec:content-canvas\" class=\"link \">August 23, 2025<\/a><\/p>\n<\/blockquote>\n<p>Diane Leyre multiplie les \u00e9checs<\/p>\n<p>\u00c0 l\u2019inverse, Diane Leyre n\u2019a pas convaincu. D\u00e8s ses premi\u00e8res participations, la Miss France 2022 a sembl\u00e9 manquer d\u2019organisation et de concentration. Dans le Boyard H\u00f4tel, sa technique brouillonne lui a co\u00fbt\u00e9 cher, avant qu\u2019elle ne chute presque imm\u00e9diatement de la poutre aux jets d\u2019eau, laissant ses co\u00e9quipiers frustr\u00e9s.<\/p>\n<p>Mais c\u2019est surtout lors du duel qui l\u2019opposait \u00e0 un ma\u00eetre du Fort que Diane a fait pol\u00e9mique. En choisissant la couleur rouge, elle a d\u00fb se confronter \u00e0 une \u00e9preuve physique\u2026 qu\u2019elle a perdue en quelques secondes, \u00e0 peine le temps de tenir la barre. \u00ab\u00a0Le duel le plus court de l\u2019histoire\u00a0\u00bb, a ironis\u00e9 un internaute sur X (ex-Twitter). D\u2019autres ont d\u00e9nonc\u00e9 un choix absurde, estimant qu\u2019elle n\u2019\u00e9tait \u00ab\u00a0pas apte\u00a0\u00bb pour ce type de d\u00e9fi. Un passage jug\u00e9 \u00ab\u00a0ridicule\u00a0\u00bb par plusieurs t\u00e9l\u00e9spectateurs, qui y ont vu un manque de combativit\u00e9.<\/p>\n<p>\u00ab\u00a0Aucune motivation, aucun mental, aucune envie de se battre pour l&rsquo;\u00e9quipe\u00a0\u00bb<\/p>\n<p>Son attitude a insupport\u00e9 les internautes. Beaucoup lui ont reproch\u00e9 son manque d\u2019efforts, son absence totale de \u00ab\u00a0motivation\u00a0\u00bb et son air d\u00e9sinvolte face aux \u00e9preuves. Rapidement qualifi\u00e9e de \u00ab\u00a0maillon faible\u00a0\u00bb de l\u2019\u00e9quipe, elle a \u00e9t\u00e9 accus\u00e9e d\u2019avoir pr\u00e9f\u00e9r\u00e9 finir prisonni\u00e8re plut\u00f4t que d\u2019affronter les aventures les plus redout\u00e9es du Fort. \u00ab\u00a0Elle est plus tranquille en prison qu\u2019en train de ramper avec des cafards\u00a0\u00bb, a r\u00e9sum\u00e9 un internaute, reflet d\u2019une avalanche de critiques sur X.<\/p>\n<blockquote placeholder=\"\" data-theme=\"light\" class=\"twitter-tweet\">\n<p><a href=\"https:\/\/twitter.com\/hashtag\/FortBoyard?src=hash&amp;ref_src=twsrc%5Etfw\" rel=\"nofollow noopener\" target=\"_blank\" data-ylk=\"slk:#FortBoyard;elm:context_link;itc:0;sec:content-canvas\" class=\"link \">#FortBoyard<\/a> <br \/>Equipe qui a souffert de Diane Leyre, elle a fait aucun effort, elle est capricieuse. Une calamit\u00e9. <br \/>Mayane a \u00e9t\u00e9 impressionnante ! Mais j&rsquo;ai pas compris pourquoi Christophe Licata \u00e9tait aussi coll\u00e9e \u00e0 elle la pauvre.<\/p>\n<p>\u2014 Guillaume Guegan (@GGuegan1Auteur) <a href=\"https:\/\/twitter.com\/GGuegan1Auteur\/status\/1959347550982463627?ref_src=twsrc%5Etfw\" rel=\"nofollow noopener\" target=\"_blank\" data-ylk=\"slk:August 23, 2025;elm:context_link;itc:0;sec:content-canvas\" class=\"link \">August 23, 2025<\/a><\/p>\n<\/blockquote>\n<blockquote placeholder=\"\" data-theme=\"light\" class=\"twitter-tweet\">\n<p>Je suis sur qu\u2019elle a fait expr\u00e8s de choisir rouge et de perdre pour \u00e9viter de faire les \u00e9preuves ! Vous la voyez chez Willy ou avec des cafards ! <br \/>Tenir 10 secondes c\u2019est ce foutre du monde!! Qu\u2019en pensez-vous ??<a href=\"https:\/\/twitter.com\/hashtag\/fortboyard?src=hash&amp;ref_src=twsrc%5Etfw\" rel=\"nofollow noopener\" target=\"_blank\" data-ylk=\"slk:#fortboyard;elm:context_link;itc:0;sec:content-canvas\" class=\"link \">#fortboyard<\/a><\/p>\n<p>\u2014 phil bouvard (@PhilBouvard) <a href=\"https:\/\/twitter.com\/PhilBouvard\/status\/1959348157583663412?ref_src=twsrc%5Etfw\" rel=\"nofollow noopener\" target=\"_blank\" data-ylk=\"slk:August 23, 2025;elm:context_link;itc:0;sec:content-canvas\" class=\"link \">August 23, 2025<\/a><\/p>\n<\/blockquote>\n<blockquote placeholder=\"\" data-theme=\"light\" class=\"twitter-tweet\">\n<p>Elle est vraiment nulle Diane Leyre, aucune motivation, aucun mental, aucune envie de se battre pour l&rsquo;\u00e9quipe. Elle fait tr\u00e8s menfoutiste !! Qu&rsquo;est-ce qu&rsquo;elle fait l\u00e0 !? <a href=\"https:\/\/twitter.com\/hashtag\/fortboyard?src=hash&amp;ref_src=twsrc%5Etfw\" rel=\"nofollow noopener\" target=\"_blank\" data-ylk=\"slk:#fortboyard;elm:context_link;itc:0;sec:content-canvas\" class=\"link \">#fortboyard<\/a><\/p>\n<p>\u2014 Lulu-bellule (@LulluBellule) <a href=\"https:\/\/twitter.com\/LulluBellule\/status\/1959348504595140975?ref_src=twsrc%5Etfw\" rel=\"nofollow noopener\" target=\"_blank\" data-ylk=\"slk:August 23, 2025;elm:context_link;itc:0;sec:content-canvas\" class=\"link \">August 23, 2025<\/a><\/p>\n<\/blockquote>\n<blockquote placeholder=\"\" data-theme=\"light\" class=\"twitter-tweet\">\n<p>Diane qui prend une \u00e9preuve physique chez rouge alors qu&rsquo;elle est pas physique du tout \ud83d\ude05\ud83e\udd26\u200d\u2642\ufe0f<a href=\"https:\/\/twitter.com\/hashtag\/FortBoyard?src=hash&amp;ref_src=twsrc%5Etfw\" rel=\"nofollow noopener\" target=\"_blank\" data-ylk=\"slk:#FortBoyard;elm:context_link;itc:0;sec:content-canvas\" class=\"link \">#FortBoyard<\/a><\/p>\n<p>\u2014 XDvidTB (@XDvidTB) <a href=\"https:\/\/twitter.com\/XDvidTB\/status\/1959348290282996027?ref_src=twsrc%5Etfw\" rel=\"nofollow noopener\" target=\"_blank\" data-ylk=\"slk:August 23, 2025;elm:context_link;itc:0;sec:content-canvas\" class=\"link \">August 23, 2025<\/a><\/p>\n<\/blockquote>\n<blockquote placeholder=\"\" data-theme=\"light\" class=\"twitter-tweet\">\n<p><a href=\"https:\/\/twitter.com\/hashtag\/fortboyard?src=hash&amp;ref_src=twsrc%5Etfw\" rel=\"nofollow noopener\" target=\"_blank\" data-ylk=\"slk:#fortboyard;elm:context_link;itc:0;sec:content-canvas\" class=\"link \">#fortboyard<\/a><\/p>\n<p>Diane se fait prisonni\u00e8re donc c&rsquo;est bien elle le maillon faible de l&rsquo;\u00e9quipe&#8230;<\/p>\n<p>\u2014 Cyril Lapo (@Cyril_Lapo) <a href=\"https:\/\/twitter.com\/Cyril_Lapo\/status\/1959348783432568929?ref_src=twsrc%5Etfw\" rel=\"nofollow noopener\" target=\"_blank\" data-ylk=\"slk:August 23, 2025;elm:context_link;itc:0;sec:content-canvas\" class=\"link \">August 23, 2025<\/a><\/p>\n<\/blockquote>\n<blockquote placeholder=\"\" data-theme=\"light\" class=\"twitter-tweet\">\n<p><a href=\"https:\/\/twitter.com\/hashtag\/FortBoyard?src=hash&amp;ref_src=twsrc%5Etfw\" rel=\"nofollow noopener\" target=\"_blank\" data-ylk=\"slk:#FortBoyard;elm:context_link;itc:0;sec:content-canvas\" class=\"link \">#FortBoyard<\/a> Au final elle est mieux en prison Diane, quitte \u00e0 servir \u00e0 rien !\ud83d\ude05<\/p>\n<p>\u2014 ~* Is@belle ~* \u2728 (@Is_Zabelle) <a href=\"https:\/\/twitter.com\/Is_Zabelle\/status\/1959348684463743296?ref_src=twsrc%5Etfw\" rel=\"nofollow noopener\" target=\"_blank\" data-ylk=\"slk:August 23, 2025;elm:context_link;itc:0;sec:content-canvas\" class=\"link \">August 23, 2025<\/a><\/p>\n<\/blockquote>\n<blockquote placeholder=\"\" data-theme=\"light\" class=\"twitter-tweet\">\n<p><a href=\"https:\/\/twitter.com\/hashtag\/FortBoyard?src=hash&amp;ref_src=twsrc%5Etfw\" rel=\"nofollow noopener\" target=\"_blank\" data-ylk=\"slk:#FortBoyard;elm:context_link;itc:0;sec:content-canvas\" class=\"link \">#FortBoyard<\/a> Diane a l&rsquo;air tellement antipathique et froide. <br \/>Et encore 1 \u00e9chec, c&rsquo;est mal parti avec elle je le sens !<\/p>\n<p>\u2014 ~* Is@belle ~* \u2728 (@Is_Zabelle) <a href=\"https:\/\/twitter.com\/Is_Zabelle\/status\/1959340855522713859?ref_src=twsrc%5Etfw\" rel=\"nofollow noopener\" target=\"_blank\" data-ylk=\"slk:August 23, 2025;elm:context_link;itc:0;sec:content-canvas\" class=\"link \">August 23, 2025<\/a><\/p>\n<\/blockquote>\n<p><script async src=\"https:\/\/platform.twitter.com\/widgets.js\" charset=\"utf-8\"><\/script><\/p>\n","protected":false},"excerpt":{"rendered":"Le comportement de Diane Leyre dans \u00ab\u00a0Fort Boyard\u00a0\u00bb exasp\u00e8re les internautes. Capture \u00e9cran France 2 La fin de&hellip;\n","protected":false},"author":2,"featured_media":340328,"comment_status":"","ping_status":"","sticky":false,"template":"","format":"standard","meta":{"footnotes":""},"categories":[1359],"tags":[14655,34820,58,59,15745,1011,27,10856,15672,47646,973],"class_list":{"0":"post-340327","1":"post","2":"type-post","3":"status-publish","4":"format-standard","5":"has-post-thumbnail","7":"category-people","8":"tag-christophe-licata","9":"tag-diane-leyre","10":"tag-divertissement","11":"tag-entertainment","12":"tag-fort-boyard","13":"tag-fr","14":"tag-france","15":"tag-lequipe","16":"tag-la-fin-de-lete","17":"tag-mayane","18":"tag-people"},"share_on_mastodon":{"url":"https:\/\/pubeurope.com\/@fr\/115082959758739106","error":""},"_links":{"self":[{"href":"https:\/\/www.europesays.com\/fr\/wp-json\/wp\/v2\/posts\/340327","targetHints":{"allow":["GET"]}}],"collection":[{"href":"https:\/\/www.europesays.com\/fr\/wp-json\/wp\/v2\/posts"}],"about":[{"href":"https:\/\/www.europesays.com\/fr\/wp-json\/wp\/v2\/types\/post"}],"author":[{"embeddable":true,"href":"https:\/\/www.europesays.com\/fr\/wp-json\/wp\/v2\/users\/2"}],"replies":[{"embeddable":true,"href":"https:\/\/www.europesays.com\/fr\/wp-json\/wp\/v2\/comments?post=340327"}],"version-history":[{"count":0,"href":"https:\/\/www.europesays.com\/fr\/wp-json\/wp\/v2\/posts\/340327\/revisions"}],"wp:featuredmedia":[{"embeddable":true,"href":"https:\/\/www.europesays.com\/fr\/wp-json\/wp\/v2\/media\/340328"}],"wp:attachment":[{"href":"https:\/\/www.europesays.com\/fr\/wp-json\/wp\/v2\/media?parent=340327"}],"wp:term":[{"taxonomy":"category","embeddable":true,"href":"https:\/\/www.europesays.com\/fr\/wp-json\/wp\/v2\/categories?post=340327"},{"taxonomy":"post_tag","embeddable":true,"href":"https:\/\/www.europesays.com\/fr\/wp-json\/wp\/v2\/tags?post=340327"}],"curies":[{"name":"wp","href":"https:\/\/api.w.org\/{rel}","templated":true}]}}