{"id":340333,"date":"2025-08-24T09:11:11","date_gmt":"2025-08-24T09:11:11","guid":{"rendered":"https:\/\/www.europesays.com\/fr\/340333\/"},"modified":"2025-08-24T09:11:11","modified_gmt":"2025-08-24T09:11:11","slug":"comment-la-production-influence-les-agriculteurs-dans-le-choix-de-leurs-pretendantes","status":"publish","type":"post","link":"https:\/\/www.europesays.com\/fr\/340333\/","title":{"rendered":"Comment la production influence les agriculteurs dans le choix de leurs pr\u00e9tendantes"},"content":{"rendered":"<p>Ce fut une dr\u00f4le de surprise pour Oc\u00e9ane. \u00ab\u00a0Le jour de la Saint-Valentin, j\u2019\u00e9tais au magasin avec des clients quand j\u2019ai re\u00e7u un bouquet de fleurs accompagn\u00e9 d\u2019une lettre et de chocolats\u00a0\u00bb, raconte la mara\u00eech\u00e8re de 26 ans. Elle a re\u00e7u ce colis peu apr\u00e8s la diffusion de son portrait pour la nouvelle saison de \u00ab\u00a0<a href=\"https:\/\/www.20minutes.fr\/television\/l_amour_est_dans_le_pr\/\" class=\"c-link c-link--is-underlined\" target=\"_blank\" rel=\"noopener\">L\u2019Amour est dans le pr\u00e9<\/a>\u00a0\u00bb sur <a href=\"https:\/\/www.20minutes.fr\/dossier\/m6\" class=\"c-link c-link--is-underlined\" target=\"_blank\" rel=\"noopener\">M6<\/a>. \u00ab\u00a0Apparemment, il m\u2019avait \u00e9crit, mais je n\u2019ai pas eu son courrier entre les mains\u00a0\u00bb, affirme la Bretonne. Si son exp\u00e9diteur ne lui a pas menti, c\u2019est que la production de l\u2019\u00e9mission, dont la nouvelle saison d\u00e9bute ce lundi, n\u2019a pas s\u00e9lectionn\u00e9 son courrier.<\/p>\n<p>\u00ab\u00a0On a toujours \u00e9limin\u00e9 les lettres \u00e9crites par des bimbos qui sont sur Instagram \u00e0 moiti\u00e9 \u00e0 poil. M\u00eame chose pour les gens qui ont des choses \u00e0 vendre de fa\u00e7on tr\u00e8s \u00e9vidente\u2026 On essaie d\u2019enlever l\u2019insinc\u00e9rit\u00e9\u00a0\u00bb, affirme la pr\u00e9sentatrice <a href=\"https:\/\/www.20minutes.fr\/dossier\/karine_le_marchand\" class=\"c-link c-link--is-underlined\" target=\"_blank\" rel=\"noopener\">Karine Le\u00a0Marchand<\/a>. Une d\u00e9claration qui n\u2019a rien d\u2019un scoop\u00a0: \u00e0 l\u2019occasion du lancement de la saison pr\u00e9c\u00e9dente, <a href=\"https:\/\/www.20minutes.fr\/arts-stars\/television\/4102044-20240818-amour-pre-problematiques-opportunistes-profils-agriculteurs-production-refuse\" class=\"c-link c-link--is-underlined\" target=\"_blank\" rel=\"noopener\">20 Minutes avait r\u00e9v\u00e9l\u00e9 les profils de pr\u00e9tendants r\u00e9dhibitoires<\/a> aux yeux de la production.<\/p>\n<p>Le tourbillon des speed datings<\/p>\n<p>Mais l\u2019influence de cette derni\u00e8re se poursuit \u00e9galement lors de l\u2019\u00e9tape des speed datings. \u00ab\u00a0On m\u2019avait propos\u00e9 un carnet au moment de la lecture des courriers, mais je ne savais pas \u00e0 quoi \u00e7a servait. Donc je ne l\u2019ai pas utilis\u00e9 et je n\u2019ai pas pu r\u00e9viser. J\u2019\u00e9tais l\u00e0\u00a0: \u00ab\u00a0Qu\u2019est-ce qu\u2019elles m\u2019ont racont\u00e9, d\u00e9j\u00e0, dans leurs lettres\u00a0?\u00a0\u00bb\u00a0\u00bb, plaisante Gilles, c\u00e9r\u00e9alier de 58 ans, qui conc\u00e8de avoir \u00ab\u00a0une m\u00e9moire de poisson rouge\u00a0\u00bb. Le Normand poursuit\u00a0: \u00ab\u00a0Ils m\u2019ont redonn\u00e9 un carnet au speed dating. Et l\u00e0, j\u2019ai pris des notes, j\u2019ai mis les grandes lignes. Et je m\u2019en suis sorti.\u00a0\u00bb<\/p>\n<\/p>\n<p>S\u2019il n\u2019a pas eu de mal \u00e0 choisir parmi ses pr\u00e9tendantes les deux qu\u2019il souhaitait convier pour un s\u00e9jour dans sa ferme, pour d\u2019autres, c\u2019est moins \u00e9vident. Certains ont bien du mal \u00e0 avoir l\u2019esprit clair apr\u00e8s que leurs t\u00eate-\u00e0-t\u00eate se sont encha\u00een\u00e9s.<\/p>\n<p>Eviter le choix de \u00ab\u00a0deux personnes catastrophiques\u00a0\u00bb<\/p>\n<p>Karine Le\u00a0Marchand y va donc de son coup de pouce\u00a0: \u00ab\u00a0Vous le voyez, d\u2019ailleurs, m\u00eame si on ne garde pas tout au montage. Avoir du recul sur soi-m\u00eame, ce n\u2019est pas \u00e9vident. Il y en a aussi qui vont faire un choix malheureux, de fa\u00e7on \u00e9vidente, et dans ce cas-l\u00e0, on se dit qu\u2019il ne faut absolument pas qu\u2019ils maintiennent ce choix.\u00a0\u00bb<\/p>\n<p>\u00ab\u00a0Si, sur les deux pr\u00e9tendantes, il n\u2019y en a qu\u2019une [qui ne semble pas \u00eatre un choix pertinent] et que l\u2019autre est super, je ne dis rien, poursuit l\u2019animatrice. Mais il est arriv\u00e9, notamment cette saison, qu\u2019une personne, parmi les c\u00e9libataires, veuille s\u00e9lectionner deux personnes catastrophiques. C\u2019\u00e9tait quelqu\u2019un de tr\u00e8s ind\u00e9cis, qui ne se souvenait plus des pr\u00e9noms et \u00e9tait compl\u00e8tement largu\u00e9. Je lui ai donc dit\u00a0: \u00ab\u00a0Je m\u2019en fous, choisi au moins celle-ci, fais-moi confiance.\u00a0\u00bb Et elles ont fini en couple. Donc je suis contente. Parce qu\u2019au d\u00e9part, elle n\u2019en voulait pas.\u00a0\u00bb<\/p>\n<p>Forte de ses quinze ann\u00e9es d\u2019exp\u00e9rience \u00e0 la t\u00eate de \u00ab\u00a0L\u2019Amour est dans le pr\u00e9\u00a0\u00bb, Karine Le\u00a0Marchand se pr\u00e9vaut de son expertise d\u2019entremetteuse. \u00ab\u00a0Quand on fait cette \u00e9mission, c\u2019est qu\u2019on veut casser les codes et rencontrer l\u2019amour sinc\u00e8rement\u00a0\u00bb, clame-t-elle. Elle met ainsi en garde les agriculteurs face au pi\u00e8ge des \u00ab\u00a0sch\u00e9mas r\u00e9p\u00e9titifs\u00a0\u00bb\u00a0: \u00ab\u00a0On est toujours attir\u00e9 par des profils qui r\u00e9veillent des abandons ou des habitudes qu\u2019on a pu avoir dans l\u2019enfance, avance-t-elle. Quand on voit que cela va se produire, que l\u2019on conna\u00eet l\u2019agriculteur qui nous a parl\u00e9 de son pass\u00e9, on se dit\u00a0: \u00ab\u00a0Non, il ne va pas recommencer avec ses vieux d\u00e9mons.\u00a0\u00bb\u00a0\u00bb<\/p>\n<p>\u00ab\u00a0Fais-la ta connerie, mais n\u2019en fais pas deux\u00a0\u00bb<\/p>\n<p>L\u2019exemple de Christophe lors de la saison pr\u00e9c\u00e9dente est un cas d\u2019\u00e9cole. Le viticulteur de 57 ans s\u2019\u00e9tait enflamm\u00e9 pour Guillaume, un \u00e9tudiant de 25 ans. \u00ab\u00a0Pour tous les t\u00e9l\u00e9spectateurs, pour toute la production, il \u00e9tait \u00e9vident que cela n\u2019allait pas marcher, r\u00e9sume la pr\u00e9sentatrice. Apr\u00e8s, il en voulait vraiment. D\u00e8s l\u2019instant o\u00f9 l\u2019autre pr\u00e9tendant [Yann, 40 ans] \u00e9tait convenable, on a laiss\u00e9 faire. Christophe disait qu\u2019il ne pouvait pas faire autrement. Je lui ai r\u00e9pondu\u00a0: \u00ab\u00a0Vas-y, fais-la ta connerie, mais n\u2019en fais pas deux.\u00a0\u00bb\u00a0\u00bb R\u00e9sultat\u00a0: le flirt entre le quinquag\u00e9naire et le vingtenaire s\u2019est sold\u00e9 par un chaos \u00e9motionnel. Et, Christophe est rest\u00e9 en couple avec Yann jusqu&rsquo;\u00e0 cet \u00e9t\u00e9.<\/p>\n<p>Pour que tout se passe au mieux, la production n\u2019h\u00e9site donc pas \u00e0 mettre son grain de sel. \u00ab\u00a0On essaye d\u2019orienter les agriculteurs pour qu\u2019il n\u2019y ait pas trop de d\u00e9s\u00e9quilibre \u00e0 la ferme. Parce qu\u2019il y a des filles gentilles, qui sont super pour eux, mais dont on sent tr\u00e8s bien qu\u2019elles vont \u00eatre compl\u00e8tement \u00e9clips\u00e9es par la seconde qui a une grosse personnalit\u00e9\u00a0\u00bb, explique Karine Le\u00a0Marchand.<\/p>\n<p><a href=\"https:\/\/www.20minutes.fr\/television\/l_amour_est_dans_le_pr\/\" class=\"c-link c-btn c-btn--primary\" target=\"_blank\" rel=\"noopener\">Nos articles sur L&rsquo;amour est dans le pr\u00e9<\/a><\/p>\n<p>Quelques strat\u00e9gies sont donc mises en place. Comme faire arriver la pr\u00e9tendante plus timide quelques heures avant l\u2019autre. \u00ab\u00a0Pour qu\u2019elle ait la chance d\u2019\u00eatre en t\u00eate \u00e0 t\u00eate avec l\u2019agriculteur et se lib\u00e8re un peu, pr\u00e9cise la pr\u00e9sentatrice. Voil\u00e0, on essaye, avec nos moyens, de leur laisser une chance.\u00a0\u00bb<\/p>\n","protected":false},"excerpt":{"rendered":"Ce fut une dr\u00f4le de surprise pour Oc\u00e9ane. \u00ab\u00a0Le jour de la Saint-Valentin, j\u2019\u00e9tais au magasin avec des&hellip;\n","protected":false},"author":2,"featured_media":340334,"comment_status":"","ping_status":"","sticky":false,"template":"","format":"standard","meta":{"footnotes":""},"categories":[1356],"tags":[2572,1376,58,59,1011,27,5413,9307,494,252,1364],"class_list":{"0":"post-340333","1":"post","2":"type-post","3":"status-publish","4":"format-standard","5":"has-post-thumbnail","7":"category-television","8":"tag-agriculteurs","9":"tag-amour","10":"tag-divertissement","11":"tag-entertainment","12":"tag-fr","13":"tag-france","14":"tag-karine-le-marchand","15":"tag-lamour-est-dans-le-pre","16":"tag-m6","17":"tag-television","18":"tag-tv"},"share_on_mastodon":{"url":"https:\/\/pubeurope.com\/@fr\/115082971393508685","error":""},"_links":{"self":[{"href":"https:\/\/www.europesays.com\/fr\/wp-json\/wp\/v2\/posts\/340333","targetHints":{"allow":["GET"]}}],"collection":[{"href":"https:\/\/www.europesays.com\/fr\/wp-json\/wp\/v2\/posts"}],"about":[{"href":"https:\/\/www.europesays.com\/fr\/wp-json\/wp\/v2\/types\/post"}],"author":[{"embeddable":true,"href":"https:\/\/www.europesays.com\/fr\/wp-json\/wp\/v2\/users\/2"}],"replies":[{"embeddable":true,"href":"https:\/\/www.europesays.com\/fr\/wp-json\/wp\/v2\/comments?post=340333"}],"version-history":[{"count":0,"href":"https:\/\/www.europesays.com\/fr\/wp-json\/wp\/v2\/posts\/340333\/revisions"}],"wp:featuredmedia":[{"embeddable":true,"href":"https:\/\/www.europesays.com\/fr\/wp-json\/wp\/v2\/media\/340334"}],"wp:attachment":[{"href":"https:\/\/www.europesays.com\/fr\/wp-json\/wp\/v2\/media?parent=340333"}],"wp:term":[{"taxonomy":"category","embeddable":true,"href":"https:\/\/www.europesays.com\/fr\/wp-json\/wp\/v2\/categories?post=340333"},{"taxonomy":"post_tag","embeddable":true,"href":"https:\/\/www.europesays.com\/fr\/wp-json\/wp\/v2\/tags?post=340333"}],"curies":[{"name":"wp","href":"https:\/\/api.w.org\/{rel}","templated":true}]}}