{"id":340335,"date":"2025-08-24T09:12:12","date_gmt":"2025-08-24T09:12:12","guid":{"rendered":"https:\/\/www.europesays.com\/fr\/340335\/"},"modified":"2025-08-24T09:12:12","modified_gmt":"2025-08-24T09:12:12","slug":"personne-ne-le-sait-mais-cette-chanson-est-ecrite-par-un-auteur-de-polars-ultra-connu","status":"publish","type":"post","link":"https:\/\/www.europesays.com\/fr\/340335\/","title":{"rendered":"personne ne le sait mais cette chanson est \u00e9crite par un auteur de polars ultra connu"},"content":{"rendered":"<p><img decoding=\"async\" src=\"https:\/\/www.europesays.com\/fr\/wp-content\/uploads\/2025\/08\/photo_1755085773.jpg\" class=\"textcenter img-content\" loading=\"lazy\"\/>Bestimage<br \/>\n<br \/>\nC&rsquo;\u00e9tait il y a presque 10 ans. En 2017, le chanteur Gauvain Sers, alors \u00e2g\u00e9 de 28 ans et encore un parfait inconnu, sortait son tout premier disque. Port\u00e9 par le single \u00ab\u00a0Pourvu\u00a0\u00bb, l&rsquo;album, du m\u00eame nom, <a href=\"https:\/\/www.chartsinfrance.net\/actualite\/news-104460.html\" target=\"_blank\" class=\"spip_out\" rel=\"nofollow noopener\">avait lanc\u00e9 la carri\u00e8re<\/a> du jeune auteur-compositeur-interpr\u00e8te, originaire de la Creuse et souvent compar\u00e9 \u00e0 Renaud. Deux ans plus tard sortait \u00ab\u00a0Les oubli\u00e9s\u00a0\u00bb, puis \u00ab\u00a0Ta place dans ce monde\u00a0\u00bb, le troisi\u00e8me album de l&rsquo;artiste, <a href=\"https:\/\/www.chartsinfrance.net\/actualite\/news-132927.html\" target=\"_blank\" class=\"spip_out\" rel=\"nofollow noopener\">qui est devenu papa<\/a> pour la premi\u00e8re fois il y a quelques semaines.    <\/p>\n<p>Le player Dailymotion est en train de se charger&#8230;<\/p>\n<p>\u00ab\u00a0Il y a des ponts entre la litt\u00e9rature et la chanson\u00a0\u00bb<br \/>\nConnu pour ses douces m\u00e9lodies et ses paroles simples mais puissantes, Gauvain Sers n&rsquo;a pourtant pas produit les textes de toutes ses chansons. C&rsquo;est un effet un romancier &#8211; et plus pr\u00e9cis\u00e9ment un auteur tr\u00e8s connu, qui encha\u00eene les best-sellers &#8211; qui a sign\u00e9 le texte du titre \u00ab\u00a0Que restera-t-il de nous ?\u00a0\u00bb, la derni\u00e8re piste de l&rsquo;album \u00ab\u00a0Les oubli\u00e9s\u00a0\u00bb. Cet auteur, c&rsquo;est Michel Bussi, qui \u00e9crivait \u00e0 cette occasion pour la toute premi\u00e8re fois le texte d&rsquo;une chanson. Une chanson qui s&rsquo;int\u00e8gre dans le projet d&rsquo;\u00e9criture de son roman \u00ab\u00a0J&rsquo;ai d\u00fb r\u00eaver trop fort\u00a0\u00bb, paru en 2019. Chacun des chapitres de ce roman sont d&rsquo;ailleurs pr\u00e9c\u00e9d\u00e9s de quelques phrases tir\u00e9es de \u00ab\u00a0Que restera-t-il de nous ?\u00a0\u00bb. \u00ab J&rsquo;ai envie de surprendre mais aussi d&rsquo;\u00e9mouvoir. Je ne cherche pas \u00e0 retranscrire la r\u00e9alit\u00e9, mais \u00e0 la sublimer \u00bb avait expliqu\u00e9 celui \u00e0 qui l&rsquo;on doit les romans \u00ab\u00a0Nymph\u00e9as noirs\u00a0\u00bb ou \u00ab\u00a0Un avion sans elle\u00a0\u00bb. <\/p>\n<p>Comme l&rsquo;avait d\u00e9voil\u00e9 Michel Bussi en 2019 sur <a href=\"https:\/\/france3-regions.franceinfo.fr\/nouvelle-aquitaine\/michel-bussi-parolier-jour-gauvain-sers-1636810.html\" target=\"_blank\" class=\"spip_out\" rel=\"nofollow noopener\">France 3 Limousin<\/a>, sa rencontre avec Gauvain Sers avait eu lieu quelques mois plus t\u00f4t, lors d&rsquo;un \u00e9v\u00e8nement organis\u00e9 entre plusieurs artistes. \u00ab Quand j&rsquo;ai \u00e9crit ce roman qui parle beaucoup de musique puisque l&rsquo;un de ses h\u00e9ros est guitariste, j&rsquo;ai eu l&rsquo;id\u00e9e de faire en quelques sortes une bande originale de mon livre. Tout de suite j&rsquo;ai pens\u00e9 \u00e0 Gauvain. Les \u00e9diteurs et les managers se sont contact\u00e9s et \u00e7a s&rsquo;est fait tr\u00e8s naturellement. Et j&rsquo;ai eu la chance que Gauvain m&rsquo;\u00e9crive cette tr\u00e8s jolie chanson, tr\u00e8s jolie m\u00e9lodie, sur mes paroles. C&rsquo;est la premi\u00e8re fois qu&rsquo;il faisait une m\u00e9lodie sur des paroles qui ne sont pas les siennes. \u00bb <\/p>\n<\/p>\n<p>\u00ab Il y a des ponts entre la litt\u00e9rature et la chanson, des mani\u00e8res d&rsquo;\u00e9crire \u00bb avait de son c\u00f4t\u00e9 d\u00e9taill\u00e9 Gauvain Sers \u00e0 propos de cette collaboration surprise au <a href=\"https:\/\/www.ina.fr\/ina-eclaire-actu\/video\/s724881_001\/michel-bussi-et-gauvain-sers-rencontre-de-deux-auteurs-populaires\" target=\"_blank\" class=\"spip_out\" rel=\"nofollow noopener\">Parisien Week-End<\/a> en 2018, alors m\u00eame que \u00ab\u00a0Que restera-t-il de nous ?\u00a0\u00bb n&rsquo;avait pas encore \u00e9tait \u00e9crite : \u00ab Je crois que l&rsquo;on est tous les deux des amoureux de l&rsquo;\u00e9criture en g\u00e9n\u00e9ral. J&rsquo;ai h\u00e2te d&rsquo;en discuter avec [Michel Bussi]. \u00bb <\/p>\n<p>Un travail \u00e0 quatre mains qui a d&rsquo;ailleurs donn\u00e9 envie au chanteur de se lancer, un jour, dans l&rsquo;\u00e9criture de romans : \u00ab Je pense que \u00e7a me plairait beaucoup parce que je suis assez admiratif et fascin\u00e9 par les \u00e9crivains \u00bb, avait confi\u00e9 le chanteur au blog <a href=\"https:\/\/www.leschroniquesdannieetkristel.com\/2019\/06\/interview-de-gauvain-sers.html&lt;\/i&gt;\" target=\"_blank\" class=\"spip_out\" rel=\"nofollow noopener\">Les chroniques d&rsquo;Annie et Kristel<\/a>. \u00ab [&#8230;] Un livre, c&rsquo;est \u00e9norm\u00e9ment de minutie, de travail pr\u00e9paratoire, d&rsquo;abn\u00e9gation, une rigueur d&rsquo;\u00e9criture pendant des mois. Mais je pense qu&rsquo;un jour je tenterai ma chance car j&rsquo;aime \u00e9crire, ce qui est \u00e9videmment le plus important. \u00bb On l&rsquo;attend !<\/p>\n","protected":false},"excerpt":{"rendered":"Bestimage C&rsquo;\u00e9tait il y a presque 10 ans. En 2017, le chanteur Gauvain Sers, alors \u00e2g\u00e9 de 28&hellip;\n","protected":false},"author":2,"featured_media":340336,"comment_status":"","ping_status":"","sticky":false,"template":"","format":"standard","meta":{"footnotes":""},"categories":[1355],"tags":[58,59,1011,27,1361,873],"class_list":{"0":"post-340335","1":"post","2":"type-post","3":"status-publish","4":"format-standard","5":"has-post-thumbnail","7":"category-musique","8":"tag-divertissement","9":"tag-entertainment","10":"tag-fr","11":"tag-france","12":"tag-music","13":"tag-musique"},"share_on_mastodon":{"url":"https:\/\/pubeurope.com\/@fr\/115082975214306474","error":""},"_links":{"self":[{"href":"https:\/\/www.europesays.com\/fr\/wp-json\/wp\/v2\/posts\/340335","targetHints":{"allow":["GET"]}}],"collection":[{"href":"https:\/\/www.europesays.com\/fr\/wp-json\/wp\/v2\/posts"}],"about":[{"href":"https:\/\/www.europesays.com\/fr\/wp-json\/wp\/v2\/types\/post"}],"author":[{"embeddable":true,"href":"https:\/\/www.europesays.com\/fr\/wp-json\/wp\/v2\/users\/2"}],"replies":[{"embeddable":true,"href":"https:\/\/www.europesays.com\/fr\/wp-json\/wp\/v2\/comments?post=340335"}],"version-history":[{"count":0,"href":"https:\/\/www.europesays.com\/fr\/wp-json\/wp\/v2\/posts\/340335\/revisions"}],"wp:featuredmedia":[{"embeddable":true,"href":"https:\/\/www.europesays.com\/fr\/wp-json\/wp\/v2\/media\/340336"}],"wp:attachment":[{"href":"https:\/\/www.europesays.com\/fr\/wp-json\/wp\/v2\/media?parent=340335"}],"wp:term":[{"taxonomy":"category","embeddable":true,"href":"https:\/\/www.europesays.com\/fr\/wp-json\/wp\/v2\/categories?post=340335"},{"taxonomy":"post_tag","embeddable":true,"href":"https:\/\/www.europesays.com\/fr\/wp-json\/wp\/v2\/tags?post=340335"}],"curies":[{"name":"wp","href":"https:\/\/api.w.org\/{rel}","templated":true}]}}