{"id":340349,"date":"2025-08-24T09:20:13","date_gmt":"2025-08-24T09:20:13","guid":{"rendered":"https:\/\/www.europesays.com\/fr\/340349\/"},"modified":"2025-08-24T09:20:13","modified_gmt":"2025-08-24T09:20:13","slug":"le-pentagone-empeche-kiev-de-frapper-la-russie-avec-des-missiles-a-longue-portee-depuis-des-mois-selon-le-wall-street-journal","status":"publish","type":"post","link":"https:\/\/www.europesays.com\/fr\/340349\/","title":{"rendered":"le Pentagone emp\u00eache Kiev de frapper la Russie avec des missiles \u00e0 longue port\u00e9e depuis des mois, selon le Wall Street Journal"},"content":{"rendered":"<p>En novembre 2024, Kiev avait re\u00e7u l\u2019autorisation de l\u2019administration d\u00e9mocrate de Joe Biden de tirer des ATACAMS (\u00abArmy Tactical Missile System\u00bb) en profondeur sur le territoire russe. Mais les d\u00e9cideurs ont depuis chang\u00e9 \u00e0 Washington.<\/p>\n<p class=\"fig-paragraph\">Le Pentagone \u00abbloque depuis des mois l\u2019utilisation par l\u2019Ukraine de missiles \u00e0 longue port\u00e9e pour frapper la Russie\u00bb,\u00a0<a href=\"https:\/\/www.wsj.com\/politics\/national-security\/pentagon-has-quietly-blocked-ukraines-long-range-missile-strikes-on-russia-432a12e1?mod=hp_lead_pos1\" target=\"_blank\" rel=\"noopener\" data-gtm-custom-categorie=\"navigation\" data-gtm-custom-action=\"crossclick\" data-gtm-custom-label=\"Contextuel\" data-gtm-event=\"customEventSPE\">affirme le Wall Street Journal<\/a> \u00a0citant anonymement des \u00abresponsables am\u00e9ricains\u00bb dans un article publi\u00e9 samedi 23 ao\u00fbt. En novembre 2024, Kiev avait re\u00e7u l\u2019<a href=\"http:\/\/www.lefigaro.fr\/international\/les-atacms-ces-missiles-que-l-ukraine-pourrait-utiliser-pour-frapper-le-territoire-russe-20241117\" target=\"_blank\" data-fig-type=\"Article\" rel=\"noopener\" data-gtm-custom-categorie=\"navigation\" data-gtm-custom-action=\"crossclick\" data-gtm-custom-label=\"Contextuel\" data-gtm-event=\"customEventSPE\" data-fig-domain=\"LEFIGARO\">autorisation de l\u2019administration d\u00e9mocrate de Joe Biden de tirer des ATACAMS<\/a>\u00a0(\u00abArmy Tactical Missile System\u00bb) en profondeur sur le territoire russe.<\/p>\n<p class=\"fig-paragraph\">Entr\u00e9s en service en 1991 pendant la premi\u00e8re guerre du Golfe, ces missiles semi-balistiques sol-sol ont une port\u00e9e de plus de 300 kilom\u00e8tres, selon les derni\u00e8res versions.\u00a0Mais les d\u00e9cideurs ont chang\u00e9 \u00e0 Washington o\u00f9\u00a0<a href=\"http:\/\/www.lefigaro.fr\/vox\/monde\/l-editorial-de-philippe-gelie-la-paix-en-ukraine-passe-par-donald-trump-20250819\" target=\"_blank\" data-fig-type=\"Article\" rel=\"noopener\" data-gtm-custom-categorie=\"navigation\" data-gtm-custom-action=\"crossclick\" data-gtm-custom-label=\"Contextuel\" data-gtm-event=\"customEventSPE\" data-fig-domain=\"LEFIGARO\">Donald Trump<\/a>\u00a0tente de n\u00e9gocier avec le ma\u00eetre du Kremlin Vladimir Poutine la fin d\u2019une\u00a0<a href=\"http:\/\/www.lefigaro.fr\/international\/dossier\/tensions-entre-la-russie-et-l-ukraine-tout-comprendre-a-la-menace-d-une-invasion-russe\" target=\"_blank\" data-fig-type=\"Topic\" rel=\"noopener\" data-gtm-custom-categorie=\"navigation\" data-gtm-custom-action=\"crossclick\" data-gtm-custom-label=\"Contextuel\" data-gtm-event=\"customEventSPE\" data-fig-domain=\"LEFIGARO\">guerre commenc\u00e9e par la Russie en f\u00e9vrier 2022<\/a>.<\/p>\n<p>                                    <a class=\"fig-a11y-skip a11y-hidden\" href=\"#fig-a11y-skip-main-inarticle\"><br \/>\n        Passer la publicit\u00e9<br \/>\n    <\/a><\/p>\n<p class=\"fig-paragraph\">\u00abUne proc\u00e9dure d\u2019approbation de haut niveau du minist\u00e8re de la D\u00e9fense emp\u00eache l\u2019Ukraine\u00bb de tirer lesdits ATACMS \u00abdepuis la fin du printemps\u00bb, explique le quotidien \u00e9conomique. \u00ab\u00c0 au moins une occasion, l\u2019Ukraine a tent\u00e9 d\u2019utiliser l\u2019ATACMS contre une cible sur le territoire russe, mais son autorisation a \u00e9t\u00e9 refus\u00e9e, ont indiqu\u00e9 deux responsables.\u00bb\u00a0<\/p>\n<p class=\"fig-body-link\">\n            \u00c0 lire aussi<br \/>\n        <a class=\"fig-body-link__link fig-premium-mark\" href=\"http:\/\/www.lefigaro.fr\/international\/guerre-en-ukraine-derriere-l-idee-de-negociations-a-budapest-le-spectre-de-l-echec-du-memorandum-de-1994-20250822\" data-fig-type=\"Article\" data-gtm-custom-categorie=\"navigation\" data-gtm-custom-action=\"crossclick\" data-gtm-custom-label=\"Contextuel\" data-gtm-event=\"customEventSPE\" data-fig-domain=\"LEFIGARO\" target=\"_blank\" rel=\"noopener\">Guerre en Ukraine\u00a0: derri\u00e8re l\u2019id\u00e9e de n\u00e9gociations \u00e0 Budapest, le spectre de l\u2019\u00e9chec du m\u00e9morandum de 1994<br \/>\n    <\/a>\n<\/p>\n<p>\u00abCela n\u2019aurait pas d\u00fb \u00eatre autoris\u00e9\u00bb<\/p>\n<p class=\"fig-paragraph\">Ce v\u00e9to, analyse le WSJ, \u00aba restreint les op\u00e9rations militaires de l\u2019Ukraine alors que la Maison Blanche cherche \u00e0 convaincre le Kremlin d\u2019entamer des pourparlers de paix\u00bb. Qui d\u00e9taille\u00a0: \u00abLe processus de d\u00e9cision donne au secr\u00e9taire \u00e0 la D\u00e9fense Pete Hegseth le dernier mot sur la question de savoir si l\u2019Ukraine peut utiliser les ATACMS.\u00bb\u00a0<\/p>\n<p class=\"fig-paragraph\">Dans une\u00a0<a href=\"https:\/\/time.com\/7201565\/person-of-the-year-2024-donald-trump-transcript\/\" target=\"_blank\" rel=\"noopener\" data-gtm-custom-categorie=\"navigation\" data-gtm-custom-action=\"crossclick\" data-gtm-custom-label=\"Contextuel\" data-gtm-event=\"customEventSPE\">interview accord\u00e9e au Time en d\u00e9cembre dernier<\/a>, Donald Trump se disait \u00abcat\u00e9goriquement contre l\u2019envoi de missiles \u00e0 des centaines de kilom\u00e8tres en Russie\u00bb. \u00abPourquoi faisons-nous cela\u00a0? Nous ne faisons qu\u2019aggraver la situation et l\u2019aggraver. Cela n\u2019aurait pas d\u00fb \u00eatre autoris\u00e9. Maintenant, ils utilisent non seulement des missiles, mais aussi d\u2019autres types d\u2019armes. Et je pense que c\u2019est une grave erreur, une tr\u00e8s grave erreur\u00bb, ajoutait-il.<\/p>\n<p class=\"fig-paragraph\">Avant novembre dernier, Washington ne voulait pas livrer d\u2019ATACMS \u00e0 l\u2019Ukraine, craignant que\u00a0<a href=\"http:\/\/www.lefigaro.fr\/international\/guerre-en-ukraine-vladimir-poutine-va-t-il-vraiment-accepter-une-rencontre-avec-volodymyr-zelensky-20250819\" target=\"_blank\" data-fig-type=\"Article\" rel=\"noopener\" data-gtm-custom-categorie=\"navigation\" data-gtm-custom-action=\"crossclick\" data-gtm-custom-label=\"Contextuel\" data-gtm-event=\"customEventSPE\" data-fig-domain=\"LEFIGARO\">Vladimir Poutine<\/a>\u00a0y voit une escalade ou de la cobellig\u00e9rance. Mais l\u2019entr\u00e9e dans la guerre de\u00a0<a href=\"http:\/\/www.lefigaro.fr\/international\/avec-l-entree-en-scene-de-la-coree-du-nord-la-guerre-en-ukraine-s-internationalise-20241030\" target=\"_blank\" data-fig-type=\"Article\" rel=\"noopener\" data-gtm-custom-categorie=\"navigation\" data-gtm-custom-action=\"crossclick\" data-gtm-custom-label=\"Contextuel\" data-gtm-event=\"customEventSPE\" data-fig-domain=\"LEFIGARO\">troupes nord-cor\u00e9ennes<\/a>\u00a0a rebattu les cartes.<\/p>\n","protected":false},"excerpt":{"rendered":"En novembre 2024, Kiev avait re\u00e7u l\u2019autorisation de l\u2019administration d\u00e9mocrate de Joe Biden de tirer des ATACAMS (\u00abArmy&hellip;\n","protected":false},"author":2,"featured_media":340350,"comment_status":"","ping_status":"","sticky":false,"template":"","format":"standard","meta":{"footnotes":""},"categories":[5],"tags":[11,73,1011,27,131,14,8908,12,220,28],"class_list":{"0":"post-340349","1":"post","2":"type-post","3":"status-publish","4":"format-standard","5":"has-post-thumbnail","7":"category-international","8":"tag-actualites","9":"tag-etats-unis","10":"tag-fr","11":"tag-france","12":"tag-guerre-en-ukraine","13":"tag-international","14":"tag-missiles","15":"tag-news","16":"tag-ukraine","17":"tag-world"},"share_on_mastodon":{"url":"https:\/\/pubeurope.com\/@fr\/115083006871985363","error":""},"_links":{"self":[{"href":"https:\/\/www.europesays.com\/fr\/wp-json\/wp\/v2\/posts\/340349","targetHints":{"allow":["GET"]}}],"collection":[{"href":"https:\/\/www.europesays.com\/fr\/wp-json\/wp\/v2\/posts"}],"about":[{"href":"https:\/\/www.europesays.com\/fr\/wp-json\/wp\/v2\/types\/post"}],"author":[{"embeddable":true,"href":"https:\/\/www.europesays.com\/fr\/wp-json\/wp\/v2\/users\/2"}],"replies":[{"embeddable":true,"href":"https:\/\/www.europesays.com\/fr\/wp-json\/wp\/v2\/comments?post=340349"}],"version-history":[{"count":0,"href":"https:\/\/www.europesays.com\/fr\/wp-json\/wp\/v2\/posts\/340349\/revisions"}],"wp:featuredmedia":[{"embeddable":true,"href":"https:\/\/www.europesays.com\/fr\/wp-json\/wp\/v2\/media\/340350"}],"wp:attachment":[{"href":"https:\/\/www.europesays.com\/fr\/wp-json\/wp\/v2\/media?parent=340349"}],"wp:term":[{"taxonomy":"category","embeddable":true,"href":"https:\/\/www.europesays.com\/fr\/wp-json\/wp\/v2\/categories?post=340349"},{"taxonomy":"post_tag","embeddable":true,"href":"https:\/\/www.europesays.com\/fr\/wp-json\/wp\/v2\/tags?post=340349"}],"curies":[{"name":"wp","href":"https:\/\/api.w.org\/{rel}","templated":true}]}}