{"id":340351,"date":"2025-08-24T09:21:19","date_gmt":"2025-08-24T09:21:19","guid":{"rendered":"https:\/\/www.europesays.com\/fr\/340351\/"},"modified":"2025-08-24T09:21:19","modified_gmt":"2025-08-24T09:21:19","slug":"lappel-a-bloquer-le-pays-le-10-septembre-ne-peut-etre-la-reponse-a-la-crise-budgetaire-estime-bayrou","status":"publish","type":"post","link":"https:\/\/www.europesays.com\/fr\/340351\/","title":{"rendered":"L\u2019appel \u00e0 bloquer le pays le 10\u00a0septembre ne peut \u00eatre la r\u00e9ponse \u00e0 la crise budg\u00e9taire, estime Bayrou"},"content":{"rendered":"<p>Fran\u00e7ois Bayrou tape du poing sur la table. Dans des confidences \u00e0 la presse dominicale, le Premier ministre a estim\u00e9 que le blocage du pays le 10\u00a0septembre, pr\u00f4n\u00e9 par des groupes sur les r\u00e9seaux sociaux, ne peut \u00eatre \u00ab\u00a0la r\u00e9ponse\u00a0\u00bb \u00e0 la crise budg\u00e9taire, tandis qu\u2019un de ses ministres d\u00e9nonce le \u00ab\u00a0cynisme\u00a0\u00bb de <a href=\"https:\/\/www.20minutes.fr\/politique\/france-insoumise\/\" class=\"c-link c-link--is-underlined\" target=\"_blank\" rel=\"noopener\">LFI<\/a> qui soutient ces appels.<\/p>\n<p>\u00ab\u00a0Tout le monde a le droit de protester, mais je ne crois pas que, devant une telle crise, la r\u00e9ponse des Fran\u00e7ais puisse \u00eatre de bloquer le pays\u00a0\u00bb, a-t-il d\u00e9clar\u00e9 dans des propos rapport\u00e9s par la <a href=\"https:\/\/www.latribune.fr\/la-tribune-dimanche\/dimanche-eco\/francois-bayrou-sur-le-budget-du-2026-je-ne-crois-pas-que-la-reponse-des-francais-puisse-etre-de-bloquer-le-pays-1031379.html\" target=\"_blank\" class=\"c-link c-link--is-underlined\" rel=\"noopener\">Tribune Dimanche.<\/a> \u00ab\u00a0Le pays est devant de grands risques, tiens, nous allons le bloquer\u00a0! Comment d\u00e9fendre \u00e7a\u00a0?\u00a0\u00bb, s\u2019interroge-t-il \u00e9galement dans le <a href=\"https:\/\/www.leparisien.fr\/politique\/seule-ladhesion-des-francais-peut-changer-les-choses-bayrou-se-confie-avant-une-rentree-au-bord-du-vide-23-08-2025-LQ3T3GJU4JD3LH47XEGY2SV62A.php\" target=\"_blank\" class=\"c-link c-link--is-underlined\" rel=\"noopener\">Parisien<\/a>.<\/p>\n<p>LFI en soutien au blocage<\/p>\n<p><a href=\"https:\/\/www.20minutes.fr\/politique\/francois_bayrou\/\" class=\"c-link c-link--is-underlined\" target=\"_blank\" rel=\"noopener\">Fran\u00e7ois Bayrou<\/a>, qui tiendra lundi \u00e0 16h00 une conf\u00e9rence de presse de rentr\u00e9e, fait face \u00e0 une menace de censure brandie par la gauche et le Rassemblement national sur ses propositions budg\u00e9taires. Il doit aussi affronter ces appels \u00e0 bloquer le pays le 10\u00a0septembre. La France insoumise (LFI) de <a href=\"https:\/\/www.20minutes.fr\/politique\/jean-luc-melenchon\/\" class=\"c-link c-link--is-underlined\" target=\"_blank\" rel=\"noopener\">Jean-Luc M\u00e9lenchon<\/a> a la premi\u00e8re d\u00e9cid\u00e9 de soutenir le mouvement \u00ab\u00a0Bloquons tout\u00a0\u00bb, rapidement suivi par les autres partis de gauche.<\/p>\n<\/p>\n<p>Le ministre des Relations avec le Parlement Patrick Mignola se dit surpris que la gauche soutienne un mouvement lanc\u00e9, selon lui, pour d\u00e9noncer la pression fiscale qui p\u00e8se sur les actifs, ceux qui se reconnaissent dans le slogan \u00a0\u00bbC\u2019est Nicolas qui paie\u00a0\u00bb\u00a0qui a fait flor\u00e8s ces derniers mois.<\/p>\n<p>Vers une gr\u00e8ve g\u00e9n\u00e9rale\u00a0?<\/p>\n<p>\u00ab\u00a0\u00c0 sa source, le mouvement du 10\u00a0septembre est apparu comme le prolongement de la mobilisation des \u00a0\u00bbNicolas\u00a0\u00bb\u00a0\u00bb, dit-il dans le <a href=\"https:\/\/www.lejdd.fr\/politique\/budget-10-septembre-melenchon-le-ministre-patrick-mignola-se-confie-avant-une-rentree-explosive-161221\" target=\"_blank\" class=\"c-link c-link--is-underlined\" rel=\"noopener\">Journal du dimanche (JDD)<\/a>. \u00ab\u00a0Je ne peux que m\u2019\u00e9tonner que Jean-Luc M\u00e9lenchon, qui propose exactement l\u2019inverse, s\u2019en soit autoproclam\u00e9 le leader\u00a0: c\u2019est \u00e0 la fois l\u2019expression d\u2019un immense cynisme et de son incontestable talent pour la r\u00e9cup\u00e9ration\u00a0\u00bb, a-t-il d\u00e9clar\u00e9. Jean-Luc M\u00e9lenchon a souhait\u00e9, lors des universit\u00e9s d\u2019\u00e9t\u00e9 de son mouvement, que les actions du 10\u00a0septembre se transforment en \u00ab\u00a0gr\u00e8ve g\u00e9n\u00e9rale\u00a0\u00bb.<\/p>\n<p>Fran\u00e7ois Bayrou, qui propose des \u00e9conomies budg\u00e9taires de pr\u00e8s de 44\u00a0milliards d\u2019euros en\u00a02026, esp\u00e8re que le dialogue avec les formations politiques et le d\u00e9bat parlementaire puissent encore lui permettre d\u2019\u00e9chapper \u00e0 la censure. \u00ab\u00a0J\u2019ai dit que j\u2019\u00e9tais pr\u00eat \u00e0 entendre d\u2019autres propositions [\u2026] Mais la seule chose pour moi qui n\u2019est pas possible, c\u2019est qu\u2019on renonce \u00e0 la prise de conscience et \u00e0 la volont\u00e9 de sortir du pi\u00e8ge infernal dans lequel nous sommes, celui du surendettement\u00a0\u00bb, a-t-il confi\u00e9 \u00e0 l\u2019AFP.<\/p>\n","protected":false},"excerpt":{"rendered":"Fran\u00e7ois Bayrou tape du poing sur la table. Dans des confidences \u00e0 la presse dominicale, le Premier ministre&hellip;\n","protected":false},"author":2,"featured_media":340352,"comment_status":"","ping_status":"","sticky":false,"template":"","format":"standard","meta":{"footnotes":""},"categories":[4],"tags":[47,11,1011,27,431,6151,3081,12,316,3363,25],"class_list":{"0":"post-340351","1":"post","2":"type-post","3":"status-publish","4":"format-standard","5":"has-post-thumbnail","7":"category-france","8":"tag-actualite","9":"tag-actualites","10":"tag-fr","11":"tag-france","12":"tag-francois-bayrou","13":"tag-greve","14":"tag-jean-luc-melenchon","15":"tag-news","16":"tag-politique","17":"tag-premier-ministre","18":"tag-republique-francaise"},"share_on_mastodon":{"url":"https:\/\/pubeurope.com\/@fr\/115083010745013922","error":""},"_links":{"self":[{"href":"https:\/\/www.europesays.com\/fr\/wp-json\/wp\/v2\/posts\/340351","targetHints":{"allow":["GET"]}}],"collection":[{"href":"https:\/\/www.europesays.com\/fr\/wp-json\/wp\/v2\/posts"}],"about":[{"href":"https:\/\/www.europesays.com\/fr\/wp-json\/wp\/v2\/types\/post"}],"author":[{"embeddable":true,"href":"https:\/\/www.europesays.com\/fr\/wp-json\/wp\/v2\/users\/2"}],"replies":[{"embeddable":true,"href":"https:\/\/www.europesays.com\/fr\/wp-json\/wp\/v2\/comments?post=340351"}],"version-history":[{"count":0,"href":"https:\/\/www.europesays.com\/fr\/wp-json\/wp\/v2\/posts\/340351\/revisions"}],"wp:featuredmedia":[{"embeddable":true,"href":"https:\/\/www.europesays.com\/fr\/wp-json\/wp\/v2\/media\/340352"}],"wp:attachment":[{"href":"https:\/\/www.europesays.com\/fr\/wp-json\/wp\/v2\/media?parent=340351"}],"wp:term":[{"taxonomy":"category","embeddable":true,"href":"https:\/\/www.europesays.com\/fr\/wp-json\/wp\/v2\/categories?post=340351"},{"taxonomy":"post_tag","embeddable":true,"href":"https:\/\/www.europesays.com\/fr\/wp-json\/wp\/v2\/tags?post=340351"}],"curies":[{"name":"wp","href":"https:\/\/api.w.org\/{rel}","templated":true}]}}