{"id":340357,"date":"2025-08-24T09:27:31","date_gmt":"2025-08-24T09:27:31","guid":{"rendered":"https:\/\/www.europesays.com\/fr\/340357\/"},"modified":"2025-08-24T09:27:31","modified_gmt":"2025-08-24T09:27:31","slug":"lucas-stassin-clarifie-sa-position-sur-son-avenir","status":"publish","type":"post","link":"https:\/\/www.europesays.com\/fr\/340357\/","title":{"rendered":"Lucas Stassin clarifie sa position sur son avenir"},"content":{"rendered":"<p>                                            Publi\u00e9 le 24\/08\/2025 \u00e0 09h16<br \/>\n                                                                                3 minutes de lecture\n                                                                    <\/p>\n<p>L\u00a0\u00bbAS Saint-\u00c9tienne traverse une p\u00e9riode de transition d\u00e9licate avec plusieurs dossiers mercato encore en suspens, et celui de <strong>Lucas Stassin<\/strong> figure parmi les plus \u00e9pineux. L&rsquo;attaquant belge, qui avait clairement exprim\u00e9 ses r\u00e9ticences \u00e0 \u00e9voluer en Ligue 2, se retrouve aujourd&rsquo;hui dans une situation complexe apr\u00e8s sa premi\u00e8re titularisation depuis plusieurs mois. Son retour sur les terrains face \u00e0 Boulogne marque un tournant potentiel dans sa saison, mais ses d\u00e9clarations post-match laissent planer le doute sur son engagement \u00e0 long terme avec les Verts. Cette situation illustre parfaitement les d\u00e9fis auxquels font face les clubs r\u00e9cemment rel\u00e9gu\u00e9s, contraints de g\u00e9rer les ambitions de leurs joueurs tout en pr\u00e9servant leurs int\u00e9r\u00eats sportifs et financiers. Le cas Stassin cristallise ainsi les tensions entre les aspirations individuelles et les contraintes collectives dans un contexte de mercato estival particuli\u00e8rement mouvement\u00e9.<\/p>\n<p>                                <img decoding=\"async\" src=\"https:\/\/www.europesays.com\/fr\/wp-content\/uploads\/2025\/04\/1744123449_543_logo.png\" alt=\"Logo\"\/><\/p>\n<p>100\u20ac offerts sur ton 1er pari !<\/p>\n<p>                            <a href=\"https:\/\/bit.ly\/4j5wl4k\" class=\"headband-button\" rel=\"nofollow noopener\" target=\"_blank\">J&rsquo;en profite<\/a><\/p>\n<p>                                                                <img loading=\"lazy\" decoding=\"async\" src=\"https:\/\/www.europesays.com\/fr\/wp-content\/uploads\/2025\/08\/mercato-asse-lucas-stassin-clarifie-sa-position-sur-son-avenir.jpg\" alt=\"Illustration : &quot;Mercato ASSE : Lucas Stassin clarifie sa position sur son avenir&quot;\" class=\"figure-img img-fluid\" width=\"780\" height=\"478\"\/><\/p>\n<p>                                    \u00a9 Site officiel de l&rsquo;ASSE                                <\/p>\n<p>Un retour sur les terrains apr\u00e8s une longue absence<\/p>\n<p>Apr\u00e8s <strong>quatre mois d&rsquo;absence<\/strong> depuis sa derni\u00e8re titularisation le <strong>26 avril \u00e0 Strasbourg<\/strong>, Lucas Stassin a enfin retrouv\u00e9 sa place dans le onze de d\u00e9part st\u00e9phanois. Cette longue p\u00e9riode d&rsquo;\u00e9loignement des terrains s&rsquo;explique par plusieurs facteurs, notamment son op\u00e9ration \u00e0 la cheville qui l&rsquo;a tenu \u00e9cart\u00e9 des terrains pendant une partie significative de l&rsquo;\u00e9t\u00e9. Son retour face \u00e0 <strong>Boulogne<\/strong> lors de la victoire <strong>1-0<\/strong> des Verts constitue donc un moment charni\u00e8re de sa saison. Cependant, sa prestation n&rsquo;a pas \u00e9t\u00e9 \u00e0 la hauteur de ses standards habituels, ce qui s&rsquo;av\u00e8re compr\u00e9hensible compte tenu de la dur\u00e9e de son absence et du manque de rythme de comp\u00e9tition. Cette situation met en lumi\u00e8re les difficult\u00e9s rencontr\u00e9es par les joueurs apr\u00e8s une longue p\u00e9riode d&rsquo;inactivit\u00e9, particuli\u00e8rement dans un contexte o\u00f9 chaque match rev\u00eat une importance cruciale pour l&rsquo;adaptation du club \u00e0 son nouveau niveau de comp\u00e9tition.<\/p>\n<p>Des d\u00e9clarations sans ambigu\u00eft\u00e9 sur son avenir<\/p>\n<p>Interrog\u00e9 par beIN Sports apr\u00e8s la rencontre, Lucas Stassin n&rsquo;a pas cherch\u00e9 \u00e0 masquer ses intentions concernant son avenir imm\u00e9diat. Sa r\u00e9ponse, d&rsquo;une <strong>franchise d\u00e9concertante<\/strong>, r\u00e9sume parfaitement sa position : \u00ab\u00a0Pour l&rsquo;instant, je suis toujours \u00e0 Saint-Etienne et je donne tout, on verra plus tard\u2026\u00a0\u00bb. Cette d\u00e9claration r\u00e9v\u00e8le que le joueur belge n&rsquo;a manifestement pas abandonn\u00e9 l&rsquo;espoir de trouver une porte de sortie avant la fermeture du mercato le <strong>1er septembre \u00e0 21h<\/strong>. Son entourage avait d&rsquo;ailleurs fait savoir que l&rsquo;attaquant consid\u00e9rait qu&rsquo;il avait besoin d&rsquo;\u00e9voluer dans un championnat de premier plan pour maintenir ses chances d&rsquo;int\u00e9grer la s\u00e9lection belge en vue de la <strong>Coupe du monde 2026<\/strong>. Cette ambition internationale explique en grande partie sa r\u00e9ticence \u00e0 accepter une saison en Ligue 2, niveau qu&rsquo;il juge insuffisant pour ses objectifs de carri\u00e8re. La transparence de ses propos t\u00e9moigne d&rsquo;une approche directe qui, si elle peut surprendre, a au moins le m\u00e9rite de clarifier sa position vis-\u00e0-vis de son club et de ses supporters.<\/p>\n<p>Un dossier mercato encore ouvert malgr\u00e9 les refus<\/p>\n<p>La situation de Lucas Stassin s&rsquo;inscrit dans un contexte mercato complexe pour l&rsquo;ASSE, qui a d\u00e9j\u00e0 re\u00e7u <strong>plusieurs offres<\/strong> pour son attaquant sans qu&rsquo;aucune ne trouve gr\u00e2ce \u00e0 ses yeux. Les dirigeants st\u00e9phanois ont syst\u00e9matiquement repouss\u00e9 ces propositions, les jugeant <strong>insuffisantes<\/strong> au regard de la valeur qu&rsquo;ils accordent \u00e0 leur joueur. Cette fermet\u00e9 s&rsquo;explique par la volont\u00e9 du club de ne pas brader ses meilleurs \u00e9l\u00e9ments, m\u00eame dans un contexte de rel\u00e9gation qui pourrait pousser \u00e0 des d\u00e9cisions pr\u00e9cipit\u00e9es. L&rsquo;int\u00e9r\u00eat manifest\u00e9 par un <strong>club anglais<\/strong> ou d&rsquo;autres formations europ\u00e9ennes laisse entrevoir la possibilit\u00e9 d&rsquo;un rebondissement dans les derniers jours du mercato. La question demeure de savoir si ces pr\u00e9tendants reviendront \u00e0 la charge avec des offres plus cons\u00e9quentes, susceptibles de faire fl\u00e9chir la position de l&rsquo;AS Saint-\u00c9tienne et de permettre \u00e0 Stassin de r\u00e9aliser son souhait de d\u00e9part.<\/p>\n<p>La Ligue 2 a repris ses droits et l\u2019ASSE n\u2019a fait qu\u2019une bouch\u00e9e de Rodez pour la 2\u00e8me journ\u00e9e de championnat. Pour cette saison 2025-2026, profitez de 100\u20ac offerts pour votre premi\u00e8re inscription sur Parions Sport en Ligne. <a href=\"http:\/\/bit.ly\/4hgs1yE\" rel=\"nofollow noopener\" target=\"_blank\"><strong>L\u2019ASSE valide son ticket pour la L1 en finissant 1\u00e8re de L2 ? Pariez sur une mont\u00e9e des Verts couronn\u00e9e d\u2019un sacre en L2 vous rapporte jusqu\u2019\u00e0 450\u20ac !<\/strong><\/a><\/p>\n<p><strong>Pour en profiter, c\u2019est tr\u00e8s simple :<\/strong><\/p>\n<p>&#8211;              Cr\u00e9ez votre compte joueur en seulement 2 \u00e9tapes <a href=\"http:\/\/bit.ly\/4hgs1yE\" rel=\"nofollow noopener\" target=\"_blank\"><strong>ici<\/strong><\/a><\/p>\n<p>&#8211;              R\u00e9alisez votre 1er d\u00e9p\u00f4t puis placez votre 1er pari (Minimum 5\u20ac)<\/p>\n<p>&#8211;              Une fois votre 1er d\u00e9p\u00f4t et votre 1er pari r\u00e9alis\u00e9s, l\u2019int\u00e9gralit\u00e9 du montant de ce 1er pari sera cr\u00e9dit\u00e9e sur votre compte joueur dans la limite de 100\u20ac maximum et sous la forme de cr\u00e9dits de jeu non retirables. Le cr\u00e9dit s\u2019effectuera alors en une seule \u00e9tape et sous 3 jours<\/p>\n<p>Jouer comporte des risques : endettement, d\u00e9pendance\u2026 Appelez le 09 74 75 13 13 (appel non surtax\u00e9)<\/p>\n","protected":false},"excerpt":{"rendered":"Publi\u00e9 le 24\/08\/2025 \u00e0 09h16 3 minutes de lecture L\u00a0\u00bbAS Saint-\u00c9tienne traverse une p\u00e9riode de transition d\u00e9licate avec&hellip;\n","protected":false},"author":2,"featured_media":340358,"comment_status":"","ping_status":"","sticky":false,"template":"","format":"standard","meta":{"footnotes":""},"categories":[9653],"tags":[1111,11,2430,1777,674,1011,27,12,25,4001],"class_list":{"0":"post-340357","1":"post","2":"type-post","3":"status-publish","4":"format-standard","5":"has-post-thumbnail","7":"category-saint-etienne","8":"tag-actu","9":"tag-actualites","10":"tag-auvergne-rhone-alpes","11":"tag-eu","12":"tag-europe","13":"tag-fr","14":"tag-france","15":"tag-news","16":"tag-republique-francaise","17":"tag-saint-etienne"},"share_on_mastodon":{"url":"https:\/\/pubeurope.com\/@fr\/115083034267945953","error":""},"_links":{"self":[{"href":"https:\/\/www.europesays.com\/fr\/wp-json\/wp\/v2\/posts\/340357","targetHints":{"allow":["GET"]}}],"collection":[{"href":"https:\/\/www.europesays.com\/fr\/wp-json\/wp\/v2\/posts"}],"about":[{"href":"https:\/\/www.europesays.com\/fr\/wp-json\/wp\/v2\/types\/post"}],"author":[{"embeddable":true,"href":"https:\/\/www.europesays.com\/fr\/wp-json\/wp\/v2\/users\/2"}],"replies":[{"embeddable":true,"href":"https:\/\/www.europesays.com\/fr\/wp-json\/wp\/v2\/comments?post=340357"}],"version-history":[{"count":0,"href":"https:\/\/www.europesays.com\/fr\/wp-json\/wp\/v2\/posts\/340357\/revisions"}],"wp:featuredmedia":[{"embeddable":true,"href":"https:\/\/www.europesays.com\/fr\/wp-json\/wp\/v2\/media\/340358"}],"wp:attachment":[{"href":"https:\/\/www.europesays.com\/fr\/wp-json\/wp\/v2\/media?parent=340357"}],"wp:term":[{"taxonomy":"category","embeddable":true,"href":"https:\/\/www.europesays.com\/fr\/wp-json\/wp\/v2\/categories?post=340357"},{"taxonomy":"post_tag","embeddable":true,"href":"https:\/\/www.europesays.com\/fr\/wp-json\/wp\/v2\/tags?post=340357"}],"curies":[{"name":"wp","href":"https:\/\/api.w.org\/{rel}","templated":true}]}}