{"id":340363,"date":"2025-08-24T09:33:07","date_gmt":"2025-08-24T09:33:07","guid":{"rendered":"https:\/\/www.europesays.com\/fr\/340363\/"},"modified":"2025-08-24T09:33:07","modified_gmt":"2025-08-24T09:33:07","slug":"toulon-pique-niques-chiens-du-nouveau-sur-les-plages-du-mourillon","status":"publish","type":"post","link":"https:\/\/www.europesays.com\/fr\/340363\/","title":{"rendered":"Toulon\u00a0: pique-niques, chiens, du nouveau sur les plages du Mourillon"},"content":{"rendered":"<p>C&rsquo;est l&rsquo;un des lieux les plus fr\u00e9quent\u00e9s de Toulon\u00a0: les plages du Mourillon. Mais entre les familles, les promeneurs, les baigneurs ou les restaurateurs, il n&rsquo;est pas toujours \u00e9vident de trouver un terrain d&rsquo;entente. Afin d&rsquo;apaiser les relations, la ville a organis\u00e9 ces derniers mois <strong>une vaste concertation<\/strong>. D\u00e9but\u00e9e en octobre, elle a r\u00e9uni notamment les comit\u00e9s d&rsquo;int\u00e9r\u00eats locaux ( CIL ) de la Serinette, du Mourillon et de M\u00e9jean, ainsi que des usagers. Des r\u00e9unions qui ont abouti \u00e0 la mise en place de <strong>nouvelles pratiques, <\/strong>\u00e0 partir du 1er juin.<\/p>\n<p>Trois aires de restauration seront bient\u00f4t install\u00e9es<\/p>\n<p>Premi\u00e8rement sur la question des pique-niques. O\u00f9 sera-t-il possible de s&rsquo;installer\u00a0? Sur les pelouses mais sans mobilier comme une table de camping. Sur le sable \u00e9galement. Pour ceux qui ne souhaitent pas manger sur une grande serviette au sol, <strong>trois aires de restauration<\/strong>, avec des tables en bois, vont voir le jour. Elles se trouveront au niveau des terrains de football, devant le karting pour enfants et en face du nouveau centre de loisirs, dans l&rsquo;ancien restaurant le Satyn&rsquo;s. Soit <strong>une soixantaine de places au total<\/strong>.\u00a0<br \/>En revanche, interdiction de mordre dans son sandwich sur la promenade, au dessus de la plage, l\u00e0 ou sont install\u00e9s les restaurants.\u00a0<\/p>\n<p>Parmi les autres r\u00e8gles \u00e0 respecter\u00a0: <strong>interdiction d&rsquo;allumer un barbecue<\/strong> ou une enceinte pour \u00e9couter de la musique. Jouer d&rsquo;un instrument, comme de la guitare, ne fait en revanche pas partie des actes r\u00e9pr\u00e9hensibles.\u00a0<\/p>\n<p>Une tol\u00e9rance pour la promenade des chiens<\/p>\n<p>Deuxi\u00e8me sujet, celui des chiens. Interdiction pour eux de gambader sur le sable et les pelouses. Ces derniers doivent toujours \u00eatre tenus en laisse. L&rsquo;amende s&rsquo;\u00e9l\u00e8ve dans le cas contraire \u00e0 135 euros. S&rsquo;il n&rsquo;\u00e9tait jusqu&rsquo;\u00e0 pr\u00e9sent plus permis de les promener entre le 15 avril et 15 novembre, cette p\u00e9riode a \u00e9t\u00e9 r\u00e9duite, du 1er juin au 31 ao\u00fbt. Une tol\u00e9rance sera accord\u00e9e avant 8 h 30 du matin.\u00a0<\/p>\n<p>Ces dispositions seront bient\u00f4t affich\u00e9es sur de nouveaux panneaux. Cet \u00e9t\u00e9, 6 agents de convivialit\u00e9 seront aussi d\u00e9ploy\u00e9s pour informer les passants. Un poste de police sera \u00e9galement install\u00e9 de juin \u00e0 fin ao\u00fbt. 25 nouvelles cam\u00e9ras seront pos\u00e9es, notamment au niveau des aires de pique-nique.\u00a0<\/p>\n","protected":false},"excerpt":{"rendered":"C&rsquo;est l&rsquo;un des lieux les plus fr\u00e9quent\u00e9s de Toulon\u00a0: les plages du Mourillon. Mais entre les familles, les&hellip;\n","protected":false},"author":2,"featured_media":340364,"comment_status":"","ping_status":"","sticky":false,"template":"","format":"standard","meta":{"footnotes":""},"categories":[9619],"tags":[1111,11,1777,674,1011,27,12,882,25,2310],"class_list":{"0":"post-340363","1":"post","2":"type-post","3":"status-publish","4":"format-standard","5":"has-post-thumbnail","7":"category-toulon","8":"tag-actu","9":"tag-actualites","10":"tag-eu","11":"tag-europe","12":"tag-fr","13":"tag-france","14":"tag-news","15":"tag-provence-alpes-cote-dazur","16":"tag-republique-francaise","17":"tag-toulon"},"share_on_mastodon":{"url":"https:\/\/pubeurope.com\/@fr\/115083057758012349","error":""},"_links":{"self":[{"href":"https:\/\/www.europesays.com\/fr\/wp-json\/wp\/v2\/posts\/340363","targetHints":{"allow":["GET"]}}],"collection":[{"href":"https:\/\/www.europesays.com\/fr\/wp-json\/wp\/v2\/posts"}],"about":[{"href":"https:\/\/www.europesays.com\/fr\/wp-json\/wp\/v2\/types\/post"}],"author":[{"embeddable":true,"href":"https:\/\/www.europesays.com\/fr\/wp-json\/wp\/v2\/users\/2"}],"replies":[{"embeddable":true,"href":"https:\/\/www.europesays.com\/fr\/wp-json\/wp\/v2\/comments?post=340363"}],"version-history":[{"count":0,"href":"https:\/\/www.europesays.com\/fr\/wp-json\/wp\/v2\/posts\/340363\/revisions"}],"wp:featuredmedia":[{"embeddable":true,"href":"https:\/\/www.europesays.com\/fr\/wp-json\/wp\/v2\/media\/340364"}],"wp:attachment":[{"href":"https:\/\/www.europesays.com\/fr\/wp-json\/wp\/v2\/media?parent=340363"}],"wp:term":[{"taxonomy":"category","embeddable":true,"href":"https:\/\/www.europesays.com\/fr\/wp-json\/wp\/v2\/categories?post=340363"},{"taxonomy":"post_tag","embeddable":true,"href":"https:\/\/www.europesays.com\/fr\/wp-json\/wp\/v2\/tags?post=340363"}],"curies":[{"name":"wp","href":"https:\/\/api.w.org\/{rel}","templated":true}]}}