{"id":340365,"date":"2025-08-24T09:38:10","date_gmt":"2025-08-24T09:38:10","guid":{"rendered":"https:\/\/www.europesays.com\/fr\/340365\/"},"modified":"2025-08-24T09:38:10","modified_gmt":"2025-08-24T09:38:10","slug":"des-tournois-de-basket-3x3-organises-fin-aout","status":"publish","type":"post","link":"https:\/\/www.europesays.com\/fr\/340365\/","title":{"rendered":"des tournois de basket 3&#215;3 organis\u00e9s fin ao\u00fbt"},"content":{"rendered":"<p>            Par<br \/>\n        <strong><br \/>\n            <a href=\"https:\/\/actu.fr\/auteur\/metropoop\" title=\"Consulter tous les articles de R\u00e9daction M\u00e9tropolitain\" target=\"_blank\" rel=\"noopener\">R\u00e9daction M\u00e9tropolitain<\/a><br \/>\n        <\/strong><\/p>\n<p>        Publi\u00e9 le<\/p>\n<p>            24 ao\u00fbt 2025 \u00e0 11h32        <\/p>\n<p>Jamais deux sans trois. Apr\u00e8s le succ\u00e8s des <a href=\"https:\/\/actu.fr\/occitanie\/montpellier_34172\/montpellier-fans-de-basket-le-3x3-est-de-retour-pour-un-deuxieme-tour_62856924.html\" target=\"_blank\" rel=\"noopener\">deux premi\u00e8res \u00e9ditions en avril et en juillet<\/a>, le <strong>Montpellier Basket 3\u00d73 Tour<\/strong> revient \u00e0 la fin du mois d\u2019ao\u00fbt sur les playgrounds montpelli\u00e9rains.\u00a0<\/p>\n<p class=\" wall-content\">Du <strong>25 au 29 ao\u00fbt<\/strong>, les passionn\u00e9s de ballon orange pourront s\u2019essayer \u00e0 cette pratique en plein air dans diff\u00e9rents quartiers. Cet \u00e9v\u00e9nement est le fruit d\u2019un partenariat sign\u00e9 entre la F\u00e9d\u00e9ration fran\u00e7aise de Basket et la Ville de Montpellier. De son c\u00f4t\u00e9 la mairie s\u2019est engag\u00e9e dans \u00ab\u00a0le Plan Playground\u00a0\u00bb de la FFB afin de r\u00e9nover plusieurs plateaux sportifs pour continuer \u00e0\u00a0 d\u00e9mocratiser ce sport olympique. Cela a \u00e9t\u00e9 le cas depuis quelques ann\u00e9es, dans les quartiers C\u00e9vennes, Mosson, Pr\u00e8s d\u2019Ar\u00e8nes, ou encore Croix-d\u2019Argent, o\u00f9 de nouveaux terrains ont fait leur apparition.\u00a0<\/p>\n<p class=\" wall-content\">De son c\u00f4t\u00e9 la FFB a accompagn\u00e9 la collectivit\u00e9 dans la cr\u00e9ation de ces terrains ext\u00e9rieurs et d\u00e8s lors, \u00ab\u00a0le lancement du Montpellier 3\u00d73 Tour a alors sonn\u00e9 comme une \u00e9vidence afin de proposer des animations en lien avec la pratique du Basket 3\u00d73 \u00e0 destination de tous\u00a0\u00bb, explique Magali Ferrier, pr\u00e9sidente du comit\u00e9 de l\u2019H\u00e9rault de basket.<\/p>\n<p>Une semaine d\u2019animations et de tournois<\/p>\n<p class=\" wall-content\">Pendant une semaine, des animations d\u00e9couvertes et des tournois auront lieu les apr\u00e8s-midi, de 14h \u00e0 17h. Les dates de cette tourn\u00e9e sont les suivantes :\u00a0\u00a0<\/p>\n<p>Vid\u00e9os : en ce moment sur Actu<\/p>\n<p class=\" wall-content\">Lundi 25 ao\u00fbt : Playground Mosson<br \/>Mardi 26 ao\u00fbt : Playground Croix d\u2019Argent<br \/>Mercredi 27 ao\u00fbt : Playground Diderot<br \/>Jeudi 28 ao\u00fbt : Playground Alain Delylle<br \/>Vendredi 29 ao\u00fbt : Playground Montcalm<\/p>\n<p class=\" wall-content\">Pour s\u2019inscrire, c\u2019est gratuit, et il suffit juste de cliquer <a href=\"https:\/\/docs.google.com\/forms\/d\/e\/1FAIpQLSeQNkejVWcqDeTWgYkTC8y1zSASoT-Hx-h-la8Dey2mazxQBw\/viewform?pli=1\" target=\"_blank\" rel=\"noopener\">sur le lien suivant<\/a> et remplir le formulaire.\u00a0<\/p>\n<p class=\" wall-content\">Personnalisez votre actualit\u00e9 en ajoutant vos villes et m\u00e9dias en favori avec <a href=\"https:\/\/moncompte.actu.fr\" title=\"D\u00e9couvez Mon Actu\" rel=\"nofollow noopener\" data-trk=\"{&quot;cta&quot;:{&quot;action&quot;:&quot;https:\\\/\\\/moncompte.actu.fr&quot;,&quot;category&quot;:&quot;mon compte&quot;,&quot;from&quot;:&quot;article footer&quot;,&quot;name&quot;:&quot;Mon actu&quot;,&quot;type&quot;:&quot;cta&quot;}}\" target=\"_blank\">Mon Actu<\/a>.<\/p>\n","protected":false},"excerpt":{"rendered":"Par R\u00e9daction M\u00e9tropolitain Publi\u00e9 le 24 ao\u00fbt 2025 \u00e0 11h32 Jamais deux sans trois. Apr\u00e8s le succ\u00e8s des&hellip;\n","protected":false},"author":2,"featured_media":340366,"comment_status":"","ping_status":"","sticky":false,"template":"","format":"standard","meta":{"footnotes":""},"categories":[9599],"tags":[1111,11,1465,1777,674,1011,27,2208,12,2680,25,60],"class_list":{"0":"post-340365","1":"post","2":"type-post","3":"status-publish","4":"format-standard","5":"has-post-thumbnail","7":"category-montpellier","8":"tag-actu","9":"tag-actualites","10":"tag-basket","11":"tag-eu","12":"tag-europe","13":"tag-fr","14":"tag-france","15":"tag-montpellier","16":"tag-news","17":"tag-occitanie","18":"tag-republique-francaise","19":"tag-sports"},"share_on_mastodon":{"url":"https:\/\/pubeurope.com\/@fr\/115083077439836091","error":""},"_links":{"self":[{"href":"https:\/\/www.europesays.com\/fr\/wp-json\/wp\/v2\/posts\/340365","targetHints":{"allow":["GET"]}}],"collection":[{"href":"https:\/\/www.europesays.com\/fr\/wp-json\/wp\/v2\/posts"}],"about":[{"href":"https:\/\/www.europesays.com\/fr\/wp-json\/wp\/v2\/types\/post"}],"author":[{"embeddable":true,"href":"https:\/\/www.europesays.com\/fr\/wp-json\/wp\/v2\/users\/2"}],"replies":[{"embeddable":true,"href":"https:\/\/www.europesays.com\/fr\/wp-json\/wp\/v2\/comments?post=340365"}],"version-history":[{"count":0,"href":"https:\/\/www.europesays.com\/fr\/wp-json\/wp\/v2\/posts\/340365\/revisions"}],"wp:featuredmedia":[{"embeddable":true,"href":"https:\/\/www.europesays.com\/fr\/wp-json\/wp\/v2\/media\/340366"}],"wp:attachment":[{"href":"https:\/\/www.europesays.com\/fr\/wp-json\/wp\/v2\/media?parent=340365"}],"wp:term":[{"taxonomy":"category","embeddable":true,"href":"https:\/\/www.europesays.com\/fr\/wp-json\/wp\/v2\/categories?post=340365"},{"taxonomy":"post_tag","embeddable":true,"href":"https:\/\/www.europesays.com\/fr\/wp-json\/wp\/v2\/tags?post=340365"}],"curies":[{"name":"wp","href":"https:\/\/api.w.org\/{rel}","templated":true}]}}