{"id":340369,"date":"2025-08-24T09:40:11","date_gmt":"2025-08-24T09:40:11","guid":{"rendered":"https:\/\/www.europesays.com\/fr\/340369\/"},"modified":"2025-08-24T09:40:11","modified_gmt":"2025-08-24T09:40:11","slug":"depuis-plus-de-40-ans-cette-association-vient-au-secours-de-cette-eglise-pres-de-rouen","status":"publish","type":"post","link":"https:\/\/www.europesays.com\/fr\/340369\/","title":{"rendered":"Depuis plus de 40 ans, cette association vient au secours de cette \u00e9glise, pr\u00e8s de Rouen"},"content":{"rendered":"<p>            Par<br \/>\n        <strong><br \/>\n            <a href=\"https:\/\/actu.fr\/auteur\/laredaction\" title=\"Consulter tous les articles de R\u00e9daction Normandie\" rel=\"nofollow noopener\" target=\"_blank\">R\u00e9daction Normandie<\/a><br \/>\n        <\/strong><\/p>\n<p>        Publi\u00e9 le<\/p>\n<p>            24 ao\u00fbt 2025 \u00e0 11h31        <\/p>\n<p>\u00c0 l\u2019approche de <strong>l\u2019\u00e9glise Saint-Ouen d\u2019\u00c9preville<\/strong>, non loin de <a href=\"https:\/\/actu.fr\/normandie\/rouen_76540\" rel=\"nofollow noopener\" target=\"_blank\">Rouen<\/a>, entre le 2 et le 17 ao\u00fbt, on entendait des coups de marteau, le chant de la scie, mais aussi des rires et de la musique. Tout cela provenait des activit\u00e9s de l\u2019association Carmen (Centre d\u2019arch\u00e9ologie et de recherches m\u00e9di\u00e9vales de l\u2019Est de la Normandie)<strong>, qui restaure depuis plus de 40 ans l\u2019\u00e9difice religieux<\/strong>, dans le but de le rendre au village.<\/p>\n<p>La jeunesse au service du patrimoine<\/p>\n<p class=\" wall-content\">L\u2019association Carmen, membre du r\u00e9seau Rempart, une union d\u2019associations de sauvegarde du patrimoine et d\u2019\u00e9ducation populaire, s\u2019attache \u00e0 restaurer et r\u00e9habiliter de nombreux sites culturels. Comme durant les deux premi\u00e8res semaines d\u2019ao\u00fbt, sur l\u2019\u00e9glise d\u2019\u00c9preville, o\u00f9 sept encadrants <strong>ont travaill\u00e9 avec six jeunes<\/strong>, \u00ab dans une totale mixit\u00e9 sociale et d\u2019origine, s\u00e9lectionn\u00e9s parmi 48 candidatures \u00bb, expliquait au moment des op\u00e9rations Julien Memain, pr\u00e9sident de l\u2019association.<\/p>\n<p class=\" wall-content\">\u00ab Il y a la Chinoise Yuscuan qui \u00e9tudie le g\u00e9nie civil en France, la Qu\u00e9b\u00e9coise Victoria qui revient pour la deuxi\u00e8me ann\u00e9e, Malek qui valide son Service national universel (SNU), Lorenzo envoy\u00e9 par un foyer d\u2019insertion, May-Line qui fait des \u00e9tudes d\u2019arch\u00e9ologie et Adrien d\u2019un ESAT, touch\u00e9 par un handicap mental \u00bb, listait-il.<\/p>\n<p>Priorit\u00e9 \u00e0 la charpente<\/p>\n<p class=\" wall-content\">L\u2019\u00e9dition 2025 de la r\u00e9novation de l\u2019\u00e9glise Saint-Ouen a \u00e9t\u00e9 consacr\u00e9e<strong> \u00e0 la s\u00e9curisation de sa charpente<\/strong>, dont les poutres ma\u00eetresses ont \u00e9t\u00e9 d\u00e9mont\u00e9es il y a quatre ans. \u00ab Nous allons poser de nouvelles sabli\u00e8res, des poutres en ch\u00eane de 8m50 et d\u2019une section de 22x22cm \u00bb, d\u00e9taillait Julien Memain.<\/p>\n<p>    <img   decoding=\"async\" loading=\"lazy\" class=\"size-large\" src=\"https:\/\/www.europesays.com\/fr\/wp-content\/uploads\/2025\/08\/59c4d453fd9860ec4d453fd9802d4dv-960x640.jpg\" alt=\"Une petite id\u00e9e du travail abattu par les b\u00e9n\u00e9voles de l'association...\" width=\"960\" height=\"640\"\/><br \/>\n    Une petite id\u00e9e du travail abattu par les b\u00e9n\u00e9voles de l\u2019association\u2026 \u00a9Le Bulletin<\/p>\n<p class=\" wall-content\">\u00ab Nous avons pu les acheter gr\u00e2ce \u00e0 notre participation aux Actions patrimoine &amp; lien social initi\u00e9es par Rempart. En avril, nous avons accueilli l\u2019\u00c9tablissement pour l\u2019Insertion dans l\u2019Emploi (Epide) de Val-de-Reuil pour un chantier de sensibilisation au patrimoine \u00bb, racontait-il. \u00ab Sinon, nous n\u2019avons qu\u2019une subvention de la mairie <strong>de 1000 euros<\/strong> qui payent les assurances. \u00bb<\/p>\n<p>Besoin d\u2019argent et d\u2019encadrants<\/p>\n<p class=\" wall-content\">Car la recherche de subvention n\u2019est justement pas le point fort de Carmen. \u00ab Nous ne sommes pas bons pour trouver des aides. <strong>Il faudrait de l\u2019argent<\/strong>, car les travaux d\u00e9pendent de nos finances \u00bb, d\u00e9plorait le pr\u00e9sident qui aurait \u00e9galement besoin de plus de main-d\u2019\u0153uvre. \u00ab Il faudrait aussi des professionnels ou des retrait\u00e9s qui voudraient encadrer des jeunes b\u00e9n\u00e9volement. Nous sommes sept pour le moment \u00bb. Mais aussi de r\u00e9frig\u00e9rateurs : \u00ab Si des gens s\u2019en d\u00e9barrassent, nous pouvons aller les chercher \u00bb, appelait Julien Memain.<\/p>\n<p>Votre r\u00e9gion, votre actu !<\/p>\n<p>Recevez chaque jour les infos qui comptent pour vous.<\/p>\n<p>\t<a href=\"https:\/\/actu.fr\/newsletter\" class=\"ac-btn ac-btn--corner ac-btn--medium ac-btn--blue800\" rel=\"nofollow noopener\" target=\"_blank\">S&rsquo;incrire<\/a><br \/>\nObjectif : une salle communale<\/p>\n<p class=\" wall-content\">En attendant, il y avait du travail. L\u2019\u00e9quipe s\u2019est occup\u00e9e du rejointoiement du mur c\u00f4t\u00e9 cimeti\u00e8re, du tri des pierres et surtout de la couverture de la sacristie apr\u00e8s une fuite. \u00ab Il faudra ensuite s\u2019occuper de <strong>la charpente du ch\u0153ur<\/strong> et r\u00e9parer ou changer la poutre de l\u2019entr\u00e9e longue de 9m50. Elle doit \u00eatre taill\u00e9e sp\u00e9cifiquement \u00bb, expliquait Julien Memain. \u00ab Nous allons aussi commencer \u00e0 couvrir le toit d\u2019ardoises, tranche par tranche. Enfin, nous r\u00e9assemblerons les \u00e9l\u00e9ments du clocher qu\u2019il faudra remonter. \u00bb<\/p>\n<p class=\" wall-content\">Tout cela dans le but de rendre le b\u00e2timent au village d\u2019\u00c9preville et d\u2019en faire \u00ab une salle communale pour diff\u00e9rentes activit\u00e9s comme des concerts, des expositions ou des r\u00e9unions \u00bb.<\/p>\n<p class=\" wall-content\">Pour les curieux, Carmen ouvrira les portes de l\u2019\u00e9glise lors des Journ\u00e9es Europ\u00e9ennes du patrimoine les 20 et 21 septembre.<\/p>\n<p>Suivez l\u2019actualit\u00e9 de Rouen <a href=\"https:\/\/www.whatsapp.com\/channel\/0029VaKfnf99hXF2ddApFB1D\" rel=\"nofollow noopener\" target=\"_blank\">sur notre cha\u00eene WhatsApp<\/a> et <a href=\"https:\/\/www.tiktok.com\/@76actu.fr?lang=fr\" rel=\"nofollow noopener\" target=\"_blank\">sur notre compte TikTok<\/a><\/p>\n<p class=\" wall-content\">Personnalisez votre actualit\u00e9 en ajoutant vos villes et m\u00e9dias en favori avec <a href=\"https:\/\/moncompte.actu.fr\" title=\"D\u00e9couvez Mon Actu\" rel=\"nofollow noopener\" data-trk=\"{&quot;cta&quot;:{&quot;action&quot;:&quot;https:\\\/\\\/moncompte.actu.fr&quot;,&quot;category&quot;:&quot;mon compte&quot;,&quot;from&quot;:&quot;article footer&quot;,&quot;name&quot;:&quot;Mon actu&quot;,&quot;type&quot;:&quot;cta&quot;}}\" target=\"_blank\">Mon Actu<\/a>.<\/p>\n<p>                    <script async src=\"\/\/www.tiktok.com\/embed.js\"><\/script><\/p>\n","protected":false},"excerpt":{"rendered":"Par R\u00e9daction Normandie Publi\u00e9 le 24 ao\u00fbt 2025 \u00e0 11h31 \u00c0 l\u2019approche de l\u2019\u00e9glise Saint-Ouen d\u2019\u00c9preville, non loin&hellip;\n","protected":false},"author":2,"featured_media":340370,"comment_status":"","ping_status":"","sticky":false,"template":"","format":"standard","meta":{"footnotes":""},"categories":[9587],"tags":[1111,11,1777,674,1011,27,1652,12,5161,2551,25,9590],"class_list":{"0":"post-340369","1":"post","2":"type-post","3":"status-publish","4":"format-standard","5":"has-post-thumbnail","7":"category-rouen","8":"tag-actu","9":"tag-actualites","10":"tag-eu","11":"tag-europe","12":"tag-fr","13":"tag-france","14":"tag-loisirs-culture","15":"tag-news","16":"tag-normandie","17":"tag-patrimoine","18":"tag-republique-francaise","19":"tag-rouen"},"share_on_mastodon":{"url":"https:\/\/pubeurope.com\/@fr\/115083085704360383","error":""},"_links":{"self":[{"href":"https:\/\/www.europesays.com\/fr\/wp-json\/wp\/v2\/posts\/340369","targetHints":{"allow":["GET"]}}],"collection":[{"href":"https:\/\/www.europesays.com\/fr\/wp-json\/wp\/v2\/posts"}],"about":[{"href":"https:\/\/www.europesays.com\/fr\/wp-json\/wp\/v2\/types\/post"}],"author":[{"embeddable":true,"href":"https:\/\/www.europesays.com\/fr\/wp-json\/wp\/v2\/users\/2"}],"replies":[{"embeddable":true,"href":"https:\/\/www.europesays.com\/fr\/wp-json\/wp\/v2\/comments?post=340369"}],"version-history":[{"count":0,"href":"https:\/\/www.europesays.com\/fr\/wp-json\/wp\/v2\/posts\/340369\/revisions"}],"wp:featuredmedia":[{"embeddable":true,"href":"https:\/\/www.europesays.com\/fr\/wp-json\/wp\/v2\/media\/340370"}],"wp:attachment":[{"href":"https:\/\/www.europesays.com\/fr\/wp-json\/wp\/v2\/media?parent=340369"}],"wp:term":[{"taxonomy":"category","embeddable":true,"href":"https:\/\/www.europesays.com\/fr\/wp-json\/wp\/v2\/categories?post=340369"},{"taxonomy":"post_tag","embeddable":true,"href":"https:\/\/www.europesays.com\/fr\/wp-json\/wp\/v2\/tags?post=340369"}],"curies":[{"name":"wp","href":"https:\/\/api.w.org\/{rel}","templated":true}]}}