{"id":340372,"date":"2025-08-24T09:43:11","date_gmt":"2025-08-24T09:43:11","guid":{"rendered":"https:\/\/www.europesays.com\/fr\/340372\/"},"modified":"2025-08-24T09:43:11","modified_gmt":"2025-08-24T09:43:11","slug":"isere-un-homme-gravement-blesse-au-couteau-pres-de-la-gare-de-grenoble","status":"publish","type":"post","link":"https:\/\/www.europesays.com\/fr\/340372\/","title":{"rendered":"Is\u00e8re. Un homme gravement bless\u00e9 au couteau pr\u00e8s de la gare de Grenoble"},"content":{"rendered":"<p>Les secours sont intervenus t\u00f4t ce dimanche matin pour prendre en charge un jeune homme gravement bless\u00e9 au thorax d&rsquo;un coup de couteau pr\u00e8s de la gare de Grenoble, rapporte Le Dauphin\u00e9 Lib\u00e9r\u00e9.<\/p>\n<p>Cet homme de 25 ans a \u00e9t\u00e9 secouru dans le hall d&rsquo;un immeuble voisin o\u00f9 il s&rsquo;\u00e9tait r\u00e9fugi\u00e9 vers 6 heures.<\/p>\n<p>Une voiture abandonn\u00e9e<\/p>\n<p>Selon le quotidien, l&rsquo;agression semble avoir \u00e9t\u00e9 commise sur la voie publique et une voiture abandonn\u00e9e &#8211; grande ouverte &#8211; devant la gare fait l&rsquo;objet de constatations par la police ce dimanche matin.<\/p>\n<p>Une enqu\u00eate a \u00e9t\u00e9 ouverte.<\/p>\n","protected":false},"excerpt":{"rendered":"Les secours sont intervenus t\u00f4t ce dimanche matin pour prendre en charge un jeune homme gravement bless\u00e9 au&hellip;\n","protected":false},"author":2,"featured_media":340373,"comment_status":"","ping_status":"","sticky":false,"template":"","format":"standard","meta":{"footnotes":""},"categories":[9566],"tags":[1111,11,2430,1777,674,274,107,1011,27,329,2731,12,25],"class_list":{"0":"post-340372","1":"post","2":"type-post","3":"status-publish","4":"format-standard","5":"has-post-thumbnail","7":"category-grenoble","8":"tag-actu","9":"tag-actualites","10":"tag-auvergne-rhone-alpes","11":"tag-eu","12":"tag-europe","13":"tag-faits-divers-justice","14":"tag-fil-info","15":"tag-fr","16":"tag-france","17":"tag-france-monde","18":"tag-grenoble","19":"tag-news","20":"tag-republique-francaise"},"share_on_mastodon":{"url":"https:\/\/pubeurope.com\/@fr\/115083097213416955","error":""},"_links":{"self":[{"href":"https:\/\/www.europesays.com\/fr\/wp-json\/wp\/v2\/posts\/340372","targetHints":{"allow":["GET"]}}],"collection":[{"href":"https:\/\/www.europesays.com\/fr\/wp-json\/wp\/v2\/posts"}],"about":[{"href":"https:\/\/www.europesays.com\/fr\/wp-json\/wp\/v2\/types\/post"}],"author":[{"embeddable":true,"href":"https:\/\/www.europesays.com\/fr\/wp-json\/wp\/v2\/users\/2"}],"replies":[{"embeddable":true,"href":"https:\/\/www.europesays.com\/fr\/wp-json\/wp\/v2\/comments?post=340372"}],"version-history":[{"count":0,"href":"https:\/\/www.europesays.com\/fr\/wp-json\/wp\/v2\/posts\/340372\/revisions"}],"wp:featuredmedia":[{"embeddable":true,"href":"https:\/\/www.europesays.com\/fr\/wp-json\/wp\/v2\/media\/340373"}],"wp:attachment":[{"href":"https:\/\/www.europesays.com\/fr\/wp-json\/wp\/v2\/media?parent=340372"}],"wp:term":[{"taxonomy":"category","embeddable":true,"href":"https:\/\/www.europesays.com\/fr\/wp-json\/wp\/v2\/categories?post=340372"},{"taxonomy":"post_tag","embeddable":true,"href":"https:\/\/www.europesays.com\/fr\/wp-json\/wp\/v2\/tags?post=340372"}],"curies":[{"name":"wp","href":"https:\/\/api.w.org\/{rel}","templated":true}]}}