{"id":340374,"date":"2025-08-24T09:44:14","date_gmt":"2025-08-24T09:44:14","guid":{"rendered":"https:\/\/www.europesays.com\/fr\/340374\/"},"modified":"2025-08-24T09:44:14","modified_gmt":"2025-08-24T09:44:14","slug":"ce-menuiser-a-t-il-allume-le-feu-a-rennes-en-1720-le-mystere-persiste-encore-aujourdhui","status":"publish","type":"post","link":"https:\/\/www.europesays.com\/fr\/340374\/","title":{"rendered":"Ce menuiser a-t-il allum\u00e9 le feu \u00e0 Rennes en 1720\u00a0? Le myst\u00e8re persiste encore aujourd\u2019hui"},"content":{"rendered":"<p>Il y a les Rennais que l\u2019Histoire a oubli\u00e9s. Et il y a ceux qui ont cherch\u00e9 \u00e0 dispara\u00eetre. En d\u00e9cembre 1720, un terrible incendie ravage Rennes pendant six jours, carbonisant 40 % de la ville. D\u2019o\u00f9 vient l\u2019\u00e9tincelle ? Les rumeurs vont bon train. Les soldats du d\u00e9test\u00e9 mar\u00e9chal de Montesquiou ? Le diable en personne ? Aucun t\u00e9moin n\u2019a vu exactement ce qui s\u2019est pass\u00e9. Sauf, peut-\u00eatre, Henry Boutrouelle, 45 ans. Le feu est parti de l\u2019atelier de ce menuisier, rue Tristin (l\u2019actuelle cour du n\u00b03, rue de l\u2019Horloge). Un fait attest\u00e9 par le compte-rendu du conseil municipal du 30 janvier 1721. Et c\u2019est \u00e0 peu pr\u00e8s tout ce qu\u2019on sait.<\/p>\n<p><a class=\"tlg-kiosque tlg-kiosque-rennes gtm-kiosque-rennes\" href=\"https:\/\/www.lemensuel.com\/rennes\" target=\"_blank\" rel=\"nofollow noopener\"><img decoding=\"async\" src=\"https:\/\/www.europesays.com\/fr\/wp-content\/uploads\/2025\/07\/MDR_une_complete.png\" alt=\"Couverture Mensuel Rennes\"\/><\/p>\n<p>Le Mensuel de Rennes<\/p>\n<p>Magazine curieux et (im)pertinent !<\/p>\n<p>D\u00e9couvrez<\/a>Des descendants \u00e0 Avranches<\/p>\n<p>L\u2019imagination ayant horreur du vide, la l\u00e9gende prend le relais : la femme de Boutrouelle qui renverse une bougie sur un sol jonch\u00e9 de copeaux, \u00e0 moins que \u00e7a ne soit une tentative de f\u00e9minicide sur fond d\u2019alcool\u2026 C\u2019est bien connu, le bas peuple rennais est ivrogne et d\u00e9bauch\u00e9 ! Boutrouelle n\u2019\u00e9tait-il pas surnomm\u00e9 \u00ab La Cav\u00e9e \u00bb ? Et puis, \u00e7a \u00e9vite de s\u2019interroger sur la responsabilit\u00e9 des habitants qui tentaient de d\u00e9m\u00e9nager leurs meubles au lieu d\u2019aider \u00e0 \u00e9teindre les flammes\u2026 1<\/p>\n<p>Sorti de l\u2019anonymat par ce sinistre \u00e9v\u00e9nement, le menuisier replonge ensuite dans la nuit, laissant derri\u00e8re lui sa fable couleur de cendre. Boutrouelle, \u00e9tais-tu vraiment un incendiaire ? Les registres ne le disent pas. Mais ils \u00e9clairent ton destin m\u00e9connu. Tu es n\u00e9 \u00e0 Montviron, en Normandie. Ton surnom de \u00ab La Cav\u00e9e \u00bb ne signifie pas forc\u00e9ment que tu \u00e9tais port\u00e9 sur la bouteille, ce mot d\u00e9signant aussi un chemin creux 2. Tu sais signer ton nom, ce qui n\u2019est pas rien \u00e0 l\u2019\u00e9poque. En 1706, tu te maries avec une Rennaise, Julienne Jumel. Pas d\u2019enfants. On te qualifie \u00ab d\u2019honorable homme \u00bb. Apr\u00e8s l\u2019incendie, sans logis (et peut-\u00eatre rong\u00e9 par le remord ?), tu retournes \u00e0 Montviron o\u00f9 l\u2019attend ta famille &#8211; dont un filleul qui porte ton nom. L\u00e0-bas, tu es connu comme un \u00ab bourgeois de Rennes \u00bb. Ta femme serait morte dans l\u2019incendie, ajoutant un drame \u00e0 ton d\u00e9shonneur.<\/p>\n<p>Aujourd\u2019hui, la r\u00e9gion d\u2019Avranches compte encore des descendants du clan Boutrouelle. Sans doute ignorent-ils la triste c\u00e9l\u00e9brit\u00e9 qui, \u00e0 Rennes, entache ce nom.<\/p>\n<p class=\"note\">1 Rennes 1720, l\u2019incendie, sous la direction de Gauthier Aubert et de Georges Provost, Presses universitaires de rennes, 2020<\/p>\n<p class=\"note\">2 Le Grand Incendie, l\u2019incendie de Rennes de 1720, m\u00e9moire de master 1, Antoine Richer, 2018<\/p>\n","protected":false},"excerpt":{"rendered":"Il y a les Rennais que l\u2019Histoire a oubli\u00e9s. Et il y a ceux qui ont cherch\u00e9 \u00e0&hellip;\n","protected":false},"author":2,"featured_media":340375,"comment_status":"","ping_status":"","sticky":false,"template":"","format":"standard","meta":{"footnotes":""},"categories":[2821],"tags":[1111,11,829,1777,674,1011,27,848,12,584,25],"class_list":{"0":"post-340374","1":"post","2":"type-post","3":"status-publish","4":"format-standard","5":"has-post-thumbnail","7":"category-rennes","8":"tag-actu","9":"tag-actualites","10":"tag-bretagne","11":"tag-eu","12":"tag-europe","13":"tag-fr","14":"tag-france","15":"tag-ille-et-vilaine","16":"tag-news","17":"tag-rennes","18":"tag-republique-francaise"},"share_on_mastodon":{"url":"https:\/\/pubeurope.com\/@fr\/115083101243215547","error":""},"_links":{"self":[{"href":"https:\/\/www.europesays.com\/fr\/wp-json\/wp\/v2\/posts\/340374","targetHints":{"allow":["GET"]}}],"collection":[{"href":"https:\/\/www.europesays.com\/fr\/wp-json\/wp\/v2\/posts"}],"about":[{"href":"https:\/\/www.europesays.com\/fr\/wp-json\/wp\/v2\/types\/post"}],"author":[{"embeddable":true,"href":"https:\/\/www.europesays.com\/fr\/wp-json\/wp\/v2\/users\/2"}],"replies":[{"embeddable":true,"href":"https:\/\/www.europesays.com\/fr\/wp-json\/wp\/v2\/comments?post=340374"}],"version-history":[{"count":0,"href":"https:\/\/www.europesays.com\/fr\/wp-json\/wp\/v2\/posts\/340374\/revisions"}],"wp:featuredmedia":[{"embeddable":true,"href":"https:\/\/www.europesays.com\/fr\/wp-json\/wp\/v2\/media\/340375"}],"wp:attachment":[{"href":"https:\/\/www.europesays.com\/fr\/wp-json\/wp\/v2\/media?parent=340374"}],"wp:term":[{"taxonomy":"category","embeddable":true,"href":"https:\/\/www.europesays.com\/fr\/wp-json\/wp\/v2\/categories?post=340374"},{"taxonomy":"post_tag","embeddable":true,"href":"https:\/\/www.europesays.com\/fr\/wp-json\/wp\/v2\/tags?post=340374"}],"curies":[{"name":"wp","href":"https:\/\/api.w.org\/{rel}","templated":true}]}}