{"id":340378,"date":"2025-08-24T09:48:27","date_gmt":"2025-08-24T09:48:27","guid":{"rendered":"https:\/\/www.europesays.com\/fr\/340378\/"},"modified":"2025-08-24T09:48:27","modified_gmt":"2025-08-24T09:48:27","slug":"rc-strasbourg-fc-nantes-les-8-pronostics-de-la-redaction-pour-le-match-de-17h15","status":"publish","type":"post","link":"https:\/\/www.europesays.com\/fr\/340378\/","title":{"rendered":"RC Strasbourg &#8211; FC Nantes : les 8 pronostics de la r\u00e9daction pour le match de 17h15"},"content":{"rendered":"<p>Bastien Baco : RC Strasbourg 1 \u2013 1 FC Nantes (NUL)<\/p>\n<p>\u00ab\u00a0En ce dimanche apr\u00e8s-midi, je vois les deux \u00e9quipes se neutraliser, dans un stade de la Meinau encore en r\u00e9novation. Alors que Strasbourg est all\u00e9\u00a0l\u2019emporter\u00a0\u00e0 Metz la semaine derni\u00e8re (1-0), le FC Nantes est en qu\u00eate de ses premiers points de la saison apr\u00e8s sa d\u00e9faite contre le PSG dimanche dernier (0-1). Dans cette rencontre, je vois les Strasbourgeois ouvrir la marque par un de leurs attaquants, \u00e0\u00a0l\u2019image\u00a0de Panichelli \u00e0 Saint-Symphorien la semaine derni\u00e8re. Cependant,\u00a0j\u2019imagine\u00a0les Nantais afficher un beau visage dans la ville du parlement europ\u00e9en, confirmant les promesses entrevues \u00e0 la Beaujoire et parvenant \u00e0 \u00e9galiser contre les Alsaciens.\u00a0\u00bb<\/p>\n<p>Arthur : RC Strasbourg 1 \u2013 1 FC Nantes (NUL)<\/p>\n<p>\u00ab\u00a0Un Strasbourg un peu \u00e9mouss\u00e9 physiquement apr\u00e8s son match de jeudi. Nantes va tout de m\u00eame encaiss\u00e9 un but mais va \u00eatre capable de cr\u00e9er du danger en contre-attaque. Un bon point pris en Alsace.\u00a0\u00bb<\/p>\n<p>Les optimistes<br \/>\nBaptiste : RC Strasbourg 1 \u2013 2 FC Nantes (VICTOIRE)<\/p>\n<p>\u00ab\u00a0Je vois les Canaris aller chercher leur premier succ\u00e8s de la saison en Alsace ce dimanche.\u00a0J\u2019imagine\u00a0un match ouvert avec des occasions de part et\u00a0d\u2019autres. Un but sans doute du redoutable Emegha et\u00a0j\u2019esp\u00e8re\u00a0que les hommes de Luis Castro parviendront eux aussi \u00e0 se montrer cliniques face \u00e0 la cage. Je pense que si les co\u00e9quipiers de Matthis Abline parviennent \u00e0 \u00eatre plus lucides dans les derniers m\u00e8tres, ils peuvent esp\u00e9rer gagner les 3 points ce week-end.\u00a0\u00bb<\/p>\n<p>Valentin : RC Strasbourg 0 \u2013 1 FC Nantes (VICTOIRE)<\/p>\n<p>\u00ab\u00a0Dans un match que j\u2019imagine relativement ouvert avec beaucoup d\u2019occasions mais o\u00f9 peut sont concr\u00e9tis\u00e9es je pense que le FC Nantes va r\u00e9ussir \u00e0 d\u00e9crocher sa premi\u00e8re victoire et prendre confiance pour la suite de la saison. Malgr\u00e9 une animation offensive tr\u00e8s faible face a Paris on a pu voir que les Canaris peuvent r\u00e9aliser de grosses performances notamment d\u00e9fensives et je les vois s\u2019imposer face a Strasbourg.\u00a0\u00bb<\/p>\n<p>Morgan : RC Strasbourg 1 \u2013 2 FC Nantes (VICTOIRE)<\/p>\n<p>\u00ab\u00a0Les Nantais ont rendu une copie encourageante et s\u00e9rieuse contre le PSG. On peut donc consid\u00e9rer qu\u2019il s\u2019agissait du dernier match d\u2019entrainement avant le VRAI premier match de la saison, ici contre Strasbourg. Optimiste, j\u2019imagine les Canaris l\u2019emporter 2-1 loin de la Beaujoire. \u00a0\u00bb<\/p>\n<p>Les pessimistes<br \/>\nKillian Robart : RC Strasbourg 2 \u2013 1 FC Nantes (D\u00c9FAITE)<\/p>\n<p>\u00ab\u00a0Face au RCSA je vois les Nantais chuter d\u2019une courte t\u00eate. Apr\u00e8s un match abouti face \u00e0 Brondby\u00a0(0-0)\u00a0malgr\u00e9 le nul conc\u00e9d\u00e9 \u00e0 domicile, je vois les Alsaciens continuer sur leur bonne lanc\u00e9e et s\u2019imposer face au FC Nantes une semaine apr\u00e8s leur victoire face \u00e0 Metz\u00a0(0-1). Les Strasbourgeois,\u00a0avec une \u00e9quipe jeune mais\u00a0talentueuse,\u00a0devraient selon moi ouvrir le score avec un but d\u2019Emegha ou de Panichelli. Apr\u00e8s avoir \u00e9galis\u00e9, je vois des Nantais encore en rodage conc\u00e9der un but en toute fin de rencontre.\u00a0\u00a0\u00bb<\/p>\n<p>Gaspar De Vas : RC Strasbourg 2 \u2013 1 FC Nantes (D\u00c9FAITE)<\/p>\n<p>\u00ab\u00a0Si Strasbourg n\u2019a pas sp\u00e9cialement \u00e9t\u00e9 convaincant contre Metz, je vois tout de m\u00eame les Alsaciens remporter cette deuxi\u00e8me journ\u00e9e contre les Canaris. En effet, les automatismes manquent encore m\u00eame si\u00a0j\u2019esp\u00e8re\u00a0que nous verrons une \u00e9quipe bien plus port\u00e9e vers\u00a0l\u2019avant\u00a0que contre le PSG. Le match pourrait s\u2019emballer car deux \u00e9quipes jeunes avec peu\u00a0d\u2019exp\u00e9rience\u00a0vont s\u2019affronter mais je vois Chelsea B l\u2019emporter.\u00a0\u00bb<\/p>\n<p>Athys : RC Strasbourg 2 \u2013 1 FC Nantes (D\u00c9FAITE)<\/p>\n<p>\u00ab\u00a0Je vois bien 2-1 pour Strasbourg. Se rassurer et \u00ab\u00a0racheter\u00a0\u00bb de leur dernier match \u00e0 domicile. N\u00e9anmoins le FC Nantes va essayer de surfer sur leur bon premier match face au PSG.\u00a0\u00bb<\/p>\n<p>Killian : RC Strasbourg 2 \u2013 0 FC Nantes (D\u00c9FAITE)<\/p>\n<p>\u00ab\u00a0Le match s\u2019annonce compliqu\u00e9 pour le FC Nantes, en d\u00e9placement sur la pelouse de Strasbourg. Le manque d\u2019exp\u00e9rience et d\u2019automatismes c\u00f4t\u00e9 nantais pourrait offrir l\u2019avantage \u00e0 la jeune \u00e9quipe strasbourgeoise, mieux arm\u00e9e pour contr\u00f4ler la rencontre et aller chercher la victoire.\u00a0\u00bb<\/p>\n<p>Classement saison 2024-2025 actualis\u00e9 apr\u00e8s 33 matches toutes comp\u00e9titions confondues<\/p>\n<ol start=\"1\" data-spread=\"false\">\n<li><strong>Gaspard DV<\/strong> : 2 points (0 score exact, 1 bonne diff\u00e9rence de but, 1 bonnes issue de match)<\/li>\n<li><strong>Bastien B.<\/strong> : 2 points (0 score exact, 1 bonne diff\u00e9rence de buts, 1 bonne issue de match)<\/li>\n<li><strong>Killian<\/strong> : 1 point (0 score exact, 0 bonne diff\u00e9rence de buts, 1 bonne issue de match)<\/li>\n<li><strong>Valentin<\/strong> : 1 point (0 score exact, 0 bonne diff\u00e9rence de buts, 1 bonne issue de match)<\/li>\n<li><strong>Kilian R<\/strong> : 1 point (0 score exact, 0 bonne diff\u00e9rence de buts, 1 bonne issue de match)<\/li>\n<li><strong>Morgan<\/strong> : 0 point (0 score exact, 0 bonne diff\u00e9rence de but, 0 bonne issue de match)<\/li>\n<li><strong>Arthur<\/strong> : 0 point (0 score exact, 0 bonne diff\u00e9rence de but, 0 bonne issue de match)<\/li>\n<li><strong>Baptiste<\/strong> : 0 point (0 score exact, 0 bonne diff\u00e9rence de but, 0 bonne issue de match)<\/li>\n<\/ol>\n","protected":false},"excerpt":{"rendered":"Bastien Baco : RC Strasbourg 1 \u2013 1 FC Nantes (NUL) \u00ab\u00a0En ce dimanche apr\u00e8s-midi, je vois les&hellip;\n","protected":false},"author":2,"featured_media":340379,"comment_status":"","ping_status":"","sticky":false,"template":"","format":"standard","meta":{"footnotes":""},"categories":[2820],"tags":[1111,11,1777,674,1011,27,775,12,25,640],"class_list":{"0":"post-340378","1":"post","2":"type-post","3":"status-publish","4":"format-standard","5":"has-post-thumbnail","7":"category-strasbourg","8":"tag-actu","9":"tag-actualites","10":"tag-eu","11":"tag-europe","12":"tag-fr","13":"tag-france","14":"tag-grand-est","15":"tag-news","16":"tag-republique-francaise","17":"tag-strasbourg"},"share_on_mastodon":{"url":"https:\/\/pubeurope.com\/@fr\/115083116754570799","error":""},"_links":{"self":[{"href":"https:\/\/www.europesays.com\/fr\/wp-json\/wp\/v2\/posts\/340378","targetHints":{"allow":["GET"]}}],"collection":[{"href":"https:\/\/www.europesays.com\/fr\/wp-json\/wp\/v2\/posts"}],"about":[{"href":"https:\/\/www.europesays.com\/fr\/wp-json\/wp\/v2\/types\/post"}],"author":[{"embeddable":true,"href":"https:\/\/www.europesays.com\/fr\/wp-json\/wp\/v2\/users\/2"}],"replies":[{"embeddable":true,"href":"https:\/\/www.europesays.com\/fr\/wp-json\/wp\/v2\/comments?post=340378"}],"version-history":[{"count":0,"href":"https:\/\/www.europesays.com\/fr\/wp-json\/wp\/v2\/posts\/340378\/revisions"}],"wp:featuredmedia":[{"embeddable":true,"href":"https:\/\/www.europesays.com\/fr\/wp-json\/wp\/v2\/media\/340379"}],"wp:attachment":[{"href":"https:\/\/www.europesays.com\/fr\/wp-json\/wp\/v2\/media?parent=340378"}],"wp:term":[{"taxonomy":"category","embeddable":true,"href":"https:\/\/www.europesays.com\/fr\/wp-json\/wp\/v2\/categories?post=340378"},{"taxonomy":"post_tag","embeddable":true,"href":"https:\/\/www.europesays.com\/fr\/wp-json\/wp\/v2\/tags?post=340378"}],"curies":[{"name":"wp","href":"https:\/\/api.w.org\/{rel}","templated":true}]}}