{"id":340380,"date":"2025-08-24T09:51:40","date_gmt":"2025-08-24T09:51:40","guid":{"rendered":"https:\/\/www.europesays.com\/fr\/340380\/"},"modified":"2025-08-24T09:51:40","modified_gmt":"2025-08-24T09:51:40","slug":"quand-les-impots-donnent-une-seconde-vie-a-leurs-ordinateurs-pour-reduire-la-fracture-numerique-a-nice","status":"publish","type":"post","link":"https:\/\/www.europesays.com\/fr\/340380\/","title":{"rendered":"Quand les imp\u00f4ts donnent une seconde vie \u00e0 leurs ordinateurs pour r\u00e9duire la fracture num\u00e9rique \u00e0 Nice"},"content":{"rendered":"<p>Un agent pousse un gros chariot o\u00f9 s\u2019empilent des ordinateurs dans leur valisette noire. Il y en a 68: 15 fixes, 53 portables. Ils ont d\u00e9j\u00e0 eu un v\u00e9cu, mais vont en avoir un nouveau.<\/p>\n<p>Car ces \u00e9crans et ces claviers, la direction g\u00e9n\u00e9rale des finances publiques des Alpes-Maritimes (DGFIP), les donne \u00e0 la banque du num\u00e9rique pour lutter contre la fracture num\u00e9rique des publics en situation de pr\u00e9carit\u00e9. Cela concerne les gens dans le besoin ou pauvres en mati\u00e8re d\u2019\u00e9quipements informatiques.<\/p>\n<p><strong>Tout type de support<\/strong><\/p>\n<p>C\u2019est quoi cette banque du num\u00e9rique? La r\u00e9ponse d\u2019Aur\u00e9lia L\u00e9onard, adjointe \u00e0 H\u00e9l\u00e8ne Guyon, d\u00e9l\u00e9gu\u00e9e g\u00e9n\u00e9rale de cette association d\u00e9partementale: \u00ab\u00a0Il s\u2019agit d\u2019un collectif mont\u00e9 il y a un peu plus de 3 ans autour de la pauvret\u00e9, laquelle g\u00e9n\u00e8re un vrai probl\u00e8me d\u2019acc\u00e8s au num\u00e9rique\u00a0\u00bb.<\/p>\n<p>\u00a0Comment fonctionne cette banque, dont l\u2019une des infrastructures est bas\u00e9e au march\u00e9 d\u2019int\u00e9r\u00eat national fleurs de Saint-Augustin? \u00ab\u00a0Nous r\u00e9cup\u00e9rons le mat\u00e9riel, dont se d\u00e9barrassent les entreprises, les collectivit\u00e9s et m\u00eame les particuliers. Qu\u2019il s\u2019agisse d\u2019ordinateurs fixes, portables, de smartphones, de tablettes. Nous avons plus de 80 structures partenaires sur le d\u00e9partement qui nous donnent du mat\u00e9riel usag\u00e9, mais encore utilisable : imp\u00f4ts, caisse d\u2019allocations familiales, missions locales, etc. Ensuite, nous nettoyons, reconditionnons les supports informatiques, avant de les mettre gratuitement \u00e0 disposition de gens en difficult\u00e9\u00a0\u00bb.<\/p>\n<p>Quel profil? \u00ab\u00a0Il faut que les b\u00e9n\u00e9ficiaires potentiels aient l\u2019envie et la capacit\u00e9 d\u2019utiliser l\u2019outil. En outre, pour r\u00e9cup\u00e9rer un ordinateur, ils doivent passer par une association, type centre communal d\u2019action sociale, ou une assistante sociale, qui se met en relation avec la banque du num\u00e9rique et qui servent d\u2019interm\u00e9diaires et d\u2019accompagnants\u00a0\u00bb.<\/p>\n<p><strong>Un renouvellement r\u00e9gulier<\/strong><\/p>\n<p>C\u00f4t\u00e9 donneurs, la d\u00e9marche a ses atouts. David Lounici, responsable immobilier et logistique sur le d\u00e9partement pour la DGFIP t\u00e9moigne: \u00ab\u00a0Sur le 06, nous regroupons 1 400 agents ayant besoin d\u2019ordinateurs performants. Aussi, nous renouvelons le parc informatique r\u00e9guli\u00e8rement, sachant qu\u2019un ordinateur a une dur\u00e9e de vie moyenne de 5\/6 ans. Depuis la crise sanitaire et le t\u00e9l\u00e9travail, nous avons beaucoup de portables. Autant opter pour des cessions de ces appareils en privil\u00e9giant les associations. Dans cette optique, nous nous sommes rapproch\u00e9s de la banque du num\u00e9rique. Cette fois, nous lui remettons 15 ordinateurs fixes et 53 portables\u00a0\u00bb.<\/p>\n<p><strong>S\u2019\u00e9loigner du papier<\/strong><\/p>\n<p>Il y a l\u2019humain. Il y a l\u2019\u00e9coresponsabilit\u00e9, ch\u00e8re \u00e0 l\u2019administration fiscale, d\u00e9j\u00e0 engag\u00e9e dans les travaux d\u2019\u00e9conomie d\u2019\u00e9nergie, comme les isolations thermiques, les pompes \u00e0 chaleur, les v\u00e9hicules thermiques bascul\u00e9s vers les v\u00e9hicules \u00e9lectriques: \u00ab\u00a0Donner une seconde vie \u00e0 des ordinateurs qui peuvent eux-m\u00eames contribuer \u00e0 inciter les contribuables \u00e0 se familiariser avec les formats num\u00e9riques\u00a0\u00bb.<\/p>\n<p>Le monde se num\u00e9rise et taxe la paperasse.<\/p>\n<p>Banque du num\u00e9rique: <a href=\"http:\/\/www.banquedunumerique.org\" target=\"_blank\" rel=\"noopener\">www.banquedunumerique.org<\/a> ou <a href=\"https:\/\/www.nicematin.com\/humanitaire\/mailto:contact@banquedunumerique.org\" target=\"_blank\" rel=\"noopener\">contact@banquedunumerique.org<\/a><\/p>\n","protected":false},"excerpt":{"rendered":"Un agent pousse un gros chariot o\u00f9 s\u2019empilent des ordinateurs dans leur valisette noire. Il y en a&hellip;\n","protected":false},"author":2,"featured_media":340381,"comment_status":"","ping_status":"","sticky":false,"template":"","format":"standard","meta":{"footnotes":""},"categories":[2819],"tags":[1111,11,1777,674,1011,27,10264,12,2401,882,25],"class_list":{"0":"post-340380","1":"post","2":"type-post","3":"status-publish","4":"format-standard","5":"has-post-thumbnail","7":"category-nice","8":"tag-actu","9":"tag-actualites","10":"tag-eu","11":"tag-europe","12":"tag-fr","13":"tag-france","14":"tag-humanitaire","15":"tag-news","16":"tag-nice","17":"tag-provence-alpes-cote-dazur","18":"tag-republique-francaise"},"share_on_mastodon":{"url":"https:\/\/pubeurope.com\/@fr\/115083128560663110","error":""},"_links":{"self":[{"href":"https:\/\/www.europesays.com\/fr\/wp-json\/wp\/v2\/posts\/340380","targetHints":{"allow":["GET"]}}],"collection":[{"href":"https:\/\/www.europesays.com\/fr\/wp-json\/wp\/v2\/posts"}],"about":[{"href":"https:\/\/www.europesays.com\/fr\/wp-json\/wp\/v2\/types\/post"}],"author":[{"embeddable":true,"href":"https:\/\/www.europesays.com\/fr\/wp-json\/wp\/v2\/users\/2"}],"replies":[{"embeddable":true,"href":"https:\/\/www.europesays.com\/fr\/wp-json\/wp\/v2\/comments?post=340380"}],"version-history":[{"count":0,"href":"https:\/\/www.europesays.com\/fr\/wp-json\/wp\/v2\/posts\/340380\/revisions"}],"wp:featuredmedia":[{"embeddable":true,"href":"https:\/\/www.europesays.com\/fr\/wp-json\/wp\/v2\/media\/340381"}],"wp:attachment":[{"href":"https:\/\/www.europesays.com\/fr\/wp-json\/wp\/v2\/media?parent=340380"}],"wp:term":[{"taxonomy":"category","embeddable":true,"href":"https:\/\/www.europesays.com\/fr\/wp-json\/wp\/v2\/categories?post=340380"},{"taxonomy":"post_tag","embeddable":true,"href":"https:\/\/www.europesays.com\/fr\/wp-json\/wp\/v2\/tags?post=340380"}],"curies":[{"name":"wp","href":"https:\/\/api.w.org\/{rel}","templated":true}]}}