{"id":340382,"date":"2025-08-24T09:53:26","date_gmt":"2025-08-24T09:53:26","guid":{"rendered":"https:\/\/www.europesays.com\/fr\/340382\/"},"modified":"2025-08-24T09:53:26","modified_gmt":"2025-08-24T09:53:26","slug":"ligue-1-pelissier-veut-absolument-garder-sinayoko-les-reactions-auxerroises-apres-nice-aja-3-1","status":"publish","type":"post","link":"https:\/\/www.europesays.com\/fr\/340382\/","title":{"rendered":"Ligue 1 : P\u00e9lissier veut \u00ab\u00a0absolument garder\u00a0\u00bb Sinayoko, les r\u00e9actions auxerroises apr\u00e8s Nice-AJA (3-1)"},"content":{"rendered":"<p>Annonc\u00e9 sur le d\u00e9part direction Lens, Lassine Sinayoko a sign\u00e9 une grosse prestation \u00e0 Nice ce samedi, malgr\u00e9 la d\u00e9faite de l&rsquo;AJA (3-1, 2e j. L1). Et son entra\u00eeneur a martel\u00e9 qu&rsquo;il voulait le conserver. Retrouvez les d\u00e9clarations d&rsquo;apr\u00e8s-match des Auxerrois en int\u00e9gralit\u00e9 avec ICI Auxerre.<\/p>\n<p>Christophe P\u00e9lissier, entra\u00eeneur de l&rsquo;AJA<\/p>\n<p>\u00ab\u00a0On doit \u00eatre encore plus solide dans les surfaces de v\u00e9rit\u00e9, \u00e0 la fois en termes d&rsquo;efficacit\u00e9 offensive et en termes de solidit\u00e9 d\u00e9fensive. Quand on prend trois buts, c&rsquo;est difficile de prendre des points. Il y a aussi des jeunes joueurs, une d\u00e9fense qui a \u00e9t\u00e9 remodel\u00e9e, il faut travailler \u00e7a. Gabriel Osho, au bout de 30 minutes, ressent un probl\u00e8me \u00e0 l&rsquo;ischio. En sachant qu&rsquo;on a d\u00e9j\u00e0 des joueurs bless\u00e9s sur ce poste&#8230; Sur ce match, les attaques ont pris le pas sur les d\u00e9fenses, \u00e7a a \u00e9t\u00e9 un match int\u00e9ressant pour les spectateurs parce qu&rsquo;il y a eu des occasions d&rsquo;un c\u00f4t\u00e9 comme de l&rsquo;autre mais quand on est coach, on aime \u00eatre un peu plus solide. Et on ne gagne pas ce match parce qu&rsquo;on a manqu\u00e9 de solidit\u00e9 et d&rsquo;efficacit\u00e9. Pour le moment, je ne regrette pas Lassine, parce qu&rsquo;il est avec moi. Il a jou\u00e9 aujourd&rsquo;hui. Ce matin, j&rsquo;ai discut\u00e9 avec lui.\u00a0<a class=\"IciLink ici-link IciArticleLink g-ici-body-regular-1 underline brand svelte-lu7k6w\" href=\"https:\/\/www.francebleu.fr\/sports\/football\/ligue-1-avant-nice-aja-la-presence-de-sinayoko-confirmee-alors-que-le-joueur-est-convoite-par-nice-et-lens-en-pole-7753093\" rel=\"nofollow noopener\" target=\"_blank\">Il n&rsquo;avait pas de doute quant \u00e0 sa participation<\/a>. Il peut se passer beaucoup de choses encore mais le club sait que sportivement, Sinayoko est un joueur que je veux absolument garder. Apr\u00e8s, il y a des choses qui me d\u00e9passent. Il avait \u00e9t\u00e9 bon la semaine derni\u00e8re aussi. Je l&rsquo;ai replac\u00e9 en fin de saison en avant-centre alors qu&rsquo;il jouait sur le c\u00f4t\u00e9 dans un premier temps et je pense que c&rsquo;est son poste. Je lui explique que chez nous, il a ma confiance pour jouer \u00e0 ce poste et montrer tout son talent. Je suis persuad\u00e9 qu&rsquo;il ne lui manquait que les statistiques et cette ann\u00e9e, il peut \u00eatre ce joueur qui fait ces statistiques, et qu&rsquo;on verra diff\u00e9remment. C&rsquo;est pour \u00e7a que je veux absolument le garder.\u00a0\u00bb<\/p>\n<p>Gid\u00e9on Mensah, d\u00e9fenseur de l&rsquo;AJA<\/p>\n<p>\u00ab\u00a0On a bien commenc\u00e9. On prend un but mais on \u00e9galise. Le deuxi\u00e8me but n&rsquo;est pas m\u00e9rit\u00e9. Et ensuite, il y a ce carton rouge \u00e0 la fin de la premi\u00e8re p\u00e9riode. On est un peu frustr\u00e9 d&rsquo;un match comme \u00e7a. On essaye de faire notre jeu, on perd ensemble et gagne ensemble. Avant le carton rouge, on \u00e9tait bien. On a bien mieux jou\u00e9 que lors du premier match \u00e0 domicile. Mais ce n&rsquo;est pas que le carton rouge qui explique notre d\u00e9faite. Il y a des rencontres comme \u00e7a. Apr\u00e8s l&rsquo;expulsion, on a chang\u00e9 de syst\u00e8me, on a commenc\u00e9 \u00e0 cinq derri\u00e8re pour finir \u00e0 quatre, \u00e7a change notre fa\u00e7on de jouer et c&rsquo;est un peu difficile. On a manqu\u00e9 un peu de concentration en d\u00e9but de match. Mais ce qui est bien, c&rsquo;est qu&rsquo;on a pu rectifier \u00e7a. Sinayoko\u00a0? Dans ma t\u00eate, je sais qu&rsquo;il est avec nous aujourd&rsquo;hui mais je ne sais pas ce qui va se passer demain. Il a fait son match, on \u00e9tait derri\u00e8re lui. Il ne nous a pas dit au revoir dans le vestiaire. Aujourd&rsquo;hui, il est avec nous, on reste sur \u00e7a.\u00a0\u00bb<\/p>\n<p>Danny Namaso, attaquant de l&rsquo;AJA<\/p>\n<p>\u00ab\u00a0C&rsquo;\u00e9tait un match compliqu\u00e9 mais je suis content d&rsquo;avoir v\u00e9cu mes premi\u00e8res minutes avec Auxerre. Malheureusement, on n&rsquo;a pas gagn\u00e9 mais on est d\u00e9j\u00e0 focus sur le prochain. On a eu des opportunit\u00e9s, mais c&rsquo;\u00e9tait difficile \u00e0 10. Mon int\u00e9gration est parfaite jusqu&rsquo;ici. Je suis tr\u00e8s content. Tout le groupe m&rsquo;a bien accueilli. Je connaissais Gabriel Osho, on a grandit ensemble en formation, c&rsquo;\u00e9tait plus facile pour moi avec lui. Personnellement, je veux jouer le plus de minutes avec l&rsquo;AJA, marquer des buts et faire de bonnes performances. Je suis quelqu&rsquo;un d&rsquo;ambitieux, comme le club, \u00e7a colle. Je vais jouer o\u00f9 l&rsquo;entra\u00eeneur me mettra. Je pr\u00e9f\u00e8re jouer en dessous de l&rsquo;attaquant, en num\u00e9ro 10 dans l&rsquo;axe ou sur les c\u00f4t\u00e9s, excentr\u00e9. Avec mes qualit\u00e9s, c&rsquo;est la meilleure position pour moi. J&rsquo;aime jouer avec le ballon, presser, dribbler, frapper, faire des passes d\u00e9cisives&#8230; J&rsquo;aime aussi faire le job d\u00e9fensif. Je me sens bien, peu importe le syst\u00e8me. Je ne vais pas divulguer mes objectifs mais je veux \u00eatre plus efficace devant le but. Le projet d&rsquo;Auxerre \u00e9tait tr\u00e8s int\u00e9ressant pour moi, c&rsquo;\u00e9tait facile de choisir. Djibril Ciss\u00e9 m&rsquo;a beaucoup parl\u00e9, c&rsquo;\u00e9tait bien pour me convaincre de venir.\u00a0\u00bb<\/p>\n<p>\u00c0 lire aussi   <img decoding=\"async\" src=\"https:\/\/www.europesays.com\/fr\/wp-content\/uploads\/2025\/08\/1756029206_740_560x315\" alt=\"Inefficace offensivement et \u00e0 la peine d\u00e9fensivement, l'AJA s'incline \u00e0 Nice ce samedi (3-1, 2e j. L1).\" style=\"--_image-preview:url('data:image\/jpeg;base64,\/9j\/2wBDACgcHiMeGSgjISMtKygwPGRBPDc3PHtYXUlkkYCZlo+AjIqgtObDoKrarYqMyP\/L2u71\/\/\/\/m8H\/\/\/\/6\/+b9\/\/j\/2wBDASstLTw1PHZBQXb4pYyl+Pj4+Pj4+Pj4+Pj4+Pj4+Pj4+Pj4+Pj4+Pj4+Pj4+Pj4+Pj4+Pj4+Pj4+Pj4+Pj4+Pj\/wAARCAAXACoDASIAAhEBAxEB\/8QAFwABAQEBAAAAAAAAAAAAAAAAAAIDAf\/EABgQAQEBAQEAAAAAAAAAAAAAAAABERIC\/8QAFgEBAQEAAAAAAAAAAAAAAAAAAQAC\/8QAFhEBAQEAAAAAAAAAAAAAAAAAABEB\/9oADAMBAAIRAxEAPwDLl3F8u8gVlYnG18pvkGs8MXyYqq3kMAMFibAG6nLHMBml\/9k=');\" loading=\"lazy\" fetchpriority=\"low\" aria-hidden=\"true\" class=\"svelte-1pnmlwx rounded\" onload=\"this.__e=event\" onerror=\"this.__e=event\"\/> <\/p>\n<p>loading<\/p>\n<p>loading<\/p>\n<p> L&rsquo;actualit\u00e9 de l&rsquo;AJA avec ICI Auxerre<\/p>\n","protected":false},"excerpt":{"rendered":"Annonc\u00e9 sur le d\u00e9part direction Lens, Lassine Sinayoko a sign\u00e9 une grosse prestation \u00e0 Nice ce samedi, malgr\u00e9&hellip;\n","protected":false},"author":2,"featured_media":340383,"comment_status":"","ping_status":"","sticky":false,"template":"","format":"standard","meta":{"footnotes":""},"categories":[2819],"tags":[1111,11,1777,674,1011,27,12,2401,882,25],"class_list":{"0":"post-340382","1":"post","2":"type-post","3":"status-publish","4":"format-standard","5":"has-post-thumbnail","7":"category-nice","8":"tag-actu","9":"tag-actualites","10":"tag-eu","11":"tag-europe","12":"tag-fr","13":"tag-france","14":"tag-news","15":"tag-nice","16":"tag-provence-alpes-cote-dazur","17":"tag-republique-francaise"},"share_on_mastodon":{"url":"https:\/\/pubeurope.com\/@fr\/115083136954106283","error":""},"_links":{"self":[{"href":"https:\/\/www.europesays.com\/fr\/wp-json\/wp\/v2\/posts\/340382","targetHints":{"allow":["GET"]}}],"collection":[{"href":"https:\/\/www.europesays.com\/fr\/wp-json\/wp\/v2\/posts"}],"about":[{"href":"https:\/\/www.europesays.com\/fr\/wp-json\/wp\/v2\/types\/post"}],"author":[{"embeddable":true,"href":"https:\/\/www.europesays.com\/fr\/wp-json\/wp\/v2\/users\/2"}],"replies":[{"embeddable":true,"href":"https:\/\/www.europesays.com\/fr\/wp-json\/wp\/v2\/comments?post=340382"}],"version-history":[{"count":0,"href":"https:\/\/www.europesays.com\/fr\/wp-json\/wp\/v2\/posts\/340382\/revisions"}],"wp:featuredmedia":[{"embeddable":true,"href":"https:\/\/www.europesays.com\/fr\/wp-json\/wp\/v2\/media\/340383"}],"wp:attachment":[{"href":"https:\/\/www.europesays.com\/fr\/wp-json\/wp\/v2\/media?parent=340382"}],"wp:term":[{"taxonomy":"category","embeddable":true,"href":"https:\/\/www.europesays.com\/fr\/wp-json\/wp\/v2\/categories?post=340382"},{"taxonomy":"post_tag","embeddable":true,"href":"https:\/\/www.europesays.com\/fr\/wp-json\/wp\/v2\/tags?post=340382"}],"curies":[{"name":"wp","href":"https:\/\/api.w.org\/{rel}","templated":true}]}}