{"id":340388,"date":"2025-08-24T10:09:31","date_gmt":"2025-08-24T10:09:31","guid":{"rendered":"https:\/\/www.europesays.com\/fr\/340388\/"},"modified":"2025-08-24T10:09:31","modified_gmt":"2025-08-24T10:09:31","slug":"une-base-de-loisirs-va-se-transformer-en-salle-de-cinema-flottante-pour-une-soiree-insolite","status":"publish","type":"post","link":"https:\/\/www.europesays.com\/fr\/340388\/","title":{"rendered":"Une base de loisirs va se transformer en salle de cin\u00e9ma flottante pour une soir\u00e9e insolite"},"content":{"rendered":"<p>\n                                                                    l&rsquo;essentiel<br \/>\n                                                                Le principe de\u00a0Cin\u00e9Wam\u00a0: regarder un film, encore tenu secret, depuis sa bou\u00e9e ou une embarcation gonflable, sur le lac de Sesqui\u00e8res. La base de loisirs se transforme en cin\u00e9ma flottant g\u00e9ant, pour une soir\u00e9e insolite.\n                            <\/p>\n<p>Vendredi 29\u00a0ao\u00fbt, le <a href=\"https:\/\/www.wampark.fr\/toulouse-sesquieres\/toulouse-sesquieres-photos-events\/\" target=\"_self\" rel=\"nofollow noopener\">Wam Park<\/a> de Toulouse se transforme en salle obscure flottante. Le Cin\u00e9Wam aquatique propose, \u00e0 21h45, une projection gratuite sur le lac, \u00e0 suivre confortablement install\u00e9 dans une bou\u00e9e ou une embarcation gonflable.<\/p>\n<p>Une id\u00e9e venue d\u2019ailleurs, perfectionn\u00e9e \u00e0 Toulouse<\/p>\n<p>\u00ab\u00a0C\u2019est un concept qui existait d\u00e9j\u00e0 dans le premier Wam Park en Savoie\u00a0\u00bb, rappelle Charles Spinosa, directeur de la base toulousaine. \u00ab\u00a0Ils \u00e9tendaient un drap sur le cadre de t\u00e9l\u00e9ski pour projeter le film. Nous, on a juste am\u00e9lior\u00e9 un peu tout le syst\u00e8me.\u00a0\u00bb D\u00e9sormais, l\u2019\u00e9cran est une v\u00e9ritable plaque blanche. De quoi garantir une image nette et une diffusion optimale.<\/p>\n<p>Si l\u2019ambiance se veut l\u00e9g\u00e8re et familiale, l\u2019organisation reste stricte. \u00ab\u00a0La baignade est interdite. On a toujours des surveillants de baignade post\u00e9s autour du lac\u00a0\u00bb, insiste Charles Spinosa. Des gilets de flottaison sont propos\u00e9s, notamment pour les enfants. Et si les conditions m\u00e9t\u00e9o se d\u00e9gradent, la s\u00e9ance est purement annul\u00e9e.<\/p>\n<p>Une soir\u00e9e insolite et familiale<\/p>\n<p>Le film, choisi par les abonn\u00e9s Instagram du parc quelques jours avant, reste encore secret. \u00ab\u00a0On essaie toujours de proposer un film abordable pour tous. Pas d\u2019horreur, mais plut\u00f4t des th\u00e8mes li\u00e9s \u00e0 l\u2019eau\u00a0\u00bb, souligne le directeur. L\u2019ambiance est aussi port\u00e9e par l\u2019inventivit\u00e9 des participants\u00a0: \u00ab\u00a0Le but, c\u2019est d\u2019amener toujours la bou\u00e9e la plus extravagante qu\u2019il soit. Certains arrivent m\u00eame avec des piscines gonflables\u00a0!\u00a0\u00bb\u00a0Un rendez-vous unique, qui chaque fin ao\u00fbt s\u00e9duit aussi bien les habitu\u00e9s que les curieux d\u00e9couvrant la base pour la premi\u00e8re fois.<\/p>\n<p>Vendredi 29\u00a0ao\u00fbt \u00e0 21h45 au Wam Park (All\u00e9e des Foulques, Toulouse). Entr\u00e9e gratuite. Plus d\u2019informations sur le site wampark.fr.<\/p>\n","protected":false},"excerpt":{"rendered":"l&rsquo;essentiel Le principe de\u00a0Cin\u00e9Wam\u00a0: regarder un film, encore tenu secret, depuis sa bou\u00e9e ou une embarcation gonflable, sur&hellip;\n","protected":false},"author":2,"featured_media":340389,"comment_status":"","ping_status":"","sticky":false,"template":"","format":"standard","meta":{"footnotes":""},"categories":[2816],"tags":[1111,11,1777,674,1011,27,12,2680,25,2312],"class_list":{"0":"post-340388","1":"post","2":"type-post","3":"status-publish","4":"format-standard","5":"has-post-thumbnail","7":"category-toulouse","8":"tag-actu","9":"tag-actualites","10":"tag-eu","11":"tag-europe","12":"tag-fr","13":"tag-france","14":"tag-news","15":"tag-occitanie","16":"tag-republique-francaise","17":"tag-toulouse"},"share_on_mastodon":{"url":"https:\/\/pubeurope.com\/@fr\/115083199305898579","error":""},"_links":{"self":[{"href":"https:\/\/www.europesays.com\/fr\/wp-json\/wp\/v2\/posts\/340388","targetHints":{"allow":["GET"]}}],"collection":[{"href":"https:\/\/www.europesays.com\/fr\/wp-json\/wp\/v2\/posts"}],"about":[{"href":"https:\/\/www.europesays.com\/fr\/wp-json\/wp\/v2\/types\/post"}],"author":[{"embeddable":true,"href":"https:\/\/www.europesays.com\/fr\/wp-json\/wp\/v2\/users\/2"}],"replies":[{"embeddable":true,"href":"https:\/\/www.europesays.com\/fr\/wp-json\/wp\/v2\/comments?post=340388"}],"version-history":[{"count":0,"href":"https:\/\/www.europesays.com\/fr\/wp-json\/wp\/v2\/posts\/340388\/revisions"}],"wp:featuredmedia":[{"embeddable":true,"href":"https:\/\/www.europesays.com\/fr\/wp-json\/wp\/v2\/media\/340389"}],"wp:attachment":[{"href":"https:\/\/www.europesays.com\/fr\/wp-json\/wp\/v2\/media?parent=340388"}],"wp:term":[{"taxonomy":"category","embeddable":true,"href":"https:\/\/www.europesays.com\/fr\/wp-json\/wp\/v2\/categories?post=340388"},{"taxonomy":"post_tag","embeddable":true,"href":"https:\/\/www.europesays.com\/fr\/wp-json\/wp\/v2\/tags?post=340388"}],"curies":[{"name":"wp","href":"https:\/\/api.w.org\/{rel}","templated":true}]}}