{"id":340390,"date":"2025-08-24T10:11:23","date_gmt":"2025-08-24T10:11:23","guid":{"rendered":"https:\/\/www.europesays.com\/fr\/340390\/"},"modified":"2025-08-24T10:11:23","modified_gmt":"2025-08-24T10:11:23","slug":"les-feuilles-mortes-se-ramassent-a-la-pelle-particulierement-cette-annee-avec-la-canicule","status":"publish","type":"post","link":"https:\/\/www.europesays.com\/fr\/340390\/","title":{"rendered":"les feuilles mortes se ramassent \u00e0 la pelle, particuli\u00e8rement cette ann\u00e9e, avec la canicule"},"content":{"rendered":"<p class=\"intro \">La canicule engendre une situation assez in\u00e9dite dans le sud de la France. Les arbres sont oranges et m\u00eame les feuilles commencent \u00e0 tomber pr\u00e9matur\u00e9ment cette ann\u00e9e. Ce ph\u00e9nom\u00e8ne est ainsi tr\u00e8s pr\u00e9sent \u00e0 Toulouse. Cela pourrait bouleverser la biodiversit\u00e9 en cas de r\u00e9p\u00e9tition chaque \u00e9t\u00e9.<br \/>&#13;\n<\/p>\n<p>A <a href=\"https:\/\/www.europe1.fr\/dossiers\/toulouse\" target=\"_blank\" rel=\"nofollow noopener\">Toulouse<\/a>, un ph\u00e9nom\u00e8ne touche de plus en plus la ville rose. Les arbres sont oranges et m\u00eame les feuilles commencent \u00e0 tomber pr\u00e9matur\u00e9ment cette ann\u00e9e. Une situation assez in\u00e9dite caus\u00e9e par la <a href=\"https:\/\/www.europe1.fr\/dossiers\/canicule\" target=\"_blank\" rel=\"nofollow noopener\">canicule<\/a>.<\/p>\n<p>    La suite apr\u00e8s cette publicit\u00e9<\/p>\n<p>    La suite apr\u00e8s cette publicit\u00e9<\/p>\n<p>Dans ce parc sur les bords de Garonne, les sols sont jonch\u00e9s de feuilles de platane marron, ce qui \u00e9tonne les passants comme Julie. \u00ab\u00a0On a des feuilles exactement partout. C&rsquo;est beaucoup m\u00eame pour la saison. Je trouve \u00e7a bizarre. J&rsquo;\u00e9tais hyper \u00e9tonn\u00e9e. On voit \u00e7a normalement plus vers novembre, \u00e0 l&rsquo;automne. L\u00e0, on est fin ao\u00fbt, on a d\u00e9j\u00e0 des feuilles par terre. Je ne me souviens pas d&rsquo;avoir d\u00e9j\u00e0 vu \u00e7a\u00a0\u00bb, confie cette Toulousaine.<\/p>\n<p>Cette situation est caus\u00e9e par <a href=\"https:\/\/www.europe1.fr\/societe\/cest-un-peu-horrible-face-a-la-canicule-les-toulousains-luttent-autant-que-possible-768780\" target=\"_blank\" rel=\"nofollow noopener\">la double vague de chaleur qu&rsquo;a connue la r\u00e9gion<\/a>. Il s&rsquo;agit d&rsquo;un ph\u00e9nom\u00e8ne appel\u00e9 stress hydrique, explique Beno\u00eet Derevier, conseiller en gestion des arbres en ville. \u00ab\u00a0C&rsquo;est un ph\u00e9nom\u00e8ne plut\u00f4t atypique pour la p\u00e9riode et le moment. Quand il fait tr\u00e8s tr\u00e8s chaud, les arbres ferment leur estomac, donc des parties sur les feuilles qui leur permettent de diminuer l&rsquo;\u00e9vaporation d&rsquo;eau. Donc c&rsquo;est un ph\u00e9nom\u00e8ne de protection\u00a0\u00bb, explique cet expert.<\/p>\n<p>    La suite apr\u00e8s cette publicit\u00e9<\/p>\n<p>    La suite apr\u00e8s cette publicit\u00e9<\/p>\n<p>Des effets \u00e0 long terme<\/p>\n<p>\u00ab\u00a0Les arbres ralentissent leur photosynth\u00e8se pour \u00e9viter d&rsquo;\u00e9vaporer trop d&rsquo;eau. La cons\u00e9quence, c&rsquo;est que du coup, les feuilles ne sont plus refroidies par la photosynth\u00e8se. Et du coup, tr\u00e8s vite, elles surchauffent, elles br\u00fblent, donc elles vont tomber\u00a0\u00bb, selon Beno\u00eet Derevier.<\/p>\n<p>En cas de s\u00e9cheresse r\u00e9p\u00e9t\u00e9e, cela pourrait avoir des effets \u00e0 long terme sur les arbres. Certaines esp\u00e8ces pourraient m\u00eame ne plus survivre dans le sud-ouest face aux conditions climatiques.<\/p>\n","protected":false},"excerpt":{"rendered":"La canicule engendre une situation assez in\u00e9dite dans le sud de la France. Les arbres sont oranges et&hellip;\n","protected":false},"author":2,"featured_media":340391,"comment_status":"","ping_status":"","sticky":false,"template":"","format":"standard","meta":{"footnotes":""},"categories":[2816],"tags":[1111,11,1777,674,1011,27,12,2680,25,2312],"class_list":{"0":"post-340390","1":"post","2":"type-post","3":"status-publish","4":"format-standard","5":"has-post-thumbnail","7":"category-toulouse","8":"tag-actu","9":"tag-actualites","10":"tag-eu","11":"tag-europe","12":"tag-fr","13":"tag-france","14":"tag-news","15":"tag-occitanie","16":"tag-republique-francaise","17":"tag-toulouse"},"share_on_mastodon":{"url":"https:\/\/pubeurope.com\/@fr\/115083207148726649","error":""},"_links":{"self":[{"href":"https:\/\/www.europesays.com\/fr\/wp-json\/wp\/v2\/posts\/340390","targetHints":{"allow":["GET"]}}],"collection":[{"href":"https:\/\/www.europesays.com\/fr\/wp-json\/wp\/v2\/posts"}],"about":[{"href":"https:\/\/www.europesays.com\/fr\/wp-json\/wp\/v2\/types\/post"}],"author":[{"embeddable":true,"href":"https:\/\/www.europesays.com\/fr\/wp-json\/wp\/v2\/users\/2"}],"replies":[{"embeddable":true,"href":"https:\/\/www.europesays.com\/fr\/wp-json\/wp\/v2\/comments?post=340390"}],"version-history":[{"count":0,"href":"https:\/\/www.europesays.com\/fr\/wp-json\/wp\/v2\/posts\/340390\/revisions"}],"wp:featuredmedia":[{"embeddable":true,"href":"https:\/\/www.europesays.com\/fr\/wp-json\/wp\/v2\/media\/340391"}],"wp:attachment":[{"href":"https:\/\/www.europesays.com\/fr\/wp-json\/wp\/v2\/media?parent=340390"}],"wp:term":[{"taxonomy":"category","embeddable":true,"href":"https:\/\/www.europesays.com\/fr\/wp-json\/wp\/v2\/categories?post=340390"},{"taxonomy":"post_tag","embeddable":true,"href":"https:\/\/www.europesays.com\/fr\/wp-json\/wp\/v2\/tags?post=340390"}],"curies":[{"name":"wp","href":"https:\/\/api.w.org\/{rel}","templated":true}]}}