{"id":340393,"date":"2025-08-24T10:15:27","date_gmt":"2025-08-24T10:15:27","guid":{"rendered":"https:\/\/www.europesays.com\/fr\/340393\/"},"modified":"2025-08-24T10:15:27","modified_gmt":"2025-08-24T10:15:27","slug":"au-debut-du-xxe-siecle-gaby-deslys-portrait-dune-etoile-du-music-hall-a-la-conquete-du-monde","status":"publish","type":"post","link":"https:\/\/www.europesays.com\/fr\/340393\/","title":{"rendered":"Au d\u00e9but du XXe\u00a0si\u00e8cle, Gaby Deslys, portrait d\u2019une \u00e9toile du music-hall \u00e0 la conqu\u00eate du monde"},"content":{"rendered":"<p>Ses danses ont marqu\u00e9 la sc\u00e8ne artistique internationale, entre audace du jazz, impertinence du strip-tease et \u00e9l\u00e9gance du music-hall. Dans le quartier de Saint Charles (1er), Gaby Deslys, de son vrai nom Marie-\u00c9lise Gabrielle Claire, grandit dans une famille bourgeoise. D\u00e8s son plus jeune \u00e2ge, la jeune marseillaise gagne des prix de solf\u00e8ge et de chant puis, \u00e0 19\u00a0ans, quitte sa ville natale, accompagn\u00e9e du journaliste Jean Samat, pour tenter sa chance \u00e0 Paris. Elle d\u00e9bute dans les caf\u00e9s-concerts parisiens comme Le Parisiana ou L\u2019Olympia. <a href=\"https:\/\/www.laprovence.com\/article\/france-monde\/41697491857597\/a-paris-les-ailes-du-moulin-rouge-vont-tourner-de-nouveau\" target=\"_blank\" rel=\"noopener\">Puis, le Moulin-Rouge, c\u00e9l\u00e8bre cabaret r\u00e9put\u00e9 pour son French Cancan, <\/a>l\u2019accueille. \u00ab\u00a0C\u2019\u00e9tait l\u2019essor de la revue, ce style artistique qui combine sayn\u00e8tes inspir\u00e9es du <a href=\"https:\/\/www.laprovence.com\/article\/sortie-loisirs\/29970721717690\/le-manege-du-cirque-zavatta-installe-sans-autorisation-a-avignon-deplait-fortement-a-la-ville\" target=\"_blank\" rel=\"noopener\">cirque <\/a>et music-hall. \u00c0 l\u2019\u00e9poque, c\u2019est une r\u00e9volution. Elle catalyse les arts et invente un nouveau langage sc\u00e9nique\u00a0\u00bb, retrace Jean-Christophe Born, chanteur lyrique et acad\u00e9micien.<\/p>\n<p>Gaby Deslys, une Madonna du d\u00e9but du XXe\u00a0si\u00e8cle<\/p>\n<p>Sur les conseils de l\u2019actrice Marie-Th\u00e9r\u00e8se Kolb, elle se renomme Gaby Deslys. \u00ab\u00a0Son nom est une marque. Tout le monde ne parlait que d\u2019elle. Elle connaissait le sens de la publicit\u00e9 et le pouvoir des m\u00e9dias. Sulfureuse, Gaby Deslys savait comment faire parler&#8230;<\/p>\n","protected":false},"excerpt":{"rendered":"Ses danses ont marqu\u00e9 la sc\u00e8ne artistique internationale, entre audace du jazz, impertinence du strip-tease et \u00e9l\u00e9gance du&hellip;\n","protected":false},"author":2,"featured_media":340394,"comment_status":"","ping_status":"","sticky":false,"template":"","format":"standard","meta":{"footnotes":""},"categories":[2814],"tags":[17,1111,11,1869,47661,4440,14723,1777,674,1011,27,47660,884,12,9026,882,16,25,47659],"class_list":{"0":"post-340393","1":"post","2":"type-post","3":"status-publish","4":"format-standard","5":"has-post-thumbnail","7":"category-marseille","8":"tag-17","9":"tag-actu","10":"tag-actualites","11":"tag-debut","12":"tag-deslys","13":"tag-dune","14":"tag-etoile","15":"tag-eu","16":"tag-europe","17":"tag-fr","18":"tag-france","19":"tag-gaby","20":"tag-marseille","21":"tag-news","22":"tag-portrait","23":"tag-provence-alpes-cote-dazur","24":"tag-region","25":"tag-republique-francaise","26":"tag-xxe-siecle"},"share_on_mastodon":{"url":"https:\/\/pubeurope.com\/@fr\/115083226871249765","error":""},"_links":{"self":[{"href":"https:\/\/www.europesays.com\/fr\/wp-json\/wp\/v2\/posts\/340393","targetHints":{"allow":["GET"]}}],"collection":[{"href":"https:\/\/www.europesays.com\/fr\/wp-json\/wp\/v2\/posts"}],"about":[{"href":"https:\/\/www.europesays.com\/fr\/wp-json\/wp\/v2\/types\/post"}],"author":[{"embeddable":true,"href":"https:\/\/www.europesays.com\/fr\/wp-json\/wp\/v2\/users\/2"}],"replies":[{"embeddable":true,"href":"https:\/\/www.europesays.com\/fr\/wp-json\/wp\/v2\/comments?post=340393"}],"version-history":[{"count":0,"href":"https:\/\/www.europesays.com\/fr\/wp-json\/wp\/v2\/posts\/340393\/revisions"}],"wp:featuredmedia":[{"embeddable":true,"href":"https:\/\/www.europesays.com\/fr\/wp-json\/wp\/v2\/media\/340394"}],"wp:attachment":[{"href":"https:\/\/www.europesays.com\/fr\/wp-json\/wp\/v2\/media?parent=340393"}],"wp:term":[{"taxonomy":"category","embeddable":true,"href":"https:\/\/www.europesays.com\/fr\/wp-json\/wp\/v2\/categories?post=340393"},{"taxonomy":"post_tag","embeddable":true,"href":"https:\/\/www.europesays.com\/fr\/wp-json\/wp\/v2\/tags?post=340393"}],"curies":[{"name":"wp","href":"https:\/\/api.w.org\/{rel}","templated":true}]}}