{"id":340395,"date":"2025-08-24T10:17:15","date_gmt":"2025-08-24T10:17:15","guid":{"rendered":"https:\/\/www.europesays.com\/fr\/340395\/"},"modified":"2025-08-24T10:17:15","modified_gmt":"2025-08-24T10:17:15","slug":"si-tu-le-reintegres-le-club-passe-pour-une-trompette-de-zerbi-tend-la-main-a-adrien-rabiot-a-marseille-ce-qui-ne-plait-pas-a-tout-le-monde","status":"publish","type":"post","link":"https:\/\/www.europesays.com\/fr\/340395\/","title":{"rendered":"\u00ab\u00a0Si tu le r\u00e9int\u00e8gres, le club passe pour une trompette\u00a0\u00bb\u00a0: De Zerbi tend la main \u00e0 Adrien Rabiot \u00e0 Marseille, ce qui ne pla\u00eet pas \u00e0 tout le monde"},"content":{"rendered":"<p class=\"ap-StoryElement ap-StoryElement--mb ap-StoryText\">Une information confirm\u00e9e par l&rsquo;\u00e9tat-major du club olympien. Conscient de la valeur sportive de l&rsquo;un de ses \u00e9l\u00e9ments cl\u00e9s, RDZ a voulu tendre la main \u00e0 son joueur. \u00ab\u00a0Je n&rsquo;en ai encore parl\u00e9 ni avec <a href=\"https:\/\/www.dhnet.be\/sports\/football\/europe\/championnatsetrangers\/2025\/08\/20\/pablo-longoria-revient-sur-la-bagarre-entre-rabiot-et-rowe-apres-rennes-marseille-un-evenement-dune-violence-extreme-quelque-chose-dinoui-O373Q5GTFFFP5BRMBOPHOBXLUU\/\" target=\"_self\" rel=\"noopener\">Pablo Longoria<\/a>, ni avec Medhi Benatia. Mais m\u00eame s&rsquo;il a fait une erreur, j&rsquo;esp\u00e8re, et pas seulement pour la valeur du joueur, mais aussi pour celle de la personne, qu&rsquo;il y a les conditions pour r\u00e9parer les choses\u00a0\u00bb, a-t-il dit en conf\u00e9rence de presse. \u00ab\u00a0La volont\u00e9 de r\u00e9parer doit \u00eatre celle de tous. Il faut \u00e9valuer beaucoup de choses au plan humain. Mais je suis une bonne personne, et Adrien aussi. Il faut parfois faire un pas en arri\u00e8re avec intelligence et humilit\u00e9.\u00a0\u00bb<\/p>\n<p><a href=\"https:\/\/www.dhnet.be\/sports\/football\/europe\/championnatsetrangers\/2025\/08\/21\/veronique-rabiot-revient-sur-la-bagarre-entre-son-fils-et-jonathan-rowe-apres-rennes-marseille-quest-ce-que-ca-veut-dire-violence-inouie-OJOR7XAKGBALNH3DZST6AG5C5E\/\" target=\"_blank\" rel=\"noopener noreferrer\" class=\"ap-StoryInterstitialLink ap-StoryElement ap-StoryElement--mb\">V\u00e9ronique Rabiot revient sur la bagarre entre son fils et Jonathan Rowe apr\u00e8s Rennes-Marseille : \u00ab\u00a0Qu&rsquo;est-ce que \u00e7a veut dire, &lsquo;violence inou\u00efe&rsquo; ?\u00a0\u00bb<\/a><\/p>\n<p class=\"ap-StoryElement ap-StoryElement--mb ap-StoryText\">Le clan Rabiot, avec la maman comme agente, n&rsquo;avait pas mani\u00e9 la langue de bois au moment d&rsquo;\u00e9voquer la situation de son fils. Une issue favorable est-elle possible\u00a0? Du c\u00f4t\u00e9 des joueurs, on est aussi ouvert \u00e0 cette possibilit\u00e9. \u00ab\u00a0Adri, c&rsquo;est une personne que j&rsquo;aime \u00e9norm\u00e9ment et c&rsquo;est vrai qu&rsquo;il nous a beaucoup aid\u00e9s la saison derni\u00e8re. On ne sait pas de quoi est fait l&rsquo;avenir. Ce sera une d\u00e9cision du coach et des dirigeants\u00a0\u00bb, a ainsi d\u00e9clar\u00e9 le jeune Bilal Nadir, l&rsquo;un des principaux protagonistes de la victoire marseillaise samedi.<\/p>\n<p>\u00ab\u00a0Si tu le r\u00e9int\u00e8gres, tu passes pour une trompette\u00a0\u00bb<\/p>\n<p class=\"ap-StoryElement ap-StoryElement--mb ap-StoryText\">Dans la presse, ce manque de coh\u00e9rence entre l&rsquo;entra\u00eeneur et les dirigeants de l&rsquo;OM interroge. \u00c0 commencer par Walid Acherchour, consultant pour RMC Sport. \u00ab\u00a0Les dirigeants t&rsquo;ont dit l&rsquo;institution, c&rsquo;est comme \u00e7a&rsquo;. Entre-temps, Roberto De Zerbi se d\u00e9savoue de \u00e7a apr\u00e8s une victoire 5-2 (contre le Paris FC ce samedi). Si tu r\u00e9int\u00e8gres Rabiot, tu passes pour une trompette par rapport aux discours tenus pendant toute la semaine. En revanche, si tu ne le r\u00e9int\u00e8gres pas tu te mets en danger. Ton coach se met en porte-\u00e0-faux.\u00a0\u00bb<\/p>\n<p><a href=\"https:\/\/www.dhnet.be\/sports\/football\/europe\/championnatsetrangers\/2025\/08\/22\/je-voudrais-parler-de-son-entourage-roberto-de-zerbi-charge-la-mere-dadrien-rabiot-apres-la-pagaille-marseillaise-M5NDLDHBMVCIVMLSNMTOZEW47Y\/\" target=\"_blank\" rel=\"noopener noreferrer\" class=\"ap-StoryInterstitialLink ap-StoryElement ap-StoryElement--mb\">\u00ab\u00a0Je voudrais parler de son entourage\u00a0\u00bb : Roberto De Zerbi charge la m\u00e8re d&rsquo;Adrien Rabiot apr\u00e8s la pagaille marseillaise<\/a><\/p>\n<p class=\"ap-StoryElement ap-StoryElement--mb ap-StoryText\">Avant de compl\u00e9ter\u00a0: \u00ab\u00a0Tu risques de te brouiller avec ton coach (les dirigeants). Je ne sais pas quels sont les motifs du retournement de veste par rapport \u00e0 hier (vendredi). Peut-\u00eatre qu&rsquo;il a vu les 70 premi\u00e8res minutes de son milieu de terrain, peut-\u00eatre qu&rsquo;il se dit qu&rsquo;il ne trouvera pas de meilleur joueur.\u00a0\u00bb<\/p>\n<p class=\"ap-StoryElement ap-StoryElement--mb ap-StoryText\">Sportivement, difficile effectivement de trouver meilleur que Rabiot sur le march\u00e9. En terme d&rsquo;images par contre, Marseille a encore d\u00e9montr\u00e9 qu&rsquo;il n&rsquo;\u00e9tait pas un club comme un autre. Pour le meilleur ou pour le pire.<\/p>\n","protected":false},"excerpt":{"rendered":"Une information confirm\u00e9e par l&rsquo;\u00e9tat-major du club olympien. Conscient de la valeur sportive de l&rsquo;un de ses \u00e9l\u00e9ments&hellip;\n","protected":false},"author":2,"featured_media":340396,"comment_status":"","ping_status":"","sticky":false,"template":"","format":"standard","meta":{"footnotes":""},"categories":[2814],"tags":[1111,11,1777,674,16686,1011,27,1227,884,12,882,25],"class_list":{"0":"post-340395","1":"post","2":"type-post","3":"status-publish","4":"format-standard","5":"has-post-thumbnail","7":"category-marseille","8":"tag-actu","9":"tag-actualites","10":"tag-eu","11":"tag-europe","12":"tag-fbl","13":"tag-fr","14":"tag-france","15":"tag-horizontal","16":"tag-marseille","17":"tag-news","18":"tag-provence-alpes-cote-dazur","19":"tag-republique-francaise"},"share_on_mastodon":{"url":"","error":""},"_links":{"self":[{"href":"https:\/\/www.europesays.com\/fr\/wp-json\/wp\/v2\/posts\/340395","targetHints":{"allow":["GET"]}}],"collection":[{"href":"https:\/\/www.europesays.com\/fr\/wp-json\/wp\/v2\/posts"}],"about":[{"href":"https:\/\/www.europesays.com\/fr\/wp-json\/wp\/v2\/types\/post"}],"author":[{"embeddable":true,"href":"https:\/\/www.europesays.com\/fr\/wp-json\/wp\/v2\/users\/2"}],"replies":[{"embeddable":true,"href":"https:\/\/www.europesays.com\/fr\/wp-json\/wp\/v2\/comments?post=340395"}],"version-history":[{"count":0,"href":"https:\/\/www.europesays.com\/fr\/wp-json\/wp\/v2\/posts\/340395\/revisions"}],"wp:featuredmedia":[{"embeddable":true,"href":"https:\/\/www.europesays.com\/fr\/wp-json\/wp\/v2\/media\/340396"}],"wp:attachment":[{"href":"https:\/\/www.europesays.com\/fr\/wp-json\/wp\/v2\/media?parent=340395"}],"wp:term":[{"taxonomy":"category","embeddable":true,"href":"https:\/\/www.europesays.com\/fr\/wp-json\/wp\/v2\/categories?post=340395"},{"taxonomy":"post_tag","embeddable":true,"href":"https:\/\/www.europesays.com\/fr\/wp-json\/wp\/v2\/tags?post=340395"}],"curies":[{"name":"wp","href":"https:\/\/api.w.org\/{rel}","templated":true}]}}