{"id":340399,"date":"2025-08-24T10:19:19","date_gmt":"2025-08-24T10:19:19","guid":{"rendered":"https:\/\/www.europesays.com\/fr\/340399\/"},"modified":"2025-08-24T10:19:19","modified_gmt":"2025-08-24T10:19:19","slug":"pres-de-lyon-le-realisateur-michel-hazanavicius-attendu-a-la-maison-dizieu","status":"publish","type":"post","link":"https:\/\/www.europesays.com\/fr\/340399\/","title":{"rendered":"Pr\u00e8s de Lyon, le r\u00e9alisateur Michel Hazanavicius attendu \u00e0 la Maison d\u2019Izieu"},"content":{"rendered":"<p>                            <img loading=\"lazy\" width=\"1200\" height=\"900\" class=\"attachment-article size-article wp-post-image lazyload\" alt=\"Michel Hazanavicius\" decoding=\"async\" src=\"https:\/\/www.europesays.com\/fr\/wp-content\/uploads\/2025\/08\/494430-ez-Michel-Hazanavicius-e1756022547815-1200x900.jpg\" data-eio-rwidth=\"1200\" data-eio-rheight=\"900\"\/><\/p>\n<p>Michel Hazanavicius \u00a9 Roger Arpajou<\/p>\n<p class=\"content\" style=\"font-size:1.2em;font-weight:700\">Le r\u00e9alisateur Michel Hazanavicius, ainsi que le producteur Patrick Sobelman, participeront \u00e0 la projection du film La Plus pr\u00e9cieuse des marchandises \u00e0 la Maison d\u2019Izieu (Ain) le 27 ao\u00fbt prochain.<\/p>\n<p>Le r\u00e9alisateur Michel Hazanavicius, est attendu le 27 ao\u00fbt prochain \u00e0 la Maison d\u2019Izieu, pr\u00e8s de Lyon, pour pr\u00e9senter son film La Plus pr\u00e9cieuse des marchandises. Il sera accompagn\u00e9 par le producteur Patrick Sobelman. \u00c0 l\u2019issue de la projection, le r\u00e9alisateur et le producteur r\u00e9pondront aux questions du public.<\/p>\n<p>\u00c0 l\u2019image du film et de l\u2019intention de son r\u00e9alisateur, la Maison d\u2019Izieu \u00ab\u00a0met en lumi\u00e8re le d\u00e9vouement du couple Zlatin et de leurs amis, ainsi que les solidarit\u00e9s locales. Elle fait revivre les moments de joie des enfants qui riaient, s\u2019amusaient et chantaient \u00e0 la Colonie. Elle rappelle aussi que soixante enfants ont \u00e9t\u00e9 sauv\u00e9s gr\u00e2ce \u00e0 leur passage \u00e0 Izieu. Elle n\u2019insiste pas davantage sur l\u2019horreur v\u00e9cue par les enfants et les adultes rafl\u00e9s le 6 avril 1944.\u00a0\u00bb<\/p>\n<p>Quant au film, ce dernier raconte l\u2019histoire d\u2019un couple de b\u00fbcherons \u00e0 la vie particuli\u00e8rement difficile. Un jour, ils recueillent un b\u00e9b\u00e9. \u00ab\u00a0Un b\u00e9b\u00e9 jet\u00e9 d\u2019un des nombreux trains qui traversent sans cesse leur bois. Prot\u00e9g\u00e9 quoi qu\u2019il en co\u00fbte, ce b\u00e9b\u00e9, cette petite marchandise va bouleverser la vie de cette femme, de son mari et de tous ceux qui vont croiser son destin, jusqu\u2019\u00e0 l\u2019homme qui l\u2019a jet\u00e9 du train. Leur histoire va r\u00e9v\u00e9ler le pire comme le meilleur du c\u0153ur des hommes.\u00a0\u00bb<\/p>\n<p><strong>Lire aussi :<\/strong> <a href=\"https:\/\/www.lyoncapitale.fr\/actualite\/ain-78-ans-apres-la-tragedie-la-maison-d-izieu-lance-un-financement-participatif-pour-un-beau-projet\" target=\"_blank\" rel=\"noreferrer noopener nofollow\">Ain : 78 ans apr\u00e8s la trag\u00e9die, la maison d&rsquo;Izieu lance un financement participatif pour un beau projet<\/a><\/p>\n","protected":false},"excerpt":{"rendered":"Michel Hazanavicius \u00a9 Roger Arpajou Le r\u00e9alisateur Michel Hazanavicius, ainsi que le producteur Patrick Sobelman, participeront \u00e0 la&hellip;\n","protected":false},"author":2,"featured_media":340400,"comment_status":"","ping_status":"","sticky":false,"template":"","format":"standard","meta":{"footnotes":""},"categories":[1889],"tags":[1111,11,2430,1777,674,1011,27,2428,12,25],"class_list":{"0":"post-340399","1":"post","2":"type-post","3":"status-publish","4":"format-standard","5":"has-post-thumbnail","7":"category-lyon","8":"tag-actu","9":"tag-actualites","10":"tag-auvergne-rhone-alpes","11":"tag-eu","12":"tag-europe","13":"tag-fr","14":"tag-france","15":"tag-lyon","16":"tag-news","17":"tag-republique-francaise"},"share_on_mastodon":{"url":"https:\/\/pubeurope.com\/@fr\/115083238932367616","error":""},"_links":{"self":[{"href":"https:\/\/www.europesays.com\/fr\/wp-json\/wp\/v2\/posts\/340399","targetHints":{"allow":["GET"]}}],"collection":[{"href":"https:\/\/www.europesays.com\/fr\/wp-json\/wp\/v2\/posts"}],"about":[{"href":"https:\/\/www.europesays.com\/fr\/wp-json\/wp\/v2\/types\/post"}],"author":[{"embeddable":true,"href":"https:\/\/www.europesays.com\/fr\/wp-json\/wp\/v2\/users\/2"}],"replies":[{"embeddable":true,"href":"https:\/\/www.europesays.com\/fr\/wp-json\/wp\/v2\/comments?post=340399"}],"version-history":[{"count":0,"href":"https:\/\/www.europesays.com\/fr\/wp-json\/wp\/v2\/posts\/340399\/revisions"}],"wp:featuredmedia":[{"embeddable":true,"href":"https:\/\/www.europesays.com\/fr\/wp-json\/wp\/v2\/media\/340400"}],"wp:attachment":[{"href":"https:\/\/www.europesays.com\/fr\/wp-json\/wp\/v2\/media?parent=340399"}],"wp:term":[{"taxonomy":"category","embeddable":true,"href":"https:\/\/www.europesays.com\/fr\/wp-json\/wp\/v2\/categories?post=340399"},{"taxonomy":"post_tag","embeddable":true,"href":"https:\/\/www.europesays.com\/fr\/wp-json\/wp\/v2\/tags?post=340399"}],"curies":[{"name":"wp","href":"https:\/\/api.w.org\/{rel}","templated":true}]}}