{"id":340405,"date":"2025-08-24T10:23:22","date_gmt":"2025-08-24T10:23:22","guid":{"rendered":"https:\/\/www.europesays.com\/fr\/340405\/"},"modified":"2025-08-24T10:23:22","modified_gmt":"2025-08-24T10:23:22","slug":"rachida-dati-a-pris-sa-decision-definitive-sur-sa-candidature-a-la-legislative-partielle-a-paris-2","status":"publish","type":"post","link":"https:\/\/www.europesays.com\/fr\/340405\/","title":{"rendered":"Rachida Dati a pris sa d\u00e9cision d\u00e9finitive sur sa candidature \u00e0 la l\u00e9gislative partielle \u00e0 Paris"},"content":{"rendered":"<p><img decoding=\"async\" class=\"caas-img has-preview\" alt=\"Rachida Dati, ici en juillet 2025, a pris sa d\u00e9cision d\u00e9finitive sur sa candidature \u00e0 la l\u00e9gislative partielle \u00e0 Paris\" bad-src=\"https:\/\/www.europesays.com\/fr\/wp-content\/uploads\/2025\/08\/c3a3f982b4c31cd79281b2a86d6232e9.jpeg\" src=\"https:\/\/www.europesays.com\/fr\/wp-content\/uploads\/2025\/08\/c3a3f982b4c31cd79281b2a86d6232e9.jpeg\"\/><\/p>\n<p>MAGALI COHEN \/ Hans Lucas via AFP Rachida Dati, ici en juillet 2025, a pris sa d\u00e9cision d\u00e9finitive sur sa candidature \u00e0 la l\u00e9gislative partielle \u00e0 Paris<\/p>\n<p>POLITIQUE &#8211; Sa d\u00e9cision est prise. La ministre de la Culture <a data-i13n=\"cpos:1;pos:1\" href=\"https:\/\/fr.news.yahoo.com\/rachida-dati-l-ex-patron-135936695.html\" data-ylk=\"slk:Rachida Dati;cpos:1;pos:1;elm:context_link;itc:0;sec:content-canvas;outcm:mb_qualified_link;_E:mb_qualified_link;ct:story;\" class=\"link  yahoo-link\" target=\"_blank\" rel=\"noopener\">Rachida Dati<\/a>, qui vise la mairie de Paris en 2026, a annonc\u00e9 ce samedi 23 ao\u00fbt le maintien de sa candidature \u00e0 la <a data-i13n=\"cpos:2;pos:1\" href=\"https:\/\/fr.news.yahoo.com\/face-%C3%A0-rachida-dati-michel-072719343.html\" data-ylk=\"slk:l\u00e9gislative partielle dans la 2e circonscription;cpos:2;pos:1;elm:context_link;itc:0;sec:content-canvas;outcm:mb_qualified_link;_E:mb_qualified_link;ct:story;\" class=\"link  yahoo-link\" target=\"_blank\" rel=\"noopener\">l\u00e9gislative partielle dans la 2e circonscription<\/a> de Paris face \u00e0 l\u2019ex-Premier ministre <a data-i13n=\"cpos:3;pos:1\" href=\"https:\/\/fr.news.yahoo.com\/nouvelle-tentative-barnier-%C3%A9viter-duel-065625512.html\" data-ylk=\"slk:Michel Barnier;cpos:3;pos:1;elm:context_link;itc:0;sec:content-canvas;outcm:mb_qualified_link;_E:mb_qualified_link;ct:story;\" class=\"link  yahoo-link\" target=\"_blank\" rel=\"noopener\">Michel Barnier<\/a>, pourtant investi par son parti Les R\u00e9publicains.<\/p>\n<p>\u00ab L\u2019\u00e9lection l\u00e9gislative qui aura lieu dans ma circonscription des 5e, 6e et 7e arrondissements sera la premi\u00e8re \u00e9tape du rassemblement et de la dynamique de victoire \u00e0 Paris (&#8230;) J\u2019invite les forces politiques de la droite et du centre \u00e0 prendre leurs responsabilit\u00e9s. D\u00e8s \u00e0 pr\u00e9sent, j\u2019assumerai les miennes et je le ferai jusqu\u2019au bout \u00bb, a-t-elle d\u00e9clar\u00e9 dans un entretien \u00e0 La Tribune Dimanche, malgr\u00e9 les poursuites judiciaires qui p\u00e8sent sur elle.<\/p>\n<p><a data-i13n=\"cpos:4;pos:1\" href=\"https:\/\/fr.news.yahoo.com\/barnier-investi-lr-dati-dissidente-165845025.html\" data-ylk=\"slk:Barnier investi par LR, Dati dissidente : cette l\u00e9gislative partielle \u00e0 Paris tourne bien au psychodrame \u00e0 droite;cpos:4;pos:1;elm:context_link;itc:0;sec:content-canvas;outcm:mb_qualified_link;_E:mb_qualified_link;ct:story;\" class=\"link  yahoo-link\" target=\"_blank\" rel=\"noopener\"> Barnier investi par LR, Dati dissidente : cette l\u00e9gislative partielle \u00e0 Paris tourne bien au psychodrame \u00e0 droite <\/a><\/p>\n<p>La maire LR du 7e arrondissement n\u2019a pas appr\u00e9ci\u00e9 la candidature de Michel Barnier, qu\u2019elle estime \u00ab instrumentalis\u00e9 \u00bb, dans cette circonscription o\u00f9 l\u2019\u00e9lection du d\u00e9put\u00e9 macroniste Jean Laussucq a \u00e9t\u00e9 invalid\u00e9e par le Conseil constitutionnel pour irr\u00e9gularit\u00e9s dans ses comptes de campagne. L\u2019\u00e9lection doit se tenir les 21 et 28 septembre.<\/p>\n<p>Fin juillet, la pr\u00e9sidente de la f\u00e9d\u00e9ration LR de Paris Agn\u00e8s Evren esp\u00e9rait encore trouver un accord \u00ab d\u2019ici la rentr\u00e9e \u00bb avec Rachida Dati afin d\u2019\u00e9viter une guerre fratricide.<\/p>\n<p>Dati veut \u00ab unir toutes les forces de la droite et du centre \u00bb<\/p>\n<p>C\u2019\u00e9tait sans compter la volont\u00e9 d\u2019en d\u00e9coudre de Rachida Dati. \u00ab Je me pr\u00e9sente aux suffrages des Parisiens pour un seul objectif : gagner Paris et rendre aux Parisiens la ville qu\u2019ils m\u00e9ritent \u00bb, d\u00e9clare-t-elle \u00e0 l\u2019hebdomadaire, estimant que Paris \u00ab vit une crise sans pr\u00e9c\u00e9dent \u00bb.<\/p>\n<p>\u00ab Aujourd\u2019hui, nous avons l\u2019opportunit\u00e9 historique de tourner cette page. Nous avons un projet solide, des \u00e9lus implant\u00e9s dans tous les arrondissements et l\u2019\u00e9nergie pour transformer notre capitale \u00bb, ajoute-t-elle, appelant \u00e0 \u00ab unir toutes les forces de la droite et du centre autour d\u2019un projet commun \u00bb.<\/p>\n<p>Exclue des R\u00e9publicains en 2024 apr\u00e8s avoir \u00e9t\u00e9 recrut\u00e9e en janvier 2024 par Gabriel Attal pour entrer dans son gouvernement comme ministre de la Culture, Rachida Dati a repris sa carte chez LR. De son c\u00f4t\u00e9, Michel Barnier a martel\u00e9 d\u00e9but ao\u00fbt ne pas \u00eatre \u00ab candidat \u00e0 autre chose qu\u2019\u00e0 la d\u00e9putation \u00bb.<\/p>\n<p>\u00c0 cet agenda \u00e9lectoral, Rachida Dati, 59 ans, doit faire correspondre son agenda judiciaire : elle a \u00e9t\u00e9 renvoy\u00e9e le 22 juillet en proc\u00e8s pour corruption et trafic d\u2019influence, soup\u00e7onn\u00e9e d\u2019avoir per\u00e7u 900 000 euros entre 2010 et 2012 pour des prestations de conseil avec une filiale de l\u2019alliance Renault-Nissan, mais sans avoir r\u00e9ellement travaill\u00e9, alors qu\u2019elle \u00e9tait avocate et d\u00e9put\u00e9e europ\u00e9enne. Elle a fait appel de la d\u00e9cision. La date pr\u00e9cise du proc\u00e8s devrait \u00eatre fix\u00e9e lors d\u2019une premi\u00e8re audience pr\u00e9vue le 29 septembre.<\/p>\n<p><a data-i13n=\"cpos:5;pos:1\" href=\"https:\/\/fr.news.yahoo.com\/bloquer-10-septembre-partis-politiques-142337959.html\" data-ylk=\"slk:\u00ab Tout bloquer \u00bb le 10 septembre : comme les partis politiques, les syndicats dans le flou face au mouvement;cpos:5;pos:1;elm:context_link;itc:0;sec:content-canvas;outcm:mb_qualified_link;_E:mb_qualified_link;ct:story;\" class=\"link  yahoo-link\" target=\"_blank\" rel=\"noopener\"> \u00ab Tout bloquer \u00bb le 10 septembre : comme les partis politiques, les syndicats dans le flou face au mouvement <\/a><\/p>\n<p><a data-i13n=\"cpos:6;pos:1\" href=\"https:\/\/fr.news.yahoo.com\/fran%C3%A7ois-bayrou-youtube-loi-duplomb-051517398.html\" data-ylk=\"slk:Fran\u00e7ois Bayrou sur YouTube, loi Duplomb\u2026 Les 5 infos politiques de l\u2019\u00e9t\u00e9 \u00e0 rattraper si vous n\u2019avez rien suivi;cpos:6;pos:1;elm:context_link;itc:0;sec:content-canvas;outcm:mb_qualified_link;_E:mb_qualified_link;ct:story;\" class=\"link  yahoo-link\" target=\"_blank\" rel=\"noopener\"> Fran\u00e7ois Bayrou sur YouTube, loi Duplomb\u2026 Les 5 infos politiques de l\u2019\u00e9t\u00e9 \u00e0 rattraper si vous n\u2019avez rien suivi <\/a><\/p>\n","protected":false},"excerpt":{"rendered":"MAGALI COHEN \/ Hans Lucas via AFP Rachida Dati, ici en juillet 2025, a pris sa d\u00e9cision d\u00e9finitive&hellip;\n","protected":false},"author":2,"featured_media":252589,"comment_status":"","ping_status":"","sticky":false,"template":"","format":"standard","meta":{"footnotes":""},"categories":[1888],"tags":[1111,1928,11,1927,1777,674,1011,27,39207,3228,2381,27636,2616,12,1926,626,1925,417,25],"class_list":{"0":"post-340405","1":"post","2":"type-post","3":"status-publish","4":"format-standard","5":"has-post-thumbnail","7":"category-paris","8":"tag-actu","9":"tag-actu-paris","10":"tag-actualites","11":"tag-actualites-paris","12":"tag-eu","13":"tag-europe","14":"tag-fr","15":"tag-france","16":"tag-legislative-partielle","17":"tag-lr","18":"tag-mairie-de-paris","19":"tag-michel-barnier","20":"tag-ministre-de-la-culture","21":"tag-news","22":"tag-news-paris","23":"tag-paris","24":"tag-paris-news","25":"tag-rachida-dati","26":"tag-republique-francaise"},"share_on_mastodon":{"url":"https:\/\/pubeurope.com\/@fr\/115083254468676116","error":""},"_links":{"self":[{"href":"https:\/\/www.europesays.com\/fr\/wp-json\/wp\/v2\/posts\/340405","targetHints":{"allow":["GET"]}}],"collection":[{"href":"https:\/\/www.europesays.com\/fr\/wp-json\/wp\/v2\/posts"}],"about":[{"href":"https:\/\/www.europesays.com\/fr\/wp-json\/wp\/v2\/types\/post"}],"author":[{"embeddable":true,"href":"https:\/\/www.europesays.com\/fr\/wp-json\/wp\/v2\/users\/2"}],"replies":[{"embeddable":true,"href":"https:\/\/www.europesays.com\/fr\/wp-json\/wp\/v2\/comments?post=340405"}],"version-history":[{"count":0,"href":"https:\/\/www.europesays.com\/fr\/wp-json\/wp\/v2\/posts\/340405\/revisions"}],"wp:featuredmedia":[{"embeddable":true,"href":"https:\/\/www.europesays.com\/fr\/wp-json\/wp\/v2\/media\/252589"}],"wp:attachment":[{"href":"https:\/\/www.europesays.com\/fr\/wp-json\/wp\/v2\/media?parent=340405"}],"wp:term":[{"taxonomy":"category","embeddable":true,"href":"https:\/\/www.europesays.com\/fr\/wp-json\/wp\/v2\/categories?post=340405"},{"taxonomy":"post_tag","embeddable":true,"href":"https:\/\/www.europesays.com\/fr\/wp-json\/wp\/v2\/tags?post=340405"}],"curies":[{"name":"wp","href":"https:\/\/api.w.org\/{rel}","templated":true}]}}