{"id":340408,"date":"2025-08-24T10:25:13","date_gmt":"2025-08-24T10:25:13","guid":{"rendered":"https:\/\/www.europesays.com\/fr\/340408\/"},"modified":"2025-08-24T10:25:13","modified_gmt":"2025-08-24T10:25:13","slug":"adele-blanc-sec-les-aventures-dune-punk-badass-dans-le-paris-de-la-belle-epoque","status":"publish","type":"post","link":"https:\/\/www.europesays.com\/fr\/340408\/","title":{"rendered":"Ad\u00e8le Blanc-Sec, les aventures d\u2019une punk badass dans le Paris de la Belle \u00c9poque"},"content":{"rendered":"<p>Des ruelles obscures aux Grands Boulevards, un nom r\u00e9sonne dans le Paris du d\u00e9but du XXe\u00a0si\u00e8cle. Celui d\u2019Ad\u00e8le Blanc-Sec. Feuilletoniste qui \u00e9crit des romans policiers \u00e0 succ\u00e8s, cette romanci\u00e8re ne fait pas qu\u2019imaginer des aventures extraordinaires et des enqu\u00eates palpitantes, elle les vit. Et on peut dire qu\u2019elle n\u2019a pas froid aux yeux. <\/p>\n<p>Chasse aux dinosaures, poursuites de momies maudites ou encore traque <a href=\"https:\/\/www.humanite.fr\/politique\/autopsie-des-monstres-du-cinema\/cthulhu-limpuissance-de-lhomme-incarnee-dans-un-etre-de-cauchemar\" target=\"_blank\" rel=\"noopener\">de monstres \u00e0 la Cthulhu<\/a>, la jeune femme est pr\u00eate \u00e0 affronter tous les dangers. Imagin\u00e9e par <a href=\"https:\/\/www.humanite.fr\/culture-et-savoir\/bande-dessinee\/exposition-falaise-a-rendez-vous-avec-jacques-tardi\" target=\"_blank\" rel=\"noopener\">Jacques Tardi<\/a> dans les ann\u00e9es 1970, la vie d\u2019Ad\u00e8le n\u2019est pas un long fleuve tranquille. Bless\u00e9e \u00e0 de nombreuses reprises, la Parisienne c\u00f4toie la mort lors d\u2019une tentative d\u2019assassinat. <\/p>\n<p>Dans un&#8230;<\/p>\n","protected":false},"excerpt":{"rendered":"Des ruelles obscures aux Grands Boulevards, un nom r\u00e9sonne dans le Paris du d\u00e9but du XXe\u00a0si\u00e8cle. Celui d\u2019Ad\u00e8le&hellip;\n","protected":false},"author":2,"featured_media":340409,"comment_status":"","ping_status":"","sticky":false,"template":"","format":"standard","meta":{"footnotes":""},"categories":[1888],"tags":[11,47662,1777,674,1011,27,12152,47663,12,626,25],"class_list":{"0":"post-340408","1":"post","2":"type-post","3":"status-publish","4":"format-standard","5":"has-post-thumbnail","7":"category-paris","8":"tag-actualites","9":"tag-bande-dessinu00e9e","10":"tag-eu","11":"tag-europe","12":"tag-fr","13":"tag-france","14":"tag-fu00e9minisme","15":"tag-jacques-tardi","16":"tag-news","17":"tag-paris","18":"tag-republique-francaise"},"share_on_mastodon":{"url":"https:\/\/pubeurope.com\/@fr\/115083262350369977","error":""},"_links":{"self":[{"href":"https:\/\/www.europesays.com\/fr\/wp-json\/wp\/v2\/posts\/340408","targetHints":{"allow":["GET"]}}],"collection":[{"href":"https:\/\/www.europesays.com\/fr\/wp-json\/wp\/v2\/posts"}],"about":[{"href":"https:\/\/www.europesays.com\/fr\/wp-json\/wp\/v2\/types\/post"}],"author":[{"embeddable":true,"href":"https:\/\/www.europesays.com\/fr\/wp-json\/wp\/v2\/users\/2"}],"replies":[{"embeddable":true,"href":"https:\/\/www.europesays.com\/fr\/wp-json\/wp\/v2\/comments?post=340408"}],"version-history":[{"count":0,"href":"https:\/\/www.europesays.com\/fr\/wp-json\/wp\/v2\/posts\/340408\/revisions"}],"wp:featuredmedia":[{"embeddable":true,"href":"https:\/\/www.europesays.com\/fr\/wp-json\/wp\/v2\/media\/340409"}],"wp:attachment":[{"href":"https:\/\/www.europesays.com\/fr\/wp-json\/wp\/v2\/media?parent=340408"}],"wp:term":[{"taxonomy":"category","embeddable":true,"href":"https:\/\/www.europesays.com\/fr\/wp-json\/wp\/v2\/categories?post=340408"},{"taxonomy":"post_tag","embeddable":true,"href":"https:\/\/www.europesays.com\/fr\/wp-json\/wp\/v2\/tags?post=340408"}],"curies":[{"name":"wp","href":"https:\/\/api.w.org\/{rel}","templated":true}]}}