{"id":340411,"date":"2025-08-24T10:27:21","date_gmt":"2025-08-24T10:27:21","guid":{"rendered":"https:\/\/www.europesays.com\/fr\/340411\/"},"modified":"2025-08-24T10:27:21","modified_gmt":"2025-08-24T10:27:21","slug":"le-vice-president-italien-salvini-suggere-que-macron-aille-lui-meme-se-battre-en-ukraine-la-france-convoque-lambassadrice-liberation","status":"publish","type":"post","link":"https:\/\/www.europesays.com\/fr\/340411\/","title":{"rendered":"Le vice-pr\u00e9sident italien Salvini sugg\u00e8re que Macron \u00abaille lui-m\u00eame\u00bb se battre en Ukraine, la France convoque l\u2019ambassadrice \u2013 Lib\u00e9ration"},"content":{"rendered":"<p class=\"sc-ksZaOG ehjQrN text-element\">La France a convoqu\u00e9 l\u2019ambassadrice d\u2019Italie en France, Emanuela D\u2019Alessandro, \u00ab\u00e0 la suite des propos inacceptables\u00bb tenus par <a href=\"https:\/\/www.liberation.fr\/international\/europe\/six-ans-de-prison-requis-contre-matteo-salvini-pour-avoir-refuse-de-laisser-accoster-des-migrants-20240915_DQ3WJGQY3JFDFE2TXWJQNNAY5E\/\" target=\"_blank\" rel=\"noreferrer nofollow noopener\" title=\"https:\/\/www.liberation.fr\/international\/europe\/six-ans-de-prison-requis-contre-matteo-salvini-pour-avoir-refuse-de-laisser-accoster-des-migrants-20240915_DQ3WJGQY3JFDFE2TXWJQNNAY5E\/\">le vice-Premier ministre italien Matteo Salvini<\/a> \u00e0 l\u2019encontre du pr\u00e9sident Emmanuel Macron pour son soutien \u00e0 l\u2019envoi de troupes en Ukraine, a-t-on fait savoir vendredi 22 ao\u00fbt au soir des sources diplomatique.<\/p>\n<p class=\"sc-ksZaOG ehjQrN text-element\">\u00abIl a \u00e9t\u00e9 rappel\u00e9 \u00e0 l\u2019ambassadrice [convoqu\u00e9e jeudi, NDLR] que ces propos allaient \u00e0 l\u2019encontre du climat de confiance et de la relation historique entre nos deux pays mais aussi des r\u00e9cents d\u00e9veloppements bilat\u00e9raux, qui ont mis en \u00e9vidence des convergences fortes entre les deux pays, notamment s\u2019agissant du soutien sans faille \u00e0 l\u2019Ukraine\u00bb, a pr\u00e9cis\u00e9 une source diplomatique \u00e0 l\u2019AFP, confirmant une information de la radio <a href=\"https:\/\/www.franceinfo.fr\/monde\/europe\/manifestations-en-ukraine\/soutien-a-l-ukraine-l-ambassadrice-italienne-en-france-convoquee-au-quai-d-orsay-apres-des-propos-inacceptables-de-matteo-salvini-contre-emmanuel-macron_7449244.html\" target=\"_blank\" rel=\"noreferrer nofollow noopener\" title=\"https:\/\/www.franceinfo.fr\/monde\/europe\/manifestations-en-ukraine\/soutien-a-l-ukraine-l-ambassadrice-italienne-en-france-convoquee-au-quai-d-orsay-apres-des-propos-inacceptables-de-matteo-salvini-contre-emmanuel-macron_7449244.html\">France Inter<\/a>.<\/p>\n<p class=\"sc-ksZaOG ehjQrN text-element\">Interrog\u00e9 lors d\u2019un d\u00e9placement \u00e0 Milan sur un \u00e9ventuel d\u00e9ploiement de soldats italiens en Ukraine apr\u00e8s un arr\u00eat des hostilit\u00e9s, comme la France et le Royaume-Uni envisagent de le faire, <a href=\"https:\/\/www.liberation.fr\/planete\/2019\/04\/07\/matteo-salvini-l-irresistible-ascension-du-capitaine_1719959\/\" target=\"_blank\" rel=\"noreferrer nofollow noopener\" title=\"https:\/\/www.liberation.fr\/planete\/2019\/04\/07\/matteo-salvini-l-irresistible-ascension-du-capitaine_1719959\/\">Matteo Salvini<\/a> avait sugg\u00e9r\u00e9 qu\u2019Emmanuel Macron \u00aby aille lui-m\u00eame\u00bb en mettant un casque et prenant un fusil.<\/p>\n<p class=\"sc-ksZaOG ehjQrN text-element\">Le chef du parti antimigrants Lega, <a href=\"https:\/\/www.liberation.fr\/international\/europe\/reunis-a-florence-matteo-salvini-marine-le-pen-et-geert-wilders-veulent-lancer-leur-nouvelle-europe-20231127_QRD7MLFWMNGATDFQ4RWKIN75OE\/\" target=\"_blank\" rel=\"noreferrer nofollow noopener\" title=\"https:\/\/www.liberation.fr\/international\/europe\/reunis-a-florence-matteo-salvini-marine-le-pen-et-geert-wilders-veulent-lancer-leur-nouvelle-europe-20231127_QRD7MLFWMNGATDFQ4RWKIN75OE\/\">proche de la cheffe de l\u2019extr\u00eame droite fran\u00e7aise Marine Le Pen<\/a>, avait d\u00e9j\u00e0 qualifi\u00e9 en mars le pr\u00e9sident fran\u00e7ais de \u00abfou\u00bb, l\u2019accusant de pousser l\u2019Europe \u00e0 la guerre avec la Russie.<\/p>\n<p class=\"sc-ksZaOG ehjQrN text-element\">La France et le Royaume-Uni, qui ont pris la t\u00eate d\u2019une \u00abcoalition des volontaires\u00bb, envisagent de d\u00e9ployer des contingents en Ukraine comme garantie de s\u00e9curit\u00e9 pour pr\u00e9venir une reprise des hostilit\u00e9s une fois qu\u2019un cessez-le-feu ou un accord de paix aura \u00e9t\u00e9 conclu entre Kiev et Moscou.<\/p>\n<p class=\"sc-ksZaOG ehjQrN text-element\">La Premi\u00e8re ministre italienne Giorgia Meloni de son c\u00f4t\u00e9 s\u2019y refuse. Elle est toutefois une ferme soutien de Kyiv dans sa lutte contre l\u2019offensive russe \u00e0 grande \u00e9chelle lanc\u00e9e en f\u00e9vrier 2022. Elle fait partie des dirigeants europ\u00e9ens \u00e0 s\u2019\u00eatre rendus \u00e0 Washington en d\u00e9but de semaine pour soutenir Volodymyr Zelensky face \u00e0 Donald Trump.<\/p>\n","protected":false},"excerpt":{"rendered":"La France a convoqu\u00e9 l\u2019ambassadrice d\u2019Italie en France, Emanuela D\u2019Alessandro, \u00ab\u00e0 la suite des propos inacceptables\u00bb tenus par&hellip;\n","protected":false},"author":2,"featured_media":340412,"comment_status":"","ping_status":"","sticky":false,"template":"","format":"standard","meta":{"footnotes":""},"categories":[1590],"tags":[11,1777,674,1076,452,12,220],"class_list":{"0":"post-340411","1":"post","2":"type-post","3":"status-publish","4":"format-standard","5":"has-post-thumbnail","7":"category-ukraine","8":"tag-actualites","9":"tag-eu","10":"tag-europe","11":"tag-extreme-droite","12":"tag-italie","13":"tag-news","14":"tag-ukraine"},"share_on_mastodon":{"url":"https:\/\/pubeurope.com\/@fr\/115083270031518242","error":""},"_links":{"self":[{"href":"https:\/\/www.europesays.com\/fr\/wp-json\/wp\/v2\/posts\/340411","targetHints":{"allow":["GET"]}}],"collection":[{"href":"https:\/\/www.europesays.com\/fr\/wp-json\/wp\/v2\/posts"}],"about":[{"href":"https:\/\/www.europesays.com\/fr\/wp-json\/wp\/v2\/types\/post"}],"author":[{"embeddable":true,"href":"https:\/\/www.europesays.com\/fr\/wp-json\/wp\/v2\/users\/2"}],"replies":[{"embeddable":true,"href":"https:\/\/www.europesays.com\/fr\/wp-json\/wp\/v2\/comments?post=340411"}],"version-history":[{"count":0,"href":"https:\/\/www.europesays.com\/fr\/wp-json\/wp\/v2\/posts\/340411\/revisions"}],"wp:featuredmedia":[{"embeddable":true,"href":"https:\/\/www.europesays.com\/fr\/wp-json\/wp\/v2\/media\/340412"}],"wp:attachment":[{"href":"https:\/\/www.europesays.com\/fr\/wp-json\/wp\/v2\/media?parent=340411"}],"wp:term":[{"taxonomy":"category","embeddable":true,"href":"https:\/\/www.europesays.com\/fr\/wp-json\/wp\/v2\/categories?post=340411"},{"taxonomy":"post_tag","embeddable":true,"href":"https:\/\/www.europesays.com\/fr\/wp-json\/wp\/v2\/tags?post=340411"}],"curies":[{"name":"wp","href":"https:\/\/api.w.org\/{rel}","templated":true}]}}