{"id":340416,"date":"2025-08-24T10:32:31","date_gmt":"2025-08-24T10:32:31","guid":{"rendered":"https:\/\/www.europesays.com\/fr\/340416\/"},"modified":"2025-08-24T10:32:31","modified_gmt":"2025-08-24T10:32:31","slug":"malgre-un-nouveau-coup-dur-une-allemagne-seduisante-sur-le-papier-pour-leurobasket","status":"publish","type":"post","link":"https:\/\/www.europesays.com\/fr\/340416\/","title":{"rendered":"Malgr\u00e9 un nouveau coup dur, une Allemagne s\u00e9duisante sur le papier pour l&rsquo;EuroBasket"},"content":{"rendered":"<p>Champion du monde priv\u00e9 d\u2019une m\u00e9daille historique l\u2019an dernier aux Jeux Olympiques, troisi\u00e8me am\u00e8re lors de l\u2019\u00e9dition 2022 \u00e0 Berlin, l\u2019Allemagne voudra sa revanche \u00e0 l\u2019EuroBasket !<\/p>\n<p>Derri\u00e8re <a target=\"_blank\" rel=\"noopener nofollow\" href=\"https:\/\/www.bebasket.fr\/la-serbie-annonce-son-roster-final\">l\u2019incontestable favori serbe<\/a>, la Mannschaft fait figure d\u2019outsider n\u00b01 et l\u2019a encore prouv\u00e9 en dominant l\u2019Espagne \u00e0 Cologne (95-78).<\/p>\n<p>LIRE AUSSI<\/p>\n<p><a href=\"https:\/\/www.bebasket.fr\/en-raison-de-sa-couleur-de-peau-dennis-schroder-estime-quil-ne-sera-jamais-autant-adule-que-dirk-nowitzki\" rel=\"nofollow noopener\" target=\"_blank\"> <img decoding=\"async\" src=\"https:\/\/www.europesays.com\/fr\/wp-content\/uploads\/2025\/08\/53850733698-d38bd8135d-k-1f07eade-0bb9-623a-90de-f1cc56dc5ba2.jpg\" alt=\"schr\u00f6der\"\/> <\/a><\/p>\n<p>Apr\u00e8s cette nouvelle d\u00e9monstration, le s\u00e9lectionneur Alex Mumbru a livr\u00e9 sa liste de 12 pour le championnat d\u2019Europe. Avec un gros coup dur annonc\u00e9 en derni\u00e8re minute : l\u2019absence de <a target=\"_blank\" rel=\"noopener nofollow\" href=\"https:\/\/www.bebasket.fr\/joueur\/david-kramer\">David Kramer<\/a>, bloqu\u00e9 par le Real Madrid en raison d\u2019une blessure musculaire.<\/p>\n<p>\u00ab\u00a0C\u2019est une grosse perte pour nous\u00a0\u00bb, a indiqu\u00e9 le s\u00e9lectionneur.\u00a0\u00ab\u00a0David \u00e9tait cens\u00e9 tenir un r\u00f4le important dans l\u2019\u00e9quipe. Il faudra compenser son absence du mieux possible. Je suis d\u00e9sol\u00e9 pour lui, il aurait m\u00e9rit\u00e9 d\u2019\u00eatre l\u00e0.\u00a0\u00bb\u00a0<\/p>\n<p>Kramer rejoint notamment <a target=\"_blank\" rel=\"noopener nofollow\" href=\"https:\/\/www.bebasket.fr\/joueur\/moritz-wagner\">Moritz Wagner<\/a> et <a target=\"_blank\" rel=\"noopener nofollow\" href=\"https:\/\/www.bebasket.fr\/joueur\/nick-weiler-babb\">Nick Weiler-Babb<\/a> parmi la liste des absents. Pas de souci, en revanche, pour le genou de <a target=\"_blank\" rel=\"noopener nofollow\" href=\"https:\/\/www.bebasket.fr\/joueur\/daniel-theis\">Daniel Theis<\/a> : l\u2019int\u00e9rieur mon\u00e9gasque est dans le roster final. Tout comme les deux ex-parisiens champions de France, <a target=\"_blank\" rel=\"noopener nofollow\" href=\"https:\/\/www.bebasket.fr\/joueur\/maodo-lo\">Maodo L\u00f4<\/a> et\u00a0<a target=\"_blank\" rel=\"noopener nofollow\" href=\"https:\/\/www.bebasket.fr\/joueur\/leon-kratzer\">Leon Kratzer<\/a>.<\/p>\n<blockquote class=\"twitter-tweet\" data-width=\"550\" data-dnt=\"true\">\n<p lang=\"en\" dir=\"ltr\">Who can stop them from going all the way? \ud83e\udd75\ud83c\udde9\ud83c\uddea<a href=\"https:\/\/twitter.com\/hashtag\/EuroBasket?src=hash&amp;ref_src=twsrc%5Etfw\" rel=\"nofollow noopener\" target=\"_blank\">#EuroBasket<\/a> <a href=\"https:\/\/t.co\/q3z3gdp1Au\" rel=\"nofollow\">pic.twitter.com\/q3z3gdp1Au<\/a><\/p>\n<p>\u2014 FIBA EuroBasket (@EuroBasket) <a href=\"https:\/\/twitter.com\/EuroBasket\/status\/1959353473398415813?ref_src=twsrc%5Etfw\" rel=\"nofollow noopener\" target=\"_blank\">August 23, 2025<\/a><\/p>\n<\/blockquote>\n<p><strong>La liste de l\u2019Allemagne pour l\u2019EuroBasket :<\/strong><\/p>\n<ul>\n<li>Isaac Bonga<\/li>\n<li>Oscar Da Silva<\/li>\n<li>Tristan Da Silva<\/li>\n<li>Justus Hollatz<\/li>\n<li>Leon Kratzer<\/li>\n<li>Maodo L\u00f4<\/li>\n<li>Andreas Obst<\/li>\n<li>Dennis Schr\u00f6der<\/li>\n<li>Daniel Theis<\/li>\n<li>Johannes Thiemann<\/li>\n<li>Johannes Voigtmann<\/li>\n<li>Franz Wagner<\/li>\n<\/ul>\n<p><script async src=\"https:\/\/platform.twitter.com\/widgets.js\" charset=\"utf-8\"><\/script><\/p>\n","protected":false},"excerpt":{"rendered":"Champion du monde priv\u00e9 d\u2019une m\u00e9daille historique l\u2019an dernier aux Jeux Olympiques, troisi\u00e8me am\u00e8re lors de l\u2019\u00e9dition 2022&hellip;\n","protected":false},"author":2,"featured_media":340417,"comment_status":"","ping_status":"","sticky":false,"template":"","format":"standard","meta":{"footnotes":""},"categories":[1587],"tags":[11,672,1804,1805,1803,1777,674,1801,12,1802],"class_list":{"0":"post-340416","1":"post","2":"type-post","3":"status-publish","4":"format-standard","5":"has-post-thumbnail","7":"category-allemagne","8":"tag-actualites","9":"tag-allemagne","10":"tag-bundesrepublik-deutschland","11":"tag-de","12":"tag-deutschland","13":"tag-eu","14":"tag-europe","15":"tag-germany","16":"tag-news","17":"tag-republique-federale-dallemagne"},"share_on_mastodon":{"url":"https:\/\/pubeurope.com\/@fr\/115083290294945897","error":""},"_links":{"self":[{"href":"https:\/\/www.europesays.com\/fr\/wp-json\/wp\/v2\/posts\/340416","targetHints":{"allow":["GET"]}}],"collection":[{"href":"https:\/\/www.europesays.com\/fr\/wp-json\/wp\/v2\/posts"}],"about":[{"href":"https:\/\/www.europesays.com\/fr\/wp-json\/wp\/v2\/types\/post"}],"author":[{"embeddable":true,"href":"https:\/\/www.europesays.com\/fr\/wp-json\/wp\/v2\/users\/2"}],"replies":[{"embeddable":true,"href":"https:\/\/www.europesays.com\/fr\/wp-json\/wp\/v2\/comments?post=340416"}],"version-history":[{"count":0,"href":"https:\/\/www.europesays.com\/fr\/wp-json\/wp\/v2\/posts\/340416\/revisions"}],"wp:featuredmedia":[{"embeddable":true,"href":"https:\/\/www.europesays.com\/fr\/wp-json\/wp\/v2\/media\/340417"}],"wp:attachment":[{"href":"https:\/\/www.europesays.com\/fr\/wp-json\/wp\/v2\/media?parent=340416"}],"wp:term":[{"taxonomy":"category","embeddable":true,"href":"https:\/\/www.europesays.com\/fr\/wp-json\/wp\/v2\/categories?post=340416"},{"taxonomy":"post_tag","embeddable":true,"href":"https:\/\/www.europesays.com\/fr\/wp-json\/wp\/v2\/tags?post=340416"}],"curies":[{"name":"wp","href":"https:\/\/api.w.org\/{rel}","templated":true}]}}