{"id":340432,"date":"2025-08-24T10:45:15","date_gmt":"2025-08-24T10:45:15","guid":{"rendered":"https:\/\/www.europesays.com\/fr\/340432\/"},"modified":"2025-08-24T10:45:15","modified_gmt":"2025-08-24T10:45:15","slug":"motogp-hongrie-marquez-retrouve-la-pole-position-au-balaton-park","status":"publish","type":"post","link":"https:\/\/www.europesays.com\/fr\/340432\/","title":{"rendered":"MotoGP Hongrie : Marquez retrouve la pole position au Balaton Park"},"content":{"rendered":"\n<p><strong>Si Marc Marquez est impressionnant cette ann\u00e9e, en particulier dans l\u2019exercice du sprint (il n\u2019en a laiss\u00e9 qu\u2019un seul \u00e0 un adversaire depuis le d\u00e9but de la saison) mais aussi sur les courses du dimanche (neuf victoires en treize courses, dont les six derni\u00e8res), l\u2019ogre espagnol n\u2019avait sign\u00e9 que trois poles positions sur les neuf derni\u00e8res courses (Aragon, Allemagne et Italie). Les deux derni\u00e8res \u00e9taient revenues aux Italiens Pecco Bagnaia en R\u00e9publique Tch\u00e8que et Marco Bezzecchi en Autriche, mais Marc Marquez a rectifi\u00e9 le tir avec la mani\u00e8re sur le nouveau circuit hongrois du Balaton Park.<\/strong><\/p>\n<p><img loading=\"lazy\" decoding=\"async\" aria-describedby=\"caption-attachment-708672\" class=\"wp-image-708672 size-full\" src=\"https:\/\/www.europesays.com\/fr\/wp-content\/uploads\/2025\/08\/GnG_1255649_HiRes.jpg\" alt=\"\" width=\"1280\" height=\"853\"  \/><\/p>\n<p id=\"caption-attachment-708672\" class=\"wp-caption-text\">Marc Marquez signe en Hongrie la 73e pole de sa carri\u00e8re en MotoGP<\/p>\n<p>C\u2019est avec plus d\u2019un quart de seconde sur Bezzecchi que Marquez a boucl\u00e9 le tour le plus rapide de la Q2, fixant une r\u00e9f\u00e9rence du trac\u00e9 hongrois en 1\u201936.718 et signant ainsi sa 8e pole de la saison (il avait d\u00e9marr\u00e9 fort avec les quatre premi\u00e8res). Au c\u00f4t\u00e9 de Bezzecchi et de son Aprilia \u2013 rescap\u00e9s de la Q1 \u2013 pour compl\u00e9ter la premi\u00e8re ligne, Fabio Di Giannantonio a frapp\u00e9 fort et place une deuxi\u00e8me Ducati en pointe.<\/p>\n<p>Deux autres Italiens arrivent en deuxi\u00e8me ligne avec Bastianini sur sa KTM et Morbidelli, devant un Fabio <strong>Quartararo toujours efficace dans l\u2019exercice du chrono (quatre pole cette saison), qui compl\u00e8te la deuxi\u00e8me ligne avec le 6e chrono<\/strong>. Le Fran\u00e7ais aura \u00e0 coeur de faire oublier l\u2019\u00e9pisode autrichien, o\u00f9 les quatre Yamaha ont termin\u00e9 en queue de peloton, ce que tous les repr\u00e9sentants de la marque japonaise \u00a0ont v\u00e9cu comme un camouflet.\u00a0<\/p>\n<p><strong>Zarco, Bagnaia et Alex marquez hors de la Q2<\/strong><\/p>\n<p>Deux des animateurs du grand Prix d\u2019Autriche,<strong> les Espagnols Pedro Acosta et Fermin Aldeguer, sont plac\u00e9s en troisi\u00e8me ligne<\/strong>, avec \u00e0 leurs c\u00f4t\u00e9s Luca Marini, premier repr\u00e9sentant de la marque Honda, 9e. Joan Mir, \u00e9galement qualifi\u00e9 en Q2, partira juste derri\u00e8re, 10e, alors que le meilleur pilote Honda au classement, Johann Zarco, enregistre de son c\u00f4t\u00e9 une contre-performance, seulement 18e sur la grille de d\u00e9part.\u00a0<\/p>\n<p>Autres d\u00e9\u00e7us des qualifications en Hongrie, Pecco Bagnaia qui a \u00e9chou\u00e9 \u00e0 se qualifier en Q2 et Alex Marquez, respectivement 13e et 14e au d\u00e9part du Grand Prix de Hongrie.\u00a0<\/p>\n","protected":false},"excerpt":{"rendered":"Si Marc Marquez est impressionnant cette ann\u00e9e, en particulier dans l\u2019exercice du sprint (il n\u2019en a laiss\u00e9 qu\u2019un&hellip;\n","protected":false},"author":2,"featured_media":340433,"comment_status":"","ping_status":"","sticky":false,"template":"","format":"standard","meta":{"footnotes":""},"categories":[1413],"tags":[1011,27,1457,1456,60],"class_list":{"0":"post-340432","1":"post","2":"type-post","3":"status-publish","4":"format-standard","5":"has-post-thumbnail","7":"category-moto","8":"tag-fr","9":"tag-france","10":"tag-moto","11":"tag-motocycle","12":"tag-sports"},"share_on_mastodon":{"url":"https:\/\/pubeurope.com\/@fr\/115083340984603472","error":""},"_links":{"self":[{"href":"https:\/\/www.europesays.com\/fr\/wp-json\/wp\/v2\/posts\/340432","targetHints":{"allow":["GET"]}}],"collection":[{"href":"https:\/\/www.europesays.com\/fr\/wp-json\/wp\/v2\/posts"}],"about":[{"href":"https:\/\/www.europesays.com\/fr\/wp-json\/wp\/v2\/types\/post"}],"author":[{"embeddable":true,"href":"https:\/\/www.europesays.com\/fr\/wp-json\/wp\/v2\/users\/2"}],"replies":[{"embeddable":true,"href":"https:\/\/www.europesays.com\/fr\/wp-json\/wp\/v2\/comments?post=340432"}],"version-history":[{"count":0,"href":"https:\/\/www.europesays.com\/fr\/wp-json\/wp\/v2\/posts\/340432\/revisions"}],"wp:featuredmedia":[{"embeddable":true,"href":"https:\/\/www.europesays.com\/fr\/wp-json\/wp\/v2\/media\/340433"}],"wp:attachment":[{"href":"https:\/\/www.europesays.com\/fr\/wp-json\/wp\/v2\/media?parent=340432"}],"wp:term":[{"taxonomy":"category","embeddable":true,"href":"https:\/\/www.europesays.com\/fr\/wp-json\/wp\/v2\/categories?post=340432"},{"taxonomy":"post_tag","embeddable":true,"href":"https:\/\/www.europesays.com\/fr\/wp-json\/wp\/v2\/tags?post=340432"}],"curies":[{"name":"wp","href":"https:\/\/api.w.org\/{rel}","templated":true}]}}