{"id":340434,"date":"2025-08-24T10:46:12","date_gmt":"2025-08-24T10:46:12","guid":{"rendered":"https:\/\/www.europesays.com\/fr\/340434\/"},"modified":"2025-08-24T10:46:12","modified_gmt":"2025-08-24T10:46:12","slug":"prochaine-edition-en-2029-avec-une-expansion-probable-du-nombre-dequipes","status":"publish","type":"post","link":"https:\/\/www.europesays.com\/fr\/340434\/","title":{"rendered":"prochaine \u00e9dition en 2029 avec une expansion probable du nombre d\u2019\u00e9quipes"},"content":{"rendered":"<p>Vainqueur de la derni\u00e8re Coupe du monde des clubs, Chelsea va pouvoir d\u00e9fendre son titre. La prochaine \u00e9dition se d\u00e9roulera en 2029.<\/p>\n<p class=\"fig-paragraph\">La prochaine\u00a0<a href=\"http:\/\/www.lefigaro.fr\/sports\/football\/que-faisait-le-trophee-de-la-coupe-du-monde-des-clubs-dans-le-bureau-ovale-lors-du-sommet-entre-tump-et-les-europeens-20250821\" data-fig-type=\"NewsFlash\" data-gtm-custom-categorie=\"navigation\" data-gtm-custom-action=\"crossclick\" data-gtm-custom-label=\"Contextuel\" data-gtm-event=\"customEventSPE\" data-fig-domain=\"LEFIGARO\" target=\"_blank\" rel=\"noopener\">Coupe du monde des clubs\u00a0<\/a>aura bien lieu en 2029. En effet, la FIFA a annonc\u00e9 cette d\u00e9cision, expliquant par la m\u00eame occasion que la prochaine \u00e9dition accueillera plus de clubs. Cependant, le Qatar semble contraint \u00e0 c\u00e9der l\u2019organisation de la comp\u00e9tition.<\/p>\n<p class=\"fig-paragraph\">En effet, la FIFA a connu une grosse pression des grands clubs pour \u00e9tendre l<a href=\"http:\/\/www.lefigaro.fr\/sports\/football\/coupe-du-monde\/coupe-du-monde-des-clubs-psg-le-match-de-trop-apres-une-saison-de-fou-20250715\" data-fig-type=\"NewsFlash\" data-gtm-custom-categorie=\"navigation\" data-gtm-custom-action=\"crossclick\" data-gtm-custom-label=\"Contextuel\" data-gtm-event=\"customEventSPE\" data-fig-domain=\"LEFIGARO\" target=\"_blank\" rel=\"noopener\">a Coupe du Monde des clubs\u00a0<\/a>\u00e0 48 \u00e9quipes. Si la FIFA semble avoir indiqu\u00e9 qu\u2019une certaine expansion \u00e9tait probable pour 2029, le passage au mod\u00e8le \u00e0 48 \u00e9quipes, qui sera utilis\u00e9 pour la premi\u00e8re fois lors de la Coupe du Monde masculine l\u2019ann\u00e9e prochaine, n\u2019est pas garanti \u00e0 100 %.<\/p>\n<p>                                    <a class=\"fig-a11y-skip a11y-hidden\" href=\"#fig-a11y-skip-main-inarticle\"><br \/>\n        Passer la publicit\u00e9<br \/>\n    <\/a><\/p>\n<p class=\"fig-paragraph\">La FIFA envisage donc une alternative bas\u00e9e sur une s\u00e9rie de barrages qualificatifs qui se d\u00e9rouleraient une semaine avant le d\u00e9but de la comp\u00e9tition. Affaire \u00e0 suivre.<\/p>\n","protected":false},"excerpt":{"rendered":"Vainqueur de la derni\u00e8re Coupe du monde des clubs, Chelsea va pouvoir d\u00e9fendre son titre. La prochaine \u00e9dition&hellip;\n","protected":false},"author":2,"featured_media":340435,"comment_status":"","ping_status":"","sticky":false,"template":"","format":"standard","meta":{"footnotes":""},"categories":[1412],"tags":[7151,1451,1452,1453,1454,1455,1011,27,60],"class_list":{"0":"post-340434","1":"post","2":"type-post","3":"status-publish","4":"format-standard","5":"has-post-thumbnail","7":"category-f1","8":"tag-coupe-du-monde-des-clubs","9":"tag-f1","10":"tag-formula-1","11":"tag-formula1","12":"tag-formule-1","13":"tag-formule1","14":"tag-fr","15":"tag-france","16":"tag-sports"},"share_on_mastodon":{"url":"https:\/\/pubeurope.com\/@fr\/115083344803481092","error":""},"_links":{"self":[{"href":"https:\/\/www.europesays.com\/fr\/wp-json\/wp\/v2\/posts\/340434","targetHints":{"allow":["GET"]}}],"collection":[{"href":"https:\/\/www.europesays.com\/fr\/wp-json\/wp\/v2\/posts"}],"about":[{"href":"https:\/\/www.europesays.com\/fr\/wp-json\/wp\/v2\/types\/post"}],"author":[{"embeddable":true,"href":"https:\/\/www.europesays.com\/fr\/wp-json\/wp\/v2\/users\/2"}],"replies":[{"embeddable":true,"href":"https:\/\/www.europesays.com\/fr\/wp-json\/wp\/v2\/comments?post=340434"}],"version-history":[{"count":0,"href":"https:\/\/www.europesays.com\/fr\/wp-json\/wp\/v2\/posts\/340434\/revisions"}],"wp:featuredmedia":[{"embeddable":true,"href":"https:\/\/www.europesays.com\/fr\/wp-json\/wp\/v2\/media\/340435"}],"wp:attachment":[{"href":"https:\/\/www.europesays.com\/fr\/wp-json\/wp\/v2\/media?parent=340434"}],"wp:term":[{"taxonomy":"category","embeddable":true,"href":"https:\/\/www.europesays.com\/fr\/wp-json\/wp\/v2\/categories?post=340434"},{"taxonomy":"post_tag","embeddable":true,"href":"https:\/\/www.europesays.com\/fr\/wp-json\/wp\/v2\/tags?post=340434"}],"curies":[{"name":"wp","href":"https:\/\/api.w.org\/{rel}","templated":true}]}}