{"id":340436,"date":"2025-08-24T10:47:12","date_gmt":"2025-08-24T10:47:12","guid":{"rendered":"https:\/\/www.europesays.com\/fr\/340436\/"},"modified":"2025-08-24T10:47:12","modified_gmt":"2025-08-24T10:47:12","slug":"cest-quoi-le-gravel-la-discipline-ou-brille-desormais-romain-bardet","status":"publish","type":"post","link":"https:\/\/www.europesays.com\/fr\/340436\/","title":{"rendered":"C&rsquo;est quoi le gravel, la discipline o\u00f9 brille d\u00e9sormais Romain Bardet\u00a0?"},"content":{"rendered":"<p>Pour Bardet, une \u00ab\u00a0bonne mise en route\u00a0\u00bb en Su\u00e8de avant la victoire en Italie<\/p>\n<p>\u00ab\u00a0En Su\u00e8de, Bardet (10e) \u00e9tait d\u00e9j\u00e0 fort, a observ\u00e9 Erwann Guenneugues, 19e. Il a essay\u00e9 plusieurs coups de force en solitaire mais il se retrouvait \u00e0 toujours emmener du monde dans la roue et \u00e7a revenait de derri\u00e8re car l&rsquo;aspiration avait une grande influence. Je pense que \u00e7&rsquo;a \u00e9t\u00e9 une bonne exp\u00e9rience pour lui mais il a d\u00fb \u00eatre surpris de voir que m\u00eame quand tu ne connais pas les mecs autour de toi, ce n&rsquo;est pas si simple de les d\u00e9crocher. Je finis par exemple dans la m\u00eame minute que lui, c&rsquo;est int\u00e9ressant de se rendre compte que ces gars-l\u00e0 sont humains\u00a0!<br \/>Et il semblerait que lui aussi a appr\u00e9ci\u00e9 son moment, il est venu avec sa femme et son fils, a lou\u00e9 un truc typiquement su\u00e9dois dans la campagne&#8230; C&rsquo;\u00e9tait un voyage de famille et une bonne mise en route. Et apr\u00e8s, \u00e0 La Monsterrando, d\u00e8s qu&rsquo;il a \u00e9t\u00e9 temps de faire parler son niveau pur sur un parcours plus cassant, personne n&rsquo;a pu suivre.\u00a0\u00bb<\/p>\n","protected":false},"excerpt":{"rendered":"Pour Bardet, une \u00ab\u00a0bonne mise en route\u00a0\u00bb en Su\u00e8de avant la victoire en Italie \u00ab\u00a0En Su\u00e8de, Bardet (10e)&hellip;\n","protected":false},"author":2,"featured_media":340437,"comment_status":"","ping_status":"","sticky":false,"template":"","format":"standard","meta":{"footnotes":""},"categories":[1411],"tags":[1154,207,1011,27,60],"class_list":{"0":"post-340436","1":"post","2":"type-post","3":"status-publish","4":"format-standard","5":"has-post-thumbnail","7":"category-cyclisme","8":"tag-cycling","9":"tag-cyclisme","10":"tag-fr","11":"tag-france","12":"tag-sports"},"share_on_mastodon":{"url":"https:\/\/pubeurope.com\/@fr\/115083348811556100","error":""},"_links":{"self":[{"href":"https:\/\/www.europesays.com\/fr\/wp-json\/wp\/v2\/posts\/340436","targetHints":{"allow":["GET"]}}],"collection":[{"href":"https:\/\/www.europesays.com\/fr\/wp-json\/wp\/v2\/posts"}],"about":[{"href":"https:\/\/www.europesays.com\/fr\/wp-json\/wp\/v2\/types\/post"}],"author":[{"embeddable":true,"href":"https:\/\/www.europesays.com\/fr\/wp-json\/wp\/v2\/users\/2"}],"replies":[{"embeddable":true,"href":"https:\/\/www.europesays.com\/fr\/wp-json\/wp\/v2\/comments?post=340436"}],"version-history":[{"count":0,"href":"https:\/\/www.europesays.com\/fr\/wp-json\/wp\/v2\/posts\/340436\/revisions"}],"wp:featuredmedia":[{"embeddable":true,"href":"https:\/\/www.europesays.com\/fr\/wp-json\/wp\/v2\/media\/340437"}],"wp:attachment":[{"href":"https:\/\/www.europesays.com\/fr\/wp-json\/wp\/v2\/media?parent=340436"}],"wp:term":[{"taxonomy":"category","embeddable":true,"href":"https:\/\/www.europesays.com\/fr\/wp-json\/wp\/v2\/categories?post=340436"},{"taxonomy":"post_tag","embeddable":true,"href":"https:\/\/www.europesays.com\/fr\/wp-json\/wp\/v2\/tags?post=340436"}],"curies":[{"name":"wp","href":"https:\/\/api.w.org\/{rel}","templated":true}]}}